{"id":89293,"date":"2025-11-27T13:55:50","date_gmt":"2025-11-27T12:55:50","guid":{"rendered":"https:\/\/infotorrent.es\/?p=89293"},"modified":"2025-11-27T14:01:53","modified_gmt":"2025-11-27T13:01:53","slug":"torrent-finalitza-les-obres-de-modernitzacio-del-mercat-sant-gregori","status":"publish","type":"post","link":"https:\/\/infotorrent.es\/ca\/comercio-mercados-y-empleo-ca\/torrent-finalitza-les-obres-de-modernitzacio-del-mercat-sant-gregori\/","title":{"rendered":"Torrent finalitza les obres de modernitzaci\u00f3 del Mercat Sant Gregori"},"content":{"rendered":"\n<p><strong>L&#8217;Ajuntament invertix en el futur del Mercat Sant Gregori, motor econ\u00f2mic i social del barri de l&#8217;Eixample. Un Mercat, m\u00e9s accessible, m\u00e9s llumin\u00f3s i m\u00e9s sostenible<\/strong><\/p>\n\n\n\n<p><strong>L&#8217;alcaldessa que ha visitat el Mercat, ha destacat la import\u00e0ncia de la modernitzaci\u00f3 del recinte per al comer\u00e7 de proximitat, la vida del barri i la cohesi\u00f3 social de la ciutat<\/strong><\/p>\n\n\n\n<p>L&#8217;alcaldessa de Torrent, Amparo Folgado, ha visitat este mat\u00ed la finalitzaci\u00f3 de les obres de renovaci\u00f3 i modernitzaci\u00f3 del Mercat Sant Gregori, un espai emblem\u00e0tic del barri de l&#8217;Eixample, que complix 70 anys, que ha culminat el seu proc\u00e9s de renovaci\u00f3 integral despr\u00e9s de diversos mesos de treballs. Durant la visita, l&#8217;alcaldessa, acompanyada per Isabel S\u00e1nchez, gerent d&#8217;IDEA\u2019T (empresa municipal d&#8217;Innovaci\u00f3 i Desenrotllament Econ\u00f2mic Actiu de Torrent) i Vicente Ferrer, Cap del Servici T\u00e8cnic d&#8217;Edificis Municipals i Brigades, ha recorregut les noves instal\u00b7lacions i els llocs de venda, destacant la import\u00e0ncia d&#8217;esta intervenci\u00f3&nbsp;<strong>\u201cper a revitalitzar el comer\u00e7 de proximitat, millorar la vida del barri i continuar enfortint la cohesi\u00f3 social de la nostra ciutat\u201d.<\/strong><\/p>\n\n\n\n<p><strong>\u201cHui no sols visitem un mercat renovat, sin\u00f3 que celebrem la for\u00e7a de Torrent i dels seus ve\u00efns per a mantindre vives les nostres tradicions adaptant-les als nous temps. Este mercat \u00e9s molt m\u00e9s que un lloc de compra: \u00e9s un punt de trobada, de conviv\u00e8ncia i de futur per al barri de l&#8217;Eixample i per a tota la ciutat\u201d<\/strong>, ha afirmat l&#8217;alcaldessa durant la seua intervenci\u00f3.<\/p>\n\n\n\n<p><strong>Una modernitzaci\u00f3 amb vocaci\u00f3 de futur<\/strong><\/p>\n\n\n\n<p>El Mercat Sant Gregori afronta ara una nova etapa despr\u00e9s de les obres que han suposat la modernitzaci\u00f3 de m\u00e9s de 330 m\u00b2 de superf\u00edcie comercial. Les actuacions han incl\u00f2s la renovaci\u00f3 completa de paviments, falsos sostres i instal\u00b7lacions el\u00e8ctriques; la substituci\u00f3 de fusteries met\u00e0l\u00b7liques i elements deteriorats; la pintura integral de parets i columnes; la millora d&#8217;accessos amb rampes adaptades al carrer Pintor Renau i la instal\u00b7laci\u00f3 d&#8217;il\u00b7luminaci\u00f3 LED de baix consum.<\/p>\n\n\n\n<p>As\u00edmismo, s&#8217;ha creat un Coffee Corner, una zona de descans al costat de l&#8217;espai cultural, que oferir\u00e0 als visitants un lloc per a socialitzar i gaudir del mercat m\u00e9s enll\u00e0 de les compres.<\/p>\n\n\n\n<p>L&#8217;alcaldessa Folgado ha subratllat que estes millores&nbsp;<strong>\u201chan sigut dissenyades pensant en les necessitats dels comerciants, en la seguretat i comoditat dels clients i en la sostenibilitat de les instal\u00b7lacions, que ara estan preparades per a molts anys m\u00e9s de servici a la ciutat\u201d.<\/strong><\/p>\n\n\n\n<p>A mitjan setembre, i fruit del comprom\u00eds adquirit per l&#8217;Ajuntament amb els comerciants, els llocs del mercat ja van poder reobrir els seus locals per a atendre els clients, garantint aix\u00ed la continu\u00eftat del servici durant la fase final dels treballs i facilitant que l&#8217;activitat comercial no es vera interrompuda.<\/p>\n\n\n\n<p><strong>El mercat com a motor social i econ\u00f2mic<\/strong><\/p>\n\n\n\n<p>El Mercat Sant Gregori ha estat sempre lligat al desenrotllament del barri de l&#8217;Eixample i a la vida quotidiana de milers de torrentinos. Des de 1955, la seua activitat ha representat l&#8217;ess\u00e8ncia del comer\u00e7 de proximitat, el tracte pr\u00f2xim i la qualitat dels productes.<\/p>\n\n\n\n<p>Amb la seua reforma, l&#8217;Ajuntament refor\u00e7a la seua aposta per dinamitzar l&#8217;economia local i per fer costat als comerciants, que han trobat en esta remodelaci\u00f3 una resposta a una demanda hist\u00f2rica. \u201cEls mercats municipals s\u00f3n motors de l&#8217;economia de proximitat, generen ocupaci\u00f3, fomenten el consum responsable i contribu\u00efxen a mantindre la vida en els barris\u201d, ha assenyalat Folgado, qui tamb\u00e9 ha volgut agrair \u201cl&#8217;esfor\u00e7 i la paci\u00e8ncia dels comerciants i dels clients durant els mesos d&#8217;obres\u201d.<\/p>\n\n\n\n<p><strong>Un barri en transformaci\u00f3<\/strong><\/p>\n\n\n\n<p>La modernitzaci\u00f3 del Mercat Sant Gregori se suma a la consolidaci\u00f3 de l\u2019Espai Sant Gregori com a centre cultural del barri des de la seua obertura al desembre de 2023. Els dos espais es complementen, integrant cultura, comer\u00e7 i vida ve\u00efnal en un mateix entorn.<\/p>\n\n\n\n<p>L&#8217;alcaldessa ha afirmat que&nbsp;<strong>\u201camb la renovaci\u00f3 d&#8217;este mercat i el dinamisme cultural que aporta l\u2019Espai Sant Gregori, el barri de l&#8217;Eixample es convertix en un punt de refer\u00e8ncia no sols per a Torrent, sin\u00f3 per a tot el nostre entorn metropolit\u00e0\u201d.<\/strong><\/p>\n\n\n\n<p>Aix\u00ed mateix, l&#8217;alcaldessa ha recordat, el Mercat Sant Gregori \u00e9s tamb\u00e9 escenari de conviv\u00e8ncia i trobada amb la celebraci\u00f3 dels balls de majors, una de les activitats m\u00e9s estimades pels ve\u00efns, que se celebrar\u00e0 cada divendres a la vesprada en este espai recentment renovat.<\/p>\n\n\n\n<p><strong>Orgull compartit amb els ve\u00efns<\/strong><\/p>\n\n\n\n<p>Durant la seua visita, la primera edil ha recorregut els llocs al costat de comerciants i ve\u00efns, interessant-se per les novetats que oferiran els venedors i compartint amb ells impressions sobre les millores del recinte. Els assistents han coincidit a assenyalar que el nou mercat \u00e9s ara m\u00e9s llumin\u00f3s, accessible i acollidor.<\/p>\n\n\n\n<p>Folgado ha volgut remarcar que esta intervenci\u00f3&nbsp;<strong>\u201c\u00e9s fruit d&#8217;un comprom\u00eds ferm amb els ve\u00efns del barri i amb tots els torrentinos que han fet d&#8217;este mercat partix del seu dia a dia. Modernitzem les instal\u00b7lacions, per\u00f2 preservem el m\u00e9s important: l&#8217;ess\u00e8ncia de proximitat, proximitat i confian\u00e7a que sempre ha caracteritzat al Mercat Sant Gregori\u201d.<\/strong><\/p>\n\n\n\n<p><strong>Un s\u00edmbol que continua escrivint hist\u00f2ria<\/strong><\/p>\n\n\n\n<p>La reobertura del Mercat Sant Gregori coincidix amb la commemoraci\u00f3 del seu 70 aniversari, una fita que refor\u00e7a el vincle hist\u00f2ric d&#8217;este espai amb la ciutat. \u201cSant Gregori \u00e9s mem\u00f2ria, \u00e9s present i \u00e9s futur. \u00c9s un emblema que ha acompanyat a diverses generacions i que hui, amb m\u00e9s for\u00e7a que mai, es projecta cap a les pr\u00f2ximes\u201d, ha concl\u00f2s l&#8217;alcaldessa.<\/p>\n\n\n\n<figure class=\"wp-block-image size-large\"><img fetchpriority=\"high\" decoding=\"async\" width=\"1024\" height=\"682\" src=\"https:\/\/infotorrent.es\/wp-content\/uploads\/2025\/11\/4-9-1024x682.jpeg\" alt=\"\" class=\"wp-image-89278\" srcset=\"https:\/\/infotorrent.es\/wp-content\/uploads\/2025\/11\/4-9-1024x682.jpeg 1024w, https:\/\/infotorrent.es\/wp-content\/uploads\/2025\/11\/4-9-300x200.jpeg 300w, https:\/\/infotorrent.es\/wp-content\/uploads\/2025\/11\/4-9-768x512.jpeg 768w, https:\/\/infotorrent.es\/wp-content\/uploads\/2025\/11\/4-9-1536x1023.jpeg 1536w, https:\/\/infotorrent.es\/wp-content\/uploads\/2025\/11\/4-9.jpeg 1600w\" sizes=\"(max-width: 1024px) 100vw, 1024px\" \/><\/figure>\n\n\n\n<figure class=\"wp-block-gallery has-nested-images columns-default is-cropped wp-block-gallery-1 is-layout-flex wp-block-gallery-is-layout-flex\">\n<figure class=\"wp-block-image size-large\"><img decoding=\"async\" width=\"1024\" height=\"682\" data-id=\"89280\" src=\"https:\/\/infotorrent.es\/wp-content\/uploads\/2025\/11\/6-6-1-1024x682.jpeg\" alt=\"\" class=\"wp-image-89280\" srcset=\"https:\/\/infotorrent.es\/wp-content\/uploads\/2025\/11\/6-6-1-1024x682.jpeg 1024w, https:\/\/infotorrent.es\/wp-content\/uploads\/2025\/11\/6-6-1-300x200.jpeg 300w, https:\/\/infotorrent.es\/wp-content\/uploads\/2025\/11\/6-6-1-768x512.jpeg 768w, https:\/\/infotorrent.es\/wp-content\/uploads\/2025\/11\/6-6-1-1536x1023.jpeg 1536w, https:\/\/infotorrent.es\/wp-content\/uploads\/2025\/11\/6-6-1.jpeg 1600w\" sizes=\"(max-width: 1024px) 100vw, 1024px\" \/><\/figure>\n\n\n\n<figure class=\"wp-block-image size-large\"><img decoding=\"async\" width=\"1024\" height=\"682\" data-id=\"89282\" src=\"https:\/\/infotorrent.es\/wp-content\/uploads\/2025\/11\/1-15-1024x682.jpeg\" alt=\"\" class=\"wp-image-89282\" srcset=\"https:\/\/infotorrent.es\/wp-content\/uploads\/2025\/11\/1-15-1024x682.jpeg 1024w, https:\/\/infotorrent.es\/wp-content\/uploads\/2025\/11\/1-15-300x200.jpeg 300w, https:\/\/infotorrent.es\/wp-content\/uploads\/2025\/11\/1-15-768x512.jpeg 768w, https:\/\/infotorrent.es\/wp-content\/uploads\/2025\/11\/1-15-1536x1023.jpeg 1536w, https:\/\/infotorrent.es\/wp-content\/uploads\/2025\/11\/1-15.jpeg 1600w\" sizes=\"(max-width: 1024px) 100vw, 1024px\" \/><\/figure>\n\n\n\n<figure class=\"wp-block-image size-large\"><img loading=\"lazy\" decoding=\"async\" width=\"1024\" height=\"682\" data-id=\"89284\" src=\"https:\/\/infotorrent.es\/wp-content\/uploads\/2025\/11\/5-6-1-1024x682.jpeg\" alt=\"\" class=\"wp-image-89284\" srcset=\"https:\/\/infotorrent.es\/wp-content\/uploads\/2025\/11\/5-6-1-1024x682.jpeg 1024w, https:\/\/infotorrent.es\/wp-content\/uploads\/2025\/11\/5-6-1-300x200.jpeg 300w, https:\/\/infotorrent.es\/wp-content\/uploads\/2025\/11\/5-6-1-768x512.jpeg 768w, https:\/\/infotorrent.es\/wp-content\/uploads\/2025\/11\/5-6-1-1536x1023.jpeg 1536w, https:\/\/infotorrent.es\/wp-content\/uploads\/2025\/11\/5-6-1.jpeg 1600w\" sizes=\"(max-width: 1024px) 100vw, 1024px\" \/><\/figure>\n\n\n\n<figure class=\"wp-block-image size-large\"><img loading=\"lazy\" decoding=\"async\" width=\"1024\" height=\"682\" data-id=\"89286\" src=\"https:\/\/infotorrent.es\/wp-content\/uploads\/2025\/11\/7-3-1024x682.jpeg\" alt=\"\" class=\"wp-image-89286\" srcset=\"https:\/\/infotorrent.es\/wp-content\/uploads\/2025\/11\/7-3-1024x682.jpeg 1024w, https:\/\/infotorrent.es\/wp-content\/uploads\/2025\/11\/7-3-300x200.jpeg 300w, https:\/\/infotorrent.es\/wp-content\/uploads\/2025\/11\/7-3-768x512.jpeg 768w, https:\/\/infotorrent.es\/wp-content\/uploads\/2025\/11\/7-3-1536x1023.jpeg 1536w, https:\/\/infotorrent.es\/wp-content\/uploads\/2025\/11\/7-3.jpeg 1600w\" sizes=\"(max-width: 1024px) 100vw, 1024px\" \/><\/figure>\n\n\n\n<figure class=\"wp-block-image size-large\"><img loading=\"lazy\" decoding=\"async\" width=\"1024\" height=\"682\" data-id=\"89288\" src=\"https:\/\/infotorrent.es\/wp-content\/uploads\/2025\/11\/2-14-1-1024x682.jpeg\" alt=\"\" class=\"wp-image-89288\" srcset=\"https:\/\/infotorrent.es\/wp-content\/uploads\/2025\/11\/2-14-1-1024x682.jpeg 1024w, https:\/\/infotorrent.es\/wp-content\/uploads\/2025\/11\/2-14-1-300x200.jpeg 300w, https:\/\/infotorrent.es\/wp-content\/uploads\/2025\/11\/2-14-1-768x512.jpeg 768w, https:\/\/infotorrent.es\/wp-content\/uploads\/2025\/11\/2-14-1-1536x1023.jpeg 1536w, https:\/\/infotorrent.es\/wp-content\/uploads\/2025\/11\/2-14-1.jpeg 1600w\" sizes=\"(max-width: 1024px) 100vw, 1024px\" \/><\/figure>\n\n\n\n<figure class=\"wp-block-image size-large\"><img loading=\"lazy\" decoding=\"async\" width=\"1024\" height=\"682\" data-id=\"89290\" src=\"https:\/\/infotorrent.es\/wp-content\/uploads\/2025\/11\/3-13-1024x682.jpeg\" alt=\"\" class=\"wp-image-89290\" srcset=\"https:\/\/infotorrent.es\/wp-content\/uploads\/2025\/11\/3-13-1024x682.jpeg 1024w, https:\/\/infotorrent.es\/wp-content\/uploads\/2025\/11\/3-13-300x200.jpeg 300w, https:\/\/infotorrent.es\/wp-content\/uploads\/2025\/11\/3-13-768x512.jpeg 768w, https:\/\/infotorrent.es\/wp-content\/uploads\/2025\/11\/3-13-1536x1023.jpeg 1536w, https:\/\/infotorrent.es\/wp-content\/uploads\/2025\/11\/3-13.jpeg 1600w\" sizes=\"(max-width: 1024px) 100vw, 1024px\" \/><\/figure>\n<\/figure>\n","protected":false},"excerpt":{"rendered":"<p>L&#8217;Ajuntament invertix en el futur del Mercat Sant Gregori, motor econ\u00f2mic i social del barri de l&#8217;Eixample. Un Mercat, m\u00e9s accessible, m\u00e9s llumin\u00f3s i m\u00e9s sostenible L&#8217;alcaldessa que ha visitat el Mercat, ha destacat la import\u00e0ncia de la modernitzaci\u00f3 del recinte per al comer\u00e7 de proximitat, la vida del barri i la cohesi\u00f3 social de [&hellip;]<\/p>\n","protected":false},"author":21,"featured_media":89278,"comment_status":"open","ping_status":"open","sticky":false,"template":"","format":"standard","meta":{"_acf_changed":false,"footnotes":""},"categories":[1205],"tags":[],"class_list":["post-89293","post","type-post","status-publish","format-standard","has-post-thumbnail","hentry","category-comercio-mercados-y-empleo-ca"],"acf":[],"_links":{"self":[{"href":"https:\/\/infotorrent.es\/ca\/wp-json\/wp\/v2\/posts\/89293","targetHints":{"allow":["GET"]}}],"collection":[{"href":"https:\/\/infotorrent.es\/ca\/wp-json\/wp\/v2\/posts"}],"about":[{"href":"https:\/\/infotorrent.es\/ca\/wp-json\/wp\/v2\/types\/post"}],"author":[{"embeddable":true,"href":"https:\/\/infotorrent.es\/ca\/wp-json\/wp\/v2\/users\/21"}],"replies":[{"embeddable":true,"href":"https:\/\/infotorrent.es\/ca\/wp-json\/wp\/v2\/comments?post=89293"}],"version-history":[{"count":1,"href":"https:\/\/infotorrent.es\/ca\/wp-json\/wp\/v2\/posts\/89293\/revisions"}],"predecessor-version":[{"id":89295,"href":"https:\/\/infotorrent.es\/ca\/wp-json\/wp\/v2\/posts\/89293\/revisions\/89295"}],"wp:featuredmedia":[{"embeddable":true,"href":"https:\/\/infotorrent.es\/ca\/wp-json\/wp\/v2\/media\/89278"}],"wp:attachment":[{"href":"https:\/\/infotorrent.es\/ca\/wp-json\/wp\/v2\/media?parent=89293"}],"wp:term":[{"taxonomy":"category","embeddable":true,"href":"https:\/\/infotorrent.es\/ca\/wp-json\/wp\/v2\/categories?post=89293"},{"taxonomy":"post_tag","embeddable":true,"href":"https:\/\/infotorrent.es\/ca\/wp-json\/wp\/v2\/tags?post=89293"}],"curies":[{"name":"wp","href":"https:\/\/api.w.org\/{rel}","templated":true}]}}