{"id":89269,"date":"2025-11-26T14:28:47","date_gmt":"2025-11-26T13:28:47","guid":{"rendered":"https:\/\/infotorrent.es\/?p=89269"},"modified":"2025-11-26T14:33:48","modified_gmt":"2025-11-26T13:33:48","slug":"exit-de-la-fira-docupacio-talent-jove-a-torrent-amb-mes-de-550-inscripcions-985-candidatures-19-empreses-111-ofertes-docupacio-i-220-entrevistes-programades","status":"publish","type":"post","link":"https:\/\/infotorrent.es\/ca\/comercio-2-ca\/exit-de-la-fira-docupacio-talent-jove-a-torrent-amb-mes-de-550-inscripcions-985-candidatures-19-empreses-111-ofertes-docupacio-i-220-entrevistes-programades\/","title":{"rendered":"\u00c8xit de la Fira d&#8217;Ocupaci\u00f3 Talent Jove a Torrent, amb m\u00e9s de 550 inscripcions, 985 candidatures, 19 empreses, 111 ofertes d&#8217;ocupaci\u00f3 i 220 entrevistes programades"},"content":{"rendered":"\n<p><strong>L&#8217;Antic Mercat es convertix en un gran plat\u00f3 d&#8217;oportunitats laborals per a j\u00f3vens de Torrent i l&#8217;Horta Sud<\/strong><\/p>\n\n\n\n<p>L&#8217;Antic Mercat de Torrent ha acollit este mat\u00ed una multitudin\u00e0ria edici\u00f3 de la Fira d&#8217;Ocupaci\u00f3 Talent Jove \u201cLlums, cambra\u2026empre!\u201d, organitzada per la Cambra Val\u00e8ncia i la Diputaci\u00f3 de Val\u00e8ncia, en col\u00b7laboraci\u00f3 amb l&#8217;Ajuntament de Torrent i IDEA\u2019T. Una jornada marcada per l&#8217;alta participaci\u00f3 juvenil, el dinamisme de les activitats i la clara aposta institucional per refor\u00e7ar l&#8217;ocupabilitat i obrir noves oportunitats laborals per als j\u00f3vens del municipi.<\/p>\n\n\n\n<p>La fira ha comptat amb 554 inscripcions, 985 candidatures i 220 entrevistes programades amb 19 empreses, amb un total de 111 llocs de treball oferits, segons ha informat la secret\u00e0ria general de Cambra Val\u00e8ncia, Eva Qu\u00edlez, durant l&#8217;obertura de l&#8217;acte.<\/p>\n\n\n\n<p>La jornada ha sigut condu\u00efda per la presentadora Mar\u00eda Fuster, que despr\u00e9s de la presentaci\u00f3 ha donat pas a les intervencions institucionals inaugurals.<\/p>\n\n\n\n<p>La secret\u00e0ria general de Cambra Val\u00e8ncia, Eva Qu\u00edlez, ha destacat l&#8217;\u00e8xit de participaci\u00f3 i els resultats del programa Talent Jove, del qual ja han format part m\u00e9s de 20.000 j\u00f3vens, amb una inserci\u00f3 laboral del 49%. Ha subratllat a m\u00e9s el valor d&#8217;esta fira com a espai on&nbsp;<strong>\u201cla Cambra no sols ajuda a les empreses a ser m\u00e9s competitives, sin\u00f3 que es compromet amb el repte d&#8217;ajudar les persones a trobar la seua oportunitat\u201d<\/strong>.&nbsp;<strong>\u201cTenim un prop\u00f2sit amb les empreses, per\u00f2 tamb\u00e9 amb les persones\u201d<\/strong>, ha subratllat.<\/p>\n\n\n\n<p>Qu\u00edlez ha recordat que esta edici\u00f3 reunix empreses&nbsp;<strong>\u201cimplicades en el projecte\u201d<\/strong>, aix\u00ed com a companyies clau que compartiran els seus criteris de selecci\u00f3 en les xarrades finals, entre elles L\u00e1serum, Eldisser i Inderen.<\/p>\n\n\n\n<p>La regidora de Comer\u00e7, Mercats i Ocupaci\u00f3, Sandra Fas, ha centrat la seua intervenci\u00f3 en la import\u00e0ncia d&#8217;oferir oportunitats reals als j\u00f3vens de Torrent,&nbsp;<strong>\u201cEste Antic Mercat es convertix hui en un aut\u00e8ntic plat\u00f3 de rodatge, on vosaltres sou els protagonistes. L&#8217;ocupaci\u00f3 no \u00e9s una pel\u00b7l\u00edcula impossible: tots tenim un moment clau en la hist\u00f2ria, i hui pot ser eixe moment. Hui sou els protagonistes de la vostra pr\u00f2pia pel\u00b7l\u00edcula\u201d.<\/strong><\/p>\n\n\n\n<p>Fas ha agra\u00eft la col\u00b7laboraci\u00f3 de Cambra Val\u00e8ncia i ha animat als j\u00f3vens a \u201catrevir-se\u201d i aprofitar cada oportunitat, cada entrevista i cada espai formatiu de la jornada.<\/p>\n\n\n\n<p>A continuaci\u00f3, ha pres la paraula, Amparo Folgado, que els ha explicat que,&nbsp;<strong>\u201cheu de ser directors de la vostra pr\u00f2pia vida, ning\u00fa pot dir-vos que no podeu aconseguir-ho\u201d<\/strong><\/p>\n\n\n\n<p>L&#8217;alcaldessa de Torrent, Amparo Folgado, ha oferit un missatge carregat de for\u00e7a i motivaci\u00f3,&nbsp;<strong>\u201cper a vosaltres, hui no \u00e9s un dia qualsevol. Comen\u00e7a una part important de les vostres vides. Tots tenim dificultats, per\u00f2 tamb\u00e9 oportunitats. No sou nom\u00e9s protagonistes, heu de ser els directors de la vostra pr\u00f2pia vida\u201d.<\/strong><\/p>\n\n\n\n<p>Folgado ha apel\u00b7lat a la superaci\u00f3 personal i la import\u00e0ncia de perseverar,&nbsp;<strong>\u201cque ning\u00fa us diga que no podeu aconseguir-ho. Teniu formaci\u00f3, teniu capacitat, teniu suport\u2026 i, sobretot, teniu talent. Sou el futur de la nostra ciutat\u201d.<\/strong><\/p>\n\n\n\n<p><strong>Pon\u00e8ncies motivacionals i inspiradores<\/strong><\/p>\n\n\n\n<p>A les 10.00 hores tocava el torn de la pon\u00e8ncia \u201cUna vida de pel\u00b7l\u00edcula dedicada al Motorsport\u201d de Carlos Tatay, on el pilot mundialista ha oferit una pon\u00e8ncia motivacional basada en la seua traject\u00f2ria marcada per l&#8217;esfor\u00e7, la vocaci\u00f3 i una recuperaci\u00f3 personal extraordin\u00e0ria despr\u00e9s de la seua greu lesi\u00f3 de 2023.<\/p>\n\n\n\n<p>Tatay ha compartit amb els j\u00f3vens com la determinaci\u00f3, la disciplina i la passi\u00f3 poden transformar qualsevol adversitat en un motor per a avan\u00e7ar. La seua intervenci\u00f3, repleta d&#8217;emoci\u00f3 i autenticitat, ha recordat que la for\u00e7a interior i l&#8217;actitud davant les corbes de la vida s\u00f3n clau per a aconseguir qualsevol meta.<\/p>\n\n\n\n<p>A continuaci\u00f3, a les 11.30 hores, ha comen\u00e7at el taller \u201cSense excuses en el set: interpreta la teua millor versi\u00f3\u201d de Berni Mir, el docent, publicista i desenrotllador web Berni Mir ha impartit un taller din\u00e0mic i participatiu centrat en la comunicaci\u00f3 efica\u00e7, l&#8217;autoconfian\u00e7a i la preparaci\u00f3 emocional de cara a entrevistes de treball.<\/p>\n\n\n\n<p>Mir ha explicat com cada jove pot convertir-se en protagonista de la seua pr\u00f2pia hist\u00f2ria professional, utilitzant recursos pr\u00e0ctics, exemples i exercicis que han connectat directament amb els assistents. El seu enfocament -pr\u00f2xim, creatiu i orientat a la millora personal- ha servit d&#8217;est\u00edmul per als participants.<\/p>\n\n\n\n<p><strong>Xarrades orientadores d&#8217;empreses especialitzades<\/strong><\/p>\n\n\n\n<p>En el tram final de la jornada, a les 12,30 hores, han intervingut tres companyies que col\u00b7laboren activament amb Cambra Val\u00e8ncia i que habitualment incorporen talent jove a les seues plantilles, que han oferit unes xarrades entorn de que valoren en contractar.<\/p>\n\n\n\n<p>Per part de L\u00e1serum, especialistes en tractaments est\u00e8tics, ha estat representada per Alba Santos, directora territorial, i Joaqu\u00edn Manzano, responsable de selecci\u00f3, que han explicat quines s\u00f3n les compet\u00e8ncies m\u00e9s valorades en els seus processos: motivaci\u00f3, actitud, capacitat d&#8217;aprenentatge i orientaci\u00f3 al client.<\/p>\n\n\n\n<p>La firma Eldisser, distribu\u00efdor d&#8217;electrodom\u00e8stics l\u00edder a Espanya, ha abordat les claus del seu proc\u00e9s de captaci\u00f3 de talent, posant el focus en la polival\u00e8ncia dels perfils j\u00f3vens i la import\u00e0ncia de la formaci\u00f3 adaptada a les noves tecnologies.<\/p>\n\n\n\n<p>I ha finalitzat amb l&#8217;empresa Inderen (Enginyeria i desenrotllaments renovables SL), Especialistes en instal\u00b7laci\u00f3 d&#8217;energia renovables, a trav\u00e9s del seu t\u00e8cnic de RH, Daniel Sapi\u00f1a, ha remarcat l&#8217;inter\u00e9s per perfils t\u00e8cnics amb iniciativa, responsabilitat i ganes de continuar formant-se dins del sector industrial.<\/p>\n\n\n\n<p>Les tres companyies han coincidit en un missatge com\u00fa, l&#8217;actitud i la capacitat d&#8217;adaptaci\u00f3 s\u00f3n hui tant o m\u00e9s determinants que l&#8217;experi\u00e8ncia pr\u00e8via.<\/p>\n\n\n\n<p>La presentadora Mar\u00eda Fuster ha clausurat l&#8217;acte agraint la participaci\u00f3, l&#8217;energia i la implicaci\u00f3 demostrada pels j\u00f3vens durant tot el mat\u00ed. Ha subratllat que la jornada no acaba en l&#8217;Antic Mercat, sin\u00f3 que obri un cam\u00ed que cada participant haur\u00e0 de continuar construint amb les seues decisions, el seu esfor\u00e7 i la motivaci\u00f3 adquirida hui. Ha animat als assistents a aprofitar cada oportunitat futura i a mantindre la const\u00e0ncia en la busca d&#8217;ocupaci\u00f3, recordant que cada entrevista, cada experi\u00e8ncia i cada aprenentatge s\u00f3n passos que acosten al seu objectiu professional.<\/p>\n\n\n\n<p><strong>Torrent reafirma el seu comprom\u00eds amb l&#8217;ocupabilitat juvenil<\/strong><\/p>\n\n\n\n<p>La Fira d&#8217;Ocupaci\u00f3 Talent Jove consolida la seua pres\u00e8ncia en el calendari anual del municipi i es convertix, un any m\u00e9s, en un espai imprescindible per a afavorir la inserci\u00f3 laboral, generar oportunitats reals i refor\u00e7ar la motivaci\u00f3 de les noves generacions.<\/p>\n\n\n\n<p>L&#8217;Ajuntament de Torrent continuar\u00e0 impulsant pol\u00edtiques, recursos i esdeveniments que donen suport a la formaci\u00f3, el desenrotllament professional i el talent de la seua joventut, treballant al costat de Cambra Val\u00e8ncia, la Diputaci\u00f3 i el teixit empresarial de la ciutat.<\/p>\n\n\n\n<figure class=\"wp-block-image size-large\"><img fetchpriority=\"high\" decoding=\"async\" width=\"1024\" height=\"682\" src=\"https:\/\/infotorrent.es\/wp-content\/uploads\/2025\/11\/1-14-1-1024x682.jpeg\" alt=\"\" class=\"wp-image-89252\" srcset=\"https:\/\/infotorrent.es\/wp-content\/uploads\/2025\/11\/1-14-1-1024x682.jpeg 1024w, https:\/\/infotorrent.es\/wp-content\/uploads\/2025\/11\/1-14-1-300x200.jpeg 300w, https:\/\/infotorrent.es\/wp-content\/uploads\/2025\/11\/1-14-1-768x512.jpeg 768w, https:\/\/infotorrent.es\/wp-content\/uploads\/2025\/11\/1-14-1-1536x1023.jpeg 1536w, https:\/\/infotorrent.es\/wp-content\/uploads\/2025\/11\/1-14-1.jpeg 1600w\" sizes=\"(max-width: 1024px) 100vw, 1024px\" \/><\/figure>\n\n\n\n<figure class=\"wp-block-gallery has-nested-images columns-default is-cropped wp-block-gallery-1 is-layout-flex wp-block-gallery-is-layout-flex\">\n<figure class=\"wp-block-image size-large\"><img decoding=\"async\" width=\"1024\" height=\"682\" data-id=\"89255\" src=\"https:\/\/infotorrent.es\/wp-content\/uploads\/2025\/11\/8-2-1024x682.jpeg\" alt=\"\" class=\"wp-image-89255\" srcset=\"https:\/\/infotorrent.es\/wp-content\/uploads\/2025\/11\/8-2-1024x682.jpeg 1024w, https:\/\/infotorrent.es\/wp-content\/uploads\/2025\/11\/8-2-300x200.jpeg 300w, https:\/\/infotorrent.es\/wp-content\/uploads\/2025\/11\/8-2-768x512.jpeg 768w, https:\/\/infotorrent.es\/wp-content\/uploads\/2025\/11\/8-2-1536x1023.jpeg 1536w, https:\/\/infotorrent.es\/wp-content\/uploads\/2025\/11\/8-2.jpeg 1600w\" sizes=\"(max-width: 1024px) 100vw, 1024px\" \/><\/figure>\n\n\n\n<figure class=\"wp-block-image size-large\"><img decoding=\"async\" width=\"1024\" height=\"683\" data-id=\"89257\" src=\"https:\/\/infotorrent.es\/wp-content\/uploads\/2025\/11\/7-1-1-1024x683.jpeg\" alt=\"\" class=\"wp-image-89257\" srcset=\"https:\/\/infotorrent.es\/wp-content\/uploads\/2025\/11\/7-1-1-1024x683.jpeg 1024w, https:\/\/infotorrent.es\/wp-content\/uploads\/2025\/11\/7-1-1-300x200.jpeg 300w, https:\/\/infotorrent.es\/wp-content\/uploads\/2025\/11\/7-1-1-768x512.jpeg 768w, https:\/\/infotorrent.es\/wp-content\/uploads\/2025\/11\/7-1-1-1536x1024.jpeg 1536w, https:\/\/infotorrent.es\/wp-content\/uploads\/2025\/11\/7-1-1.jpeg 1599w\" sizes=\"(max-width: 1024px) 100vw, 1024px\" \/><\/figure>\n\n\n\n<figure class=\"wp-block-image size-large\"><img loading=\"lazy\" decoding=\"async\" width=\"1024\" height=\"683\" data-id=\"89259\" src=\"https:\/\/infotorrent.es\/wp-content\/uploads\/2025\/11\/2-13-1-1024x683.jpeg\" alt=\"\" class=\"wp-image-89259\" srcset=\"https:\/\/infotorrent.es\/wp-content\/uploads\/2025\/11\/2-13-1-1024x683.jpeg 1024w, https:\/\/infotorrent.es\/wp-content\/uploads\/2025\/11\/2-13-1-300x200.jpeg 300w, https:\/\/infotorrent.es\/wp-content\/uploads\/2025\/11\/2-13-1-768x512.jpeg 768w, https:\/\/infotorrent.es\/wp-content\/uploads\/2025\/11\/2-13-1-1536x1024.jpeg 1536w, https:\/\/infotorrent.es\/wp-content\/uploads\/2025\/11\/2-13-1.jpeg 1599w\" sizes=\"(max-width: 1024px) 100vw, 1024px\" \/><\/figure>\n\n\n\n<figure class=\"wp-block-image size-large\"><img loading=\"lazy\" decoding=\"async\" width=\"1024\" height=\"682\" data-id=\"89261\" src=\"https:\/\/infotorrent.es\/wp-content\/uploads\/2025\/11\/3-11-1024x682.jpeg\" alt=\"\" class=\"wp-image-89261\" srcset=\"https:\/\/infotorrent.es\/wp-content\/uploads\/2025\/11\/3-11-1024x682.jpeg 1024w, https:\/\/infotorrent.es\/wp-content\/uploads\/2025\/11\/3-11-300x200.jpeg 300w, https:\/\/infotorrent.es\/wp-content\/uploads\/2025\/11\/3-11-768x512.jpeg 768w, https:\/\/infotorrent.es\/wp-content\/uploads\/2025\/11\/3-11-1536x1023.jpeg 1536w, https:\/\/infotorrent.es\/wp-content\/uploads\/2025\/11\/3-11.jpeg 1600w\" sizes=\"(max-width: 1024px) 100vw, 1024px\" \/><\/figure>\n\n\n\n<figure class=\"wp-block-image size-large\"><img loading=\"lazy\" decoding=\"async\" width=\"1024\" height=\"683\" data-id=\"89267\" src=\"https:\/\/infotorrent.es\/wp-content\/uploads\/2025\/11\/6-4-1-1024x683.jpeg\" alt=\"\" class=\"wp-image-89267\" srcset=\"https:\/\/infotorrent.es\/wp-content\/uploads\/2025\/11\/6-4-1-1024x683.jpeg 1024w, https:\/\/infotorrent.es\/wp-content\/uploads\/2025\/11\/6-4-1-300x200.jpeg 300w, https:\/\/infotorrent.es\/wp-content\/uploads\/2025\/11\/6-4-1-768x512.jpeg 768w, https:\/\/infotorrent.es\/wp-content\/uploads\/2025\/11\/6-4-1-1536x1024.jpeg 1536w, https:\/\/infotorrent.es\/wp-content\/uploads\/2025\/11\/6-4-1.jpeg 1599w\" sizes=\"(max-width: 1024px) 100vw, 1024px\" \/><\/figure>\n\n\n\n<figure class=\"wp-block-image size-large\"><img loading=\"lazy\" decoding=\"async\" width=\"1024\" height=\"682\" data-id=\"89265\" src=\"https:\/\/infotorrent.es\/wp-content\/uploads\/2025\/11\/5-5-1-1024x682.jpeg\" alt=\"\" class=\"wp-image-89265\" srcset=\"https:\/\/infotorrent.es\/wp-content\/uploads\/2025\/11\/5-5-1-1024x682.jpeg 1024w, https:\/\/infotorrent.es\/wp-content\/uploads\/2025\/11\/5-5-1-300x200.jpeg 300w, https:\/\/infotorrent.es\/wp-content\/uploads\/2025\/11\/5-5-1-768x512.jpeg 768w, https:\/\/infotorrent.es\/wp-content\/uploads\/2025\/11\/5-5-1-1536x1023.jpeg 1536w, https:\/\/infotorrent.es\/wp-content\/uploads\/2025\/11\/5-5-1.jpeg 1600w\" sizes=\"(max-width: 1024px) 100vw, 1024px\" \/><\/figure>\n\n\n\n<figure class=\"wp-block-image size-large\"><img loading=\"lazy\" decoding=\"async\" width=\"1024\" height=\"682\" data-id=\"89263\" src=\"https:\/\/infotorrent.es\/wp-content\/uploads\/2025\/11\/4-8-1024x682.jpeg\" alt=\"\" class=\"wp-image-89263\" srcset=\"https:\/\/infotorrent.es\/wp-content\/uploads\/2025\/11\/4-8-1024x682.jpeg 1024w, https:\/\/infotorrent.es\/wp-content\/uploads\/2025\/11\/4-8-300x200.jpeg 300w, https:\/\/infotorrent.es\/wp-content\/uploads\/2025\/11\/4-8-768x512.jpeg 768w, https:\/\/infotorrent.es\/wp-content\/uploads\/2025\/11\/4-8-1536x1023.jpeg 1536w, https:\/\/infotorrent.es\/wp-content\/uploads\/2025\/11\/4-8.jpeg 1600w\" sizes=\"(max-width: 1024px) 100vw, 1024px\" \/><\/figure>\n<\/figure>\n","protected":false},"excerpt":{"rendered":"<p>L&#8217;Antic Mercat es convertix en un gran plat\u00f3 d&#8217;oportunitats laborals per a j\u00f3vens de Torrent i l&#8217;Horta Sud L&#8217;Antic Mercat de Torrent ha acollit este mat\u00ed una multitudin\u00e0ria edici\u00f3 de la Fira d&#8217;Ocupaci\u00f3 Talent Jove \u201cLlums, cambra\u2026empre!\u201d, organitzada per la Cambra Val\u00e8ncia i la Diputaci\u00f3 de Val\u00e8ncia, en col\u00b7laboraci\u00f3 amb l&#8217;Ajuntament de Torrent i IDEA\u2019T. [&hellip;]<\/p>\n","protected":false},"author":21,"featured_media":89252,"comment_status":"open","ping_status":"open","sticky":false,"template":"","format":"standard","meta":{"_acf_changed":false,"footnotes":""},"categories":[1181,1205,1194],"tags":[],"class_list":["post-89269","post","type-post","status-publish","format-standard","has-post-thumbnail","hentry","category-comercio-2-ca","category-comercio-mercados-y-empleo-ca","category-ideat-ca"],"acf":[],"_links":{"self":[{"href":"https:\/\/infotorrent.es\/ca\/wp-json\/wp\/v2\/posts\/89269","targetHints":{"allow":["GET"]}}],"collection":[{"href":"https:\/\/infotorrent.es\/ca\/wp-json\/wp\/v2\/posts"}],"about":[{"href":"https:\/\/infotorrent.es\/ca\/wp-json\/wp\/v2\/types\/post"}],"author":[{"embeddable":true,"href":"https:\/\/infotorrent.es\/ca\/wp-json\/wp\/v2\/users\/21"}],"replies":[{"embeddable":true,"href":"https:\/\/infotorrent.es\/ca\/wp-json\/wp\/v2\/comments?post=89269"}],"version-history":[{"count":1,"href":"https:\/\/infotorrent.es\/ca\/wp-json\/wp\/v2\/posts\/89269\/revisions"}],"predecessor-version":[{"id":89271,"href":"https:\/\/infotorrent.es\/ca\/wp-json\/wp\/v2\/posts\/89269\/revisions\/89271"}],"wp:featuredmedia":[{"embeddable":true,"href":"https:\/\/infotorrent.es\/ca\/wp-json\/wp\/v2\/media\/89252"}],"wp:attachment":[{"href":"https:\/\/infotorrent.es\/ca\/wp-json\/wp\/v2\/media?parent=89269"}],"wp:term":[{"taxonomy":"category","embeddable":true,"href":"https:\/\/infotorrent.es\/ca\/wp-json\/wp\/v2\/categories?post=89269"},{"taxonomy":"post_tag","embeddable":true,"href":"https:\/\/infotorrent.es\/ca\/wp-json\/wp\/v2\/tags?post=89269"}],"curies":[{"name":"wp","href":"https:\/\/api.w.org\/{rel}","templated":true}]}}