{"id":89225,"date":"2025-11-26T08:52:30","date_gmt":"2025-11-26T07:52:30","guid":{"rendered":"https:\/\/infotorrent.es\/?p=89225"},"modified":"2025-11-26T08:56:05","modified_gmt":"2025-11-26T07:56:05","slug":"torrent-amplia-i-modernitza-la-biblioteca-metre-amb-nous-llocs-destudi-i-reforca-el-servici-davant-linici-de-lhorari-nocturn-especial","status":"publish","type":"post","link":"https:\/\/infotorrent.es\/ca\/educacion-2\/torrent-amplia-i-modernitza-la-biblioteca-metre-amb-nous-llocs-destudi-i-reforca-el-servici-davant-linici-de-lhorari-nocturn-especial\/","title":{"rendered":"Torrent amplia i modernitza la Biblioteca Metre amb nous llocs d&#8217;estudi i refor\u00e7a el servici davant l&#8217;inici de l&#8217;horari nocturn especial"},"content":{"rendered":"\n<p><strong>L&#8217;horari especial d&#8217;estudi s&#8217;amplia del 9 de desembre al 30 de gener, amb obertura fins a la 1.00 de la matinada tots els dies, per a atendre la demanda estudiantil<\/strong><\/p>\n\n\n\n<p><strong>Torrent aconseguix les 287 places d&#8217;estudi entre la Biblioteca Metre i la Casa de la Cultura, refor\u00e7ant la xarxa d&#8217;espais d&#8217;estudi de la ciutat<\/strong><\/p>\n\n\n\n<p>L&#8217;Ajuntament de Torrent, a trav\u00e9s de la Regidoria de Cultura, ha habilitat 12 nous llocs d&#8217;estudi a la Biblioteca Metre, un refor\u00e7 molt esperat pels estudiants i usuaris habituals, que coincidix amb la pr\u00f2xima ampliaci\u00f3 de l&#8217;horari especial nocturn de cara al per\u00edode d&#8217;ex\u00e0mens universitaris i proves oficials.<\/p>\n\n\n\n<p><strong>Un entorn m\u00e9s c\u00f2mode, accessible i preparat per a llargues jornades<\/strong><\/p>\n\n\n\n<p>Esta actuaci\u00f3 s&#8217;emmarca en el comprom\u00eds del consistori per millorar progressivament les infraestructures culturals i educatives de la ciutat, responent a l&#8217;alta demanda registrada durant els \u00faltims mesos. Els nous espais, equipats amb panells de privacitat, il\u00b7luminaci\u00f3 natural, en estar situats al costat dels finestrals, gaudixen de llum natural durant bona part del dia, afavorint la concentraci\u00f3 i reduint la fatiga visual i equipats amb mobiliari ergon\u00f2mic.<\/p>\n\n\n\n<p>A m\u00e9s, s&#8217;han col\u00b7locat bases d&#8217;endolls de f\u00e0cil acc\u00e9s, la qual cosa permet als usuaris treballar amb ordinadors port\u00e0tils i dispositius electr\u00f2nics sense limitacions. Tot aix\u00f2 per a oferir als usuaris un entorn m\u00e9s c\u00f2mode, silenci\u00f3s i adequat per a la concentraci\u00f3.<\/p>\n\n\n\n<p>Amb esta ampliaci\u00f3, la Biblioteca Metre compta ara amb 12 nous llocs individuals d&#8217;estudi, que se sumen als 120 seients d&#8217;\u00fas general i als 24 llocs disponibles a les sales espec\u00edfiques d&#8217;estudi, creant un entorn ampli, c\u00f2mode i completament adaptat a les necessitats de concentraci\u00f3 i estudi dels estudiants.<\/p>\n\n\n\n<p><strong>Refor\u00e7 coordinat amb l&#8217;ampliaci\u00f3 de l&#8217;horari especial<\/strong><\/p>\n\n\n\n<p>L&#8217;horari especial d&#8217;estudi comen\u00e7ar\u00e0 el 9 de desembre i romandr\u00e0 actiu fins al 30 de gener, amb obertura de 8.00 a 1.00 de la matinada, inclosos dissabtes i diumenges.<\/p>\n\n\n\n<p>Romandran tancades \u00fanicament les dates festives nacionals: 6, 8 i 25 de desembre, i 1 i 6 de gener.<\/p>\n\n\n\n<p>Per a facilitar l&#8217;acc\u00e9s als servicis bibliotecaris, l&#8217;horari de pr\u00e9stec i devoluci\u00f3 de llibres ser\u00e0, a partir del 9 de desembre, de 8.00 a 20.30 hores. A m\u00e9s, els usuaris disposen de b\u00fasties de devoluci\u00f3 24 hores tant en Biblioteca Metre com a la Casa de la Cultura.<\/p>\n\n\n\n<p>El regidor de l&#8217;\u00c0rea de Cultura, Aitor S\u00e1nchez, ha subratllat la import\u00e0ncia d&#8217;esta actuaci\u00f3,&nbsp;<strong>\u201cla Biblioteca Metre \u00e9s un dels espais m\u00e9s utilitzats per estudiants i opositors, especialment en estes dates. Amb estos 12 nous llocs donem resposta directa a una demanda creixent i millorem notablement la comoditat i funcionalitat de la sala.\u201d<\/strong><\/p>\n\n\n\n<p>Aix\u00ed mateix, ha destacat l&#8217;aposta de l&#8217;Ajuntament per ampliar i modernitzar tota la xarxa de biblioteques municipals,&nbsp;<strong>\u201ca Torrent sabem l&#8217;important que \u00e9s disposar d&#8217;espais adequats per a estudiar i preparar ex\u00e0mens. El nostre objectiu \u00e9s clar: oferir als j\u00f3vens instal\u00b7lacions modernes, accessibles i amb capacitat suficient perqu\u00e8 puguen preparar adequadament les seues proves\u201d.<\/strong><\/p>\n\n\n\n<p>Finalment, Confronta M. Ferrer, Cap de Secci\u00f3 d&#8217;Arxiu i Biblioteques, ha ressaltat l&#8217;impacte positiu d&#8217;esta millora en la comunitat educativa,&nbsp;<strong>\u201cels usuaris ja ens han traslladat la seua satisfacci\u00f3. L&#8217;ampliaci\u00f3 era necess\u00e0ria i molt esperada, i continuarem treballant per a refor\u00e7ar i actualitzar tots els nostres equipaments culturals\u201d.<\/strong><\/p>\n\n\n\n<p><strong>Torrent aconseguix les 287 places d&#8217;estudi a la ciutat<\/strong><\/p>\n\n\n\n<p>A m\u00e9s del refor\u00e7 a la Biblioteca Metre, la Biblioteca de la Casa de la Cultura continua sent un dels principals espais de suport a l&#8217;estudi a Torrent, oferint 131 places d&#8217;estudi, que complementen l&#8217;oferta municipal en \u00e8poques de m\u00e0xima demanda.<\/p>\n\n\n\n<p>La combinaci\u00f3 de les dos instal\u00b7lacions permet que la ciutat dispose d&#8217;una xarxa s\u00f2lida, \u00e0mplia i accessible per a estudiants universitaris, alumnes de secund\u00e0ria, opositors i persones que necessiten un entorn adequat per al treball individual.<\/p>\n\n\n\n<p><strong>Un servici cada vegada m\u00e9s demandat<\/strong><\/p>\n\n\n\n<p>Durant tot l&#8217;any, les biblioteques de Torrent registren un elevat \u00edndex d&#8217;ocupaci\u00f3, especialment en per\u00edode acad\u00e8mic. Davant esta realitat, l&#8217;Ajuntament continua implementant millores que inclouen:<\/p>\n\n\n\n<p>\u2022&nbsp;&nbsp;&nbsp;&nbsp;&nbsp;&nbsp;&nbsp;&nbsp;Ampliaci\u00f3 d&#8217;espais i aforaments,<\/p>\n\n\n\n<p>\u2022&nbsp;&nbsp;&nbsp;&nbsp;&nbsp;&nbsp;&nbsp;&nbsp;Actualitzaci\u00f3 de mobiliari,<\/p>\n\n\n\n<p>\u2022&nbsp;&nbsp;&nbsp;&nbsp;&nbsp;&nbsp;&nbsp;&nbsp;Refor\u00e7 d&#8217;horaris i personal,<\/p>\n\n\n\n<p>\u2022&nbsp;&nbsp;&nbsp;&nbsp;&nbsp;&nbsp;&nbsp;&nbsp;Millores en il\u00b7luminaci\u00f3 i confort.<\/p>\n\n\n\n<p>Estes actuacions consoliden a Torrent com una ciutat que aposta per l&#8217;educaci\u00f3, la igualtat d&#8217;oportunitats i el suport a la seua joventut.<\/p>\n\n\n\n<p>La posada en funcionament dels 12 nous llocs d&#8217;estudi a la Biblioteca Metre que se sumen als 144 existents, al costat de les 131 places disponibles a la Casa de la Cultura, que representen un total de 287 places i l&#8217;horari especial nocturn, representa un avan\u00e7 significatiu en la millora del servici bibliotecari i del suport.<\/p>\n\n\n\n<figure class=\"wp-block-image size-large\"><img fetchpriority=\"high\" decoding=\"async\" width=\"1024\" height=\"576\" src=\"https:\/\/infotorrent.es\/wp-content\/uploads\/2025\/11\/4-18-1024x576.jpg\" alt=\"\" class=\"wp-image-89214\" srcset=\"https:\/\/infotorrent.es\/wp-content\/uploads\/2025\/11\/4-18-1024x576.jpg 1024w, https:\/\/infotorrent.es\/wp-content\/uploads\/2025\/11\/4-18-300x169.jpg 300w, https:\/\/infotorrent.es\/wp-content\/uploads\/2025\/11\/4-18-768x432.jpg 768w, https:\/\/infotorrent.es\/wp-content\/uploads\/2025\/11\/4-18-1536x864.jpg 1536w, https:\/\/infotorrent.es\/wp-content\/uploads\/2025\/11\/4-18.jpg 1600w\" sizes=\"(max-width: 1024px) 100vw, 1024px\" \/><\/figure>\n\n\n\n<figure class=\"wp-block-gallery has-nested-images columns-default is-cropped wp-block-gallery-1 is-layout-flex wp-block-gallery-is-layout-flex\">\n<figure class=\"wp-block-image size-large\"><img decoding=\"async\" width=\"1024\" height=\"1024\" data-id=\"89216\" src=\"https:\/\/infotorrent.es\/wp-content\/uploads\/2025\/11\/3-17-1024x1024.jpg\" alt=\"\" class=\"wp-image-89216\" srcset=\"https:\/\/infotorrent.es\/wp-content\/uploads\/2025\/11\/3-17-1024x1024.jpg 1024w, https:\/\/infotorrent.es\/wp-content\/uploads\/2025\/11\/3-17-300x300.jpg 300w, https:\/\/infotorrent.es\/wp-content\/uploads\/2025\/11\/3-17-150x150.jpg 150w, https:\/\/infotorrent.es\/wp-content\/uploads\/2025\/11\/3-17-768x768.jpg 768w, https:\/\/infotorrent.es\/wp-content\/uploads\/2025\/11\/3-17-1536x1536.jpg 1536w, https:\/\/infotorrent.es\/wp-content\/uploads\/2025\/11\/3-17-700x700.jpg 700w, https:\/\/infotorrent.es\/wp-content\/uploads\/2025\/11\/3-17.jpg 1600w\" sizes=\"(max-width: 1024px) 100vw, 1024px\" \/><\/figure>\n\n\n\n<figure class=\"wp-block-image size-large\"><img decoding=\"async\" width=\"1024\" height=\"1024\" data-id=\"89218\" src=\"https:\/\/infotorrent.es\/wp-content\/uploads\/2025\/11\/1-25-1024x1024.jpg\" alt=\"\" class=\"wp-image-89218\" srcset=\"https:\/\/infotorrent.es\/wp-content\/uploads\/2025\/11\/1-25-1024x1024.jpg 1024w, https:\/\/infotorrent.es\/wp-content\/uploads\/2025\/11\/1-25-300x300.jpg 300w, https:\/\/infotorrent.es\/wp-content\/uploads\/2025\/11\/1-25-150x150.jpg 150w, https:\/\/infotorrent.es\/wp-content\/uploads\/2025\/11\/1-25-768x768.jpg 768w, https:\/\/infotorrent.es\/wp-content\/uploads\/2025\/11\/1-25-1536x1536.jpg 1536w, https:\/\/infotorrent.es\/wp-content\/uploads\/2025\/11\/1-25-700x700.jpg 700w, https:\/\/infotorrent.es\/wp-content\/uploads\/2025\/11\/1-25.jpg 1600w\" sizes=\"(max-width: 1024px) 100vw, 1024px\" \/><\/figure>\n\n\n\n<figure class=\"wp-block-image size-large\"><img loading=\"lazy\" decoding=\"async\" width=\"1024\" height=\"1024\" data-id=\"89220\" src=\"https:\/\/infotorrent.es\/wp-content\/uploads\/2025\/11\/2-19-1024x1024.jpg\" alt=\"\" class=\"wp-image-89220\" srcset=\"https:\/\/infotorrent.es\/wp-content\/uploads\/2025\/11\/2-19-1024x1024.jpg 1024w, https:\/\/infotorrent.es\/wp-content\/uploads\/2025\/11\/2-19-300x300.jpg 300w, https:\/\/infotorrent.es\/wp-content\/uploads\/2025\/11\/2-19-150x150.jpg 150w, https:\/\/infotorrent.es\/wp-content\/uploads\/2025\/11\/2-19-768x768.jpg 768w, https:\/\/infotorrent.es\/wp-content\/uploads\/2025\/11\/2-19-1536x1536.jpg 1536w, https:\/\/infotorrent.es\/wp-content\/uploads\/2025\/11\/2-19-700x700.jpg 700w, https:\/\/infotorrent.es\/wp-content\/uploads\/2025\/11\/2-19.jpg 1600w\" sizes=\"(max-width: 1024px) 100vw, 1024px\" \/><\/figure>\n\n\n\n<figure class=\"wp-block-image size-large\"><img loading=\"lazy\" decoding=\"async\" width=\"1024\" height=\"1024\" data-id=\"89222\" src=\"https:\/\/infotorrent.es\/wp-content\/uploads\/2025\/11\/5-13-1024x1024.jpg\" alt=\"\" class=\"wp-image-89222\" srcset=\"https:\/\/infotorrent.es\/wp-content\/uploads\/2025\/11\/5-13-1024x1024.jpg 1024w, https:\/\/infotorrent.es\/wp-content\/uploads\/2025\/11\/5-13-300x300.jpg 300w, https:\/\/infotorrent.es\/wp-content\/uploads\/2025\/11\/5-13-150x150.jpg 150w, https:\/\/infotorrent.es\/wp-content\/uploads\/2025\/11\/5-13-768x768.jpg 768w, https:\/\/infotorrent.es\/wp-content\/uploads\/2025\/11\/5-13-1536x1536.jpg 1536w, https:\/\/infotorrent.es\/wp-content\/uploads\/2025\/11\/5-13-700x700.jpg 700w, https:\/\/infotorrent.es\/wp-content\/uploads\/2025\/11\/5-13.jpg 1600w\" sizes=\"(max-width: 1024px) 100vw, 1024px\" \/><\/figure>\n<\/figure>\n","protected":false},"excerpt":{"rendered":"<p>L&#8217;horari especial d&#8217;estudi s&#8217;amplia del 9 de desembre al 30 de gener, amb obertura fins a la 1.00 de la matinada tots els dies, per a atendre la demanda estudiantil Torrent aconseguix les 287 places d&#8217;estudi entre la Biblioteca Metre i la Casa de la Cultura, refor\u00e7ant la xarxa d&#8217;espais d&#8217;estudi de la ciutat L&#8217;Ajuntament [&hellip;]<\/p>\n","protected":false},"author":21,"featured_media":89214,"comment_status":"open","ping_status":"open","sticky":false,"template":"","format":"standard","meta":{"_acf_changed":false,"footnotes":""},"categories":[132,1180],"tags":[],"class_list":["post-89225","post","type-post","status-publish","format-standard","has-post-thumbnail","hentry","category-educacion-2","category-formacion-educacion-y-formacion-ca"],"acf":[],"_links":{"self":[{"href":"https:\/\/infotorrent.es\/ca\/wp-json\/wp\/v2\/posts\/89225","targetHints":{"allow":["GET"]}}],"collection":[{"href":"https:\/\/infotorrent.es\/ca\/wp-json\/wp\/v2\/posts"}],"about":[{"href":"https:\/\/infotorrent.es\/ca\/wp-json\/wp\/v2\/types\/post"}],"author":[{"embeddable":true,"href":"https:\/\/infotorrent.es\/ca\/wp-json\/wp\/v2\/users\/21"}],"replies":[{"embeddable":true,"href":"https:\/\/infotorrent.es\/ca\/wp-json\/wp\/v2\/comments?post=89225"}],"version-history":[{"count":1,"href":"https:\/\/infotorrent.es\/ca\/wp-json\/wp\/v2\/posts\/89225\/revisions"}],"predecessor-version":[{"id":89227,"href":"https:\/\/infotorrent.es\/ca\/wp-json\/wp\/v2\/posts\/89225\/revisions\/89227"}],"wp:featuredmedia":[{"embeddable":true,"href":"https:\/\/infotorrent.es\/ca\/wp-json\/wp\/v2\/media\/89214"}],"wp:attachment":[{"href":"https:\/\/infotorrent.es\/ca\/wp-json\/wp\/v2\/media?parent=89225"}],"wp:term":[{"taxonomy":"category","embeddable":true,"href":"https:\/\/infotorrent.es\/ca\/wp-json\/wp\/v2\/categories?post=89225"},{"taxonomy":"post_tag","embeddable":true,"href":"https:\/\/infotorrent.es\/ca\/wp-json\/wp\/v2\/tags?post=89225"}],"curies":[{"name":"wp","href":"https:\/\/api.w.org\/{rel}","templated":true}]}}