{"id":89108,"date":"2025-11-24T09:23:20","date_gmt":"2025-11-24T08:23:20","guid":{"rendered":"https:\/\/infotorrent.es\/?p=89108"},"modified":"2025-11-24T09:26:09","modified_gmt":"2025-11-24T08:26:09","slug":"la-banda-simfonica-del-cercle-catolic-de-torrent-celebra-el-seu-concert-en-honor-a-santa-cecilia","status":"publish","type":"post","link":"https:\/\/infotorrent.es\/ca\/cultura-es-2\/la-banda-simfonica-del-cercle-catolic-de-torrent-celebra-el-seu-concert-en-honor-a-santa-cecilia\/","title":{"rendered":"La Banda Simf\u00f2nica del Cercle Cat\u00f2lic de Torrent celebra el seu concert en honor a Santa Cec\u00edlia"},"content":{"rendered":"\n<p>La Banda Simf\u00f2nica del Cercle Cat\u00f2lic de Torrent va continuar este cap de setmana amb els actes dedicats a Santa Cec\u00edlia, patrona dels m\u00fasics, que culminaren amb un brillant concert celebrat dissabte a l\u2019Auditori de Torrent. El recinte es va omplir completament, convertint-se en l\u2019escenari perfecte per a presentar els nous integrants de la banda, que debutaren davant d\u2019un p\u00fablic entregat.<\/p>\n\n\n\n<p>L\u2019alcaldessa Amparo Folgado, junt amb membres del seu equip de govern, va acudir a l\u2019esdeveniment per a mostrar el seu suport a l\u2019agrupaci\u00f3 musical, en la qual tamb\u00e9 estaven presents el president del Cercle Cat\u00f2lic, Benito Nemesio, i el president de la Banda, Alfredo Silla. El concert va estar dividit en dues parts diferenciades i sota la batuta de Francisco Zacar\u00e9s. En la primera, els protagonistes foren els solistes Claudia Zaera, Empar Medina, Dani Alonso, Samuel Gil, Laura Fern\u00e1ndez i Albert Mora, qui interpretaren obres de Haydn, Reed, Shaw, Iturralde i Moren, llu\u00efnt t\u00e8cnica i expressivitat.<\/p>\n\n\n\n<p>La segona part del programa va oferir una selecci\u00f3 de peces de gran projecci\u00f3 simf\u00f2nica: La tabernera del puerto de Soroz\u00e1bal, el c\u00e8lebre Bolero de Ravel i El Camino Real d\u2019Alfred Reed, una de les obres m\u00e9s emblem\u00e0tiques del repertori band\u00edstic contemporani.<\/p>\n\n\n\n<p>Amb este concert, el Cercle Cat\u00f2lic posa el fermall final a una setmana plena d\u2019actes en honor a Santa Cec\u00edlia, reafirmant el seu comprom\u00eds amb la tradici\u00f3 musical i el talent local.<\/p>\n\n\n\n<figure class=\"wp-block-image size-large\"><img fetchpriority=\"high\" decoding=\"async\" width=\"1024\" height=\"768\" src=\"https:\/\/infotorrent.es\/wp-content\/uploads\/2025\/11\/WhatsApp-Image-2025-11-24-at-09.15.15-1024x768.jpeg\" alt=\"\" class=\"wp-image-89099\" srcset=\"https:\/\/infotorrent.es\/wp-content\/uploads\/2025\/11\/WhatsApp-Image-2025-11-24-at-09.15.15-1024x768.jpeg 1024w, https:\/\/infotorrent.es\/wp-content\/uploads\/2025\/11\/WhatsApp-Image-2025-11-24-at-09.15.15-300x225.jpeg 300w, https:\/\/infotorrent.es\/wp-content\/uploads\/2025\/11\/WhatsApp-Image-2025-11-24-at-09.15.15-768x576.jpeg 768w, https:\/\/infotorrent.es\/wp-content\/uploads\/2025\/11\/WhatsApp-Image-2025-11-24-at-09.15.15-1536x1152.jpeg 1536w, https:\/\/infotorrent.es\/wp-content\/uploads\/2025\/11\/WhatsApp-Image-2025-11-24-at-09.15.15.jpeg 1600w\" sizes=\"(max-width: 1024px) 100vw, 1024px\" \/><\/figure>\n\n\n\n<figure class=\"wp-block-gallery has-nested-images columns-default is-cropped wp-block-gallery-1 is-layout-flex wp-block-gallery-is-layout-flex\">\n<figure class=\"wp-block-image size-large\"><img decoding=\"async\" width=\"1024\" height=\"682\" data-id=\"89101\" src=\"https:\/\/infotorrent.es\/wp-content\/uploads\/2025\/11\/WhatsApp-Image-2025-11-24-at-09.15.17-1-1024x682.jpeg\" alt=\"\" class=\"wp-image-89101\" srcset=\"https:\/\/infotorrent.es\/wp-content\/uploads\/2025\/11\/WhatsApp-Image-2025-11-24-at-09.15.17-1-1024x682.jpeg 1024w, https:\/\/infotorrent.es\/wp-content\/uploads\/2025\/11\/WhatsApp-Image-2025-11-24-at-09.15.17-1-300x200.jpeg 300w, https:\/\/infotorrent.es\/wp-content\/uploads\/2025\/11\/WhatsApp-Image-2025-11-24-at-09.15.17-1-768x512.jpeg 768w, https:\/\/infotorrent.es\/wp-content\/uploads\/2025\/11\/WhatsApp-Image-2025-11-24-at-09.15.17-1-1536x1023.jpeg 1536w, https:\/\/infotorrent.es\/wp-content\/uploads\/2025\/11\/WhatsApp-Image-2025-11-24-at-09.15.17-1.jpeg 1600w\" sizes=\"(max-width: 1024px) 100vw, 1024px\" \/><\/figure>\n\n\n\n<figure class=\"wp-block-image size-large\"><img decoding=\"async\" width=\"1024\" height=\"682\" data-id=\"89103\" src=\"https:\/\/infotorrent.es\/wp-content\/uploads\/2025\/11\/WhatsApp-Image-2025-11-24-at-09.15.17-1024x682.jpeg\" alt=\"\" class=\"wp-image-89103\" srcset=\"https:\/\/infotorrent.es\/wp-content\/uploads\/2025\/11\/WhatsApp-Image-2025-11-24-at-09.15.17-1024x682.jpeg 1024w, https:\/\/infotorrent.es\/wp-content\/uploads\/2025\/11\/WhatsApp-Image-2025-11-24-at-09.15.17-300x200.jpeg 300w, https:\/\/infotorrent.es\/wp-content\/uploads\/2025\/11\/WhatsApp-Image-2025-11-24-at-09.15.17-768x512.jpeg 768w, https:\/\/infotorrent.es\/wp-content\/uploads\/2025\/11\/WhatsApp-Image-2025-11-24-at-09.15.17-1536x1023.jpeg 1536w, https:\/\/infotorrent.es\/wp-content\/uploads\/2025\/11\/WhatsApp-Image-2025-11-24-at-09.15.17.jpeg 1600w\" sizes=\"(max-width: 1024px) 100vw, 1024px\" \/><\/figure>\n\n\n\n<figure class=\"wp-block-image size-large\"><img loading=\"lazy\" decoding=\"async\" width=\"1024\" height=\"682\" data-id=\"89105\" src=\"https:\/\/infotorrent.es\/wp-content\/uploads\/2025\/11\/WhatsApp-Image-2025-11-24-at-09.15.16-1024x682.jpeg\" alt=\"\" class=\"wp-image-89105\" srcset=\"https:\/\/infotorrent.es\/wp-content\/uploads\/2025\/11\/WhatsApp-Image-2025-11-24-at-09.15.16-1024x682.jpeg 1024w, https:\/\/infotorrent.es\/wp-content\/uploads\/2025\/11\/WhatsApp-Image-2025-11-24-at-09.15.16-300x200.jpeg 300w, https:\/\/infotorrent.es\/wp-content\/uploads\/2025\/11\/WhatsApp-Image-2025-11-24-at-09.15.16-768x512.jpeg 768w, https:\/\/infotorrent.es\/wp-content\/uploads\/2025\/11\/WhatsApp-Image-2025-11-24-at-09.15.16-1536x1023.jpeg 1536w, https:\/\/infotorrent.es\/wp-content\/uploads\/2025\/11\/WhatsApp-Image-2025-11-24-at-09.15.16.jpeg 1600w\" sizes=\"(max-width: 1024px) 100vw, 1024px\" \/><\/figure>\n<\/figure>\n","protected":false},"excerpt":{"rendered":"<p>La Banda Simf\u00f2nica del Cercle Cat\u00f2lic de Torrent va continuar este cap de setmana amb els actes dedicats a Santa Cec\u00edlia, patrona dels m\u00fasics, que culminaren amb un brillant concert celebrat dissabte a l\u2019Auditori de Torrent. El recinte es va omplir completament, convertint-se en l\u2019escenari perfecte per a presentar els nous integrants de la banda, [&hellip;]<\/p>\n","protected":false},"author":21,"featured_media":89099,"comment_status":"open","ping_status":"open","sticky":false,"template":"","format":"standard","meta":{"_acf_changed":false,"footnotes":""},"categories":[1215,126],"tags":[],"class_list":["post-89108","post","type-post","status-publish","format-standard","has-post-thumbnail","hentry","category-auditori-de-torrent-ca","category-cultura-es-2"],"acf":[],"_links":{"self":[{"href":"https:\/\/infotorrent.es\/ca\/wp-json\/wp\/v2\/posts\/89108","targetHints":{"allow":["GET"]}}],"collection":[{"href":"https:\/\/infotorrent.es\/ca\/wp-json\/wp\/v2\/posts"}],"about":[{"href":"https:\/\/infotorrent.es\/ca\/wp-json\/wp\/v2\/types\/post"}],"author":[{"embeddable":true,"href":"https:\/\/infotorrent.es\/ca\/wp-json\/wp\/v2\/users\/21"}],"replies":[{"embeddable":true,"href":"https:\/\/infotorrent.es\/ca\/wp-json\/wp\/v2\/comments?post=89108"}],"version-history":[{"count":1,"href":"https:\/\/infotorrent.es\/ca\/wp-json\/wp\/v2\/posts\/89108\/revisions"}],"predecessor-version":[{"id":89110,"href":"https:\/\/infotorrent.es\/ca\/wp-json\/wp\/v2\/posts\/89108\/revisions\/89110"}],"wp:featuredmedia":[{"embeddable":true,"href":"https:\/\/infotorrent.es\/ca\/wp-json\/wp\/v2\/media\/89099"}],"wp:attachment":[{"href":"https:\/\/infotorrent.es\/ca\/wp-json\/wp\/v2\/media?parent=89108"}],"wp:term":[{"taxonomy":"category","embeddable":true,"href":"https:\/\/infotorrent.es\/ca\/wp-json\/wp\/v2\/categories?post=89108"},{"taxonomy":"post_tag","embeddable":true,"href":"https:\/\/infotorrent.es\/ca\/wp-json\/wp\/v2\/tags?post=89108"}],"curies":[{"name":"wp","href":"https:\/\/api.w.org\/{rel}","templated":true}]}}