{"id":8896,"date":"2017-11-21T11:12:53","date_gmt":"2017-11-21T11:12:53","guid":{"rendered":"https:\/\/infotorrent.es\/uncategorized\/lassociacio-castella-la-manxa-conclou-la-setmana-cultural-amb-una-donacio-daliments-a-favor-de-carites\/"},"modified":"2017-11-21T11:15:31","modified_gmt":"2017-11-21T11:15:31","slug":"lassociacio-castella-la-manxa-conclou-la-setmana-cultural-amb-una-donacio-daliments-a-favor-de-carites","status":"publish","type":"post","link":"https:\/\/infotorrent.es\/ca\/noticies\/lassociacio-castella-la-manxa-conclou-la-setmana-cultural-amb-una-donacio-daliments-a-favor-de-carites\/","title":{"rendered":"L&#8217;Associaci\u00f3 Castella-la Manxa conclou la Setmana Cultural amb una donaci\u00f3 d\u2019aliments a favor de C\u00e0rites"},"content":{"rendered":"<p><a href=\"https:\/\/www.infotorrent.es\/wp-content\/uploads\/2017\/11\/comida_manchegos.jpg\"><img fetchpriority=\"high\" decoding=\"async\" class=\"aligncenter size-full wp-image-7698\" src=\"https:\/\/www.infotorrent.es\/wp-content\/uploads\/2017\/11\/comida_manchegos.jpg\" alt=\"\" width=\"800\" height=\"600\" \/><\/a><\/p>\n<p>Diumenge, l&#8217;Associaci\u00f3 Castella-la Manxa va concloure la Setmana Cultural que amb tant d\u2019afecte havia preparat. Una setmana amb una programaci\u00f3 plena d&#8217;activitats, entre les quals ha destacat la tradicional jornada culin\u00e0ria, el dissabte de mat\u00ed, on es va poder gaudir d&#8217;un bon plat de \u201cgachas\u201d. Un gran nombre de persones van assistir a la cita per a tastar este menjar t\u00edpic manxec, on tamb\u00e9 va estar present l&#8217;alcalde, Jes\u00fas Ros, acompanyat de diferents integrants de la corporaci\u00f3 municipal. El mat\u00ed de diumenge les activitats van continuar amb la missa cantada \u201cAires Manxecs\u201d en la parr\u00f2quia de la Sagrada Fam\u00edlia, en la qual tamb\u00e9 es va realitzar una arreplega solid\u00e0ria d&#8217;aliments destinats a C\u00e0rites.<\/p>\n","protected":false},"excerpt":{"rendered":"<p>Diumenge, l&#8217;Associaci\u00f3 Castella-la Manxa va concloure la Setmana Cultural que amb tant d\u2019afecte havia preparat. Una setmana amb una programaci\u00f3 plena d&#8217;activitats, entre les quals ha destacat la tradicional jornada culin\u00e0ria, el dissabte de mat\u00ed, on es va poder gaudir d&#8217;un bon plat de \u201cgachas\u201d. Un gran nombre de persones van assistir a la cita [&hellip;]<\/p>\n","protected":false},"author":4,"featured_media":8898,"comment_status":"open","ping_status":"open","sticky":false,"template":"","format":"standard","meta":{"_acf_changed":false,"footnotes":""},"categories":[117,127,116],"tags":[801],"class_list":["post-8896","post","type-post","status-publish","format-standard","has-post-thumbnail","hentry","category-cultura","category-noticias-2","category-noticies","tag-ajuntament-de-torrentassociacion-castilla-la-manchaculturatorrent"],"acf":[],"_links":{"self":[{"href":"https:\/\/infotorrent.es\/ca\/wp-json\/wp\/v2\/posts\/8896","targetHints":{"allow":["GET"]}}],"collection":[{"href":"https:\/\/infotorrent.es\/ca\/wp-json\/wp\/v2\/posts"}],"about":[{"href":"https:\/\/infotorrent.es\/ca\/wp-json\/wp\/v2\/types\/post"}],"author":[{"embeddable":true,"href":"https:\/\/infotorrent.es\/ca\/wp-json\/wp\/v2\/users\/4"}],"replies":[{"embeddable":true,"href":"https:\/\/infotorrent.es\/ca\/wp-json\/wp\/v2\/comments?post=8896"}],"version-history":[{"count":0,"href":"https:\/\/infotorrent.es\/ca\/wp-json\/wp\/v2\/posts\/8896\/revisions"}],"wp:featuredmedia":[{"embeddable":true,"href":"https:\/\/infotorrent.es\/ca\/wp-json\/wp\/v2\/media\/8898"}],"wp:attachment":[{"href":"https:\/\/infotorrent.es\/ca\/wp-json\/wp\/v2\/media?parent=8896"}],"wp:term":[{"taxonomy":"category","embeddable":true,"href":"https:\/\/infotorrent.es\/ca\/wp-json\/wp\/v2\/categories?post=8896"},{"taxonomy":"post_tag","embeddable":true,"href":"https:\/\/infotorrent.es\/ca\/wp-json\/wp\/v2\/tags?post=8896"}],"curies":[{"name":"wp","href":"https:\/\/api.w.org\/{rel}","templated":true}]}}