{"id":88846,"date":"2025-11-18T09:09:13","date_gmt":"2025-11-18T08:09:13","guid":{"rendered":"https:\/\/infotorrent.es\/?p=88846"},"modified":"2025-11-18T09:18:20","modified_gmt":"2025-11-18T08:18:20","slug":"torrent-posa-en-marxa-lescola-de-nadal-2025-2026-per-facilitar-la-conciliacio-familiar-durant-les-vacances","status":"publish","type":"post","link":"https:\/\/infotorrent.es\/ca\/educacion-2\/torrent-posa-en-marxa-lescola-de-nadal-2025-2026-per-facilitar-la-conciliacio-familiar-durant-les-vacances\/","title":{"rendered":"Torrent posa en marxa l&#8217;Escola de Nadal 2025\/2026 per facilitar la conciliaci\u00f3 familiar durant les vacances"},"content":{"rendered":"\n<p>L&#8217;Escola de Nadal es dur\u00e0 a terme els dies 23, 26, 29 i 30 de desembre de 2025, i 2 i 5 de gener de 2026 als centres educatius CEIP El Mol\u00ed i CEIP Antonio Machado<\/p>\n\n\n\n<p>L\u2019Ajuntament de Torrent ha posat en marxa una nova edici\u00f3 de l\u2019Escola de Nadal 2025\/2026, una iniciativa dirigida a xiquets i xiquetes d\u2019Infantil i Prim\u00e0ria (de 3 a 12 anys) que t\u00e9 com a objectiu oferir activitats educatives i d\u2019oci durant el per\u00edode vacacional, facilitant aix\u00ed la conciliaci\u00f3 de les fam\u00edlies del municipi.<\/p>\n\n\n\n<p>L\u2019Escola de Nadal es desenvolupar\u00e0 els dies 23, 26, 29 i 30 de desembre de 2025, i 2 i 5 de gener de 2026 als centres educatius CEIP El Mol\u00ed i CEIP Antonio Machado, amb un m\u00ednim de 10 alumnes inscrits per grup per a la seua realitzaci\u00f3.<\/p>\n\n\n\n<p>L\u2019horari de les activitats ser\u00e0 de 9.00 a 14.00 hores, amb la possibilitat de contractar el servei de matinera opcional entre les 7.30 i les 9.00 hores, oferint aix\u00ed una major flexibilitat a les fam\u00edlies. La inscripci\u00f3 inclou activitats, materials, monitors, asseguran\u00e7a d\u2019accidents i responsabilitat civil, garantint una proposta completa, segura i adaptada a les necessitats de l\u2019alumnat.<\/p>\n\n\n\n<p>La regidora d\u2019Educaci\u00f3, Mar\u00eda Fern\u00e1ndez, va destacar la import\u00e0ncia d\u2019este programa per a les fam\u00edlies torrentines i per als m\u00e9s menuts: <strong>\u201cL\u2019Escola de Nadal \u00e9s un recurs molt valorat a Torrent perqu\u00e8 permet als xiquets disfrutar d\u2019activitats educatives i l\u00fadiques en un entorn segur, mentre ajudem les fam\u00edlies a conciliar durant estes dates tan assenyalades\u201d.<\/strong><\/p>\n\n\n\n<p>Aix\u00ed mateix, Fern\u00e1ndez va subratllar el comprom\u00eds de l\u2019Ajuntament amb l\u2019educaci\u00f3 i el suport a la inf\u00e0ncia: <strong>\u201cPer a nosaltres \u00e9s fonamental oferir programes accessibles i de qualitat, on els xiquets puguen aprendre, socialitzar i divertir-se. Convidem totes les fam\u00edlies a realitzar la inscripci\u00f3 com m\u00e9s aviat millor, ja que les places s\u00f3n limitades\u201d.<\/strong><\/p>\n\n\n\n<p>El preu total de l\u2019Escola de Nadal per als 6 dies \u00e9s de 46,80 euros, amb un suplement de 12 euros per a aquells que desitgen utilitzar el servei de matinera. Les inscripcions estaran obertes fins al 12 de desembre, o fins a completar les places disponibles.<\/p>\n\n\n\n<figure class=\"wp-block-image size-large\"><img fetchpriority=\"high\" decoding=\"async\" width=\"707\" height=\"1024\" src=\"https:\/\/infotorrent.es\/wp-content\/uploads\/2025\/11\/CARTEL_NAVIDAD_TORRENT_25_26-2_page-0001-707x1024.jpg\" alt=\"\" class=\"wp-image-88843\" srcset=\"https:\/\/infotorrent.es\/wp-content\/uploads\/2025\/11\/CARTEL_NAVIDAD_TORRENT_25_26-2_page-0001-707x1024.jpg 707w, https:\/\/infotorrent.es\/wp-content\/uploads\/2025\/11\/CARTEL_NAVIDAD_TORRENT_25_26-2_page-0001-207x300.jpg 207w, https:\/\/infotorrent.es\/wp-content\/uploads\/2025\/11\/CARTEL_NAVIDAD_TORRENT_25_26-2_page-0001-768x1112.jpg 768w, https:\/\/infotorrent.es\/wp-content\/uploads\/2025\/11\/CARTEL_NAVIDAD_TORRENT_25_26-2_page-0001-1061x1536.jpg 1061w, https:\/\/infotorrent.es\/wp-content\/uploads\/2025\/11\/CARTEL_NAVIDAD_TORRENT_25_26-2_page-0001-1415x2048.jpg 1415w, https:\/\/infotorrent.es\/wp-content\/uploads\/2025\/11\/CARTEL_NAVIDAD_TORRENT_25_26-2_page-0001.jpg 1713w\" sizes=\"(max-width: 707px) 100vw, 707px\" \/><\/figure>\n","protected":false},"excerpt":{"rendered":"<p>L&#8217;Escola de Nadal es dur\u00e0 a terme els dies 23, 26, 29 i 30 de desembre de 2025, i 2 i 5 de gener de 2026 als centres educatius CEIP El Mol\u00ed i CEIP Antonio Machado L\u2019Ajuntament de Torrent ha posat en marxa una nova edici\u00f3 de l\u2019Escola de Nadal 2025\/2026, una iniciativa dirigida a [&hellip;]<\/p>\n","protected":false},"author":21,"featured_media":88843,"comment_status":"open","ping_status":"open","sticky":false,"template":"","format":"standard","meta":{"_acf_changed":false,"footnotes":""},"categories":[1190,132,1192],"tags":[],"class_list":["post-88846","post","type-post","status-publish","format-standard","has-post-thumbnail","hentry","category-ayuntamiento-de-torrent-ca","category-educacion-2","category-familia-e-infancia-ca"],"acf":[],"_links":{"self":[{"href":"https:\/\/infotorrent.es\/ca\/wp-json\/wp\/v2\/posts\/88846","targetHints":{"allow":["GET"]}}],"collection":[{"href":"https:\/\/infotorrent.es\/ca\/wp-json\/wp\/v2\/posts"}],"about":[{"href":"https:\/\/infotorrent.es\/ca\/wp-json\/wp\/v2\/types\/post"}],"author":[{"embeddable":true,"href":"https:\/\/infotorrent.es\/ca\/wp-json\/wp\/v2\/users\/21"}],"replies":[{"embeddable":true,"href":"https:\/\/infotorrent.es\/ca\/wp-json\/wp\/v2\/comments?post=88846"}],"version-history":[{"count":1,"href":"https:\/\/infotorrent.es\/ca\/wp-json\/wp\/v2\/posts\/88846\/revisions"}],"predecessor-version":[{"id":88848,"href":"https:\/\/infotorrent.es\/ca\/wp-json\/wp\/v2\/posts\/88846\/revisions\/88848"}],"wp:featuredmedia":[{"embeddable":true,"href":"https:\/\/infotorrent.es\/ca\/wp-json\/wp\/v2\/media\/88843"}],"wp:attachment":[{"href":"https:\/\/infotorrent.es\/ca\/wp-json\/wp\/v2\/media?parent=88846"}],"wp:term":[{"taxonomy":"category","embeddable":true,"href":"https:\/\/infotorrent.es\/ca\/wp-json\/wp\/v2\/categories?post=88846"},{"taxonomy":"post_tag","embeddable":true,"href":"https:\/\/infotorrent.es\/ca\/wp-json\/wp\/v2\/tags?post=88846"}],"curies":[{"name":"wp","href":"https:\/\/api.w.org\/{rel}","templated":true}]}}