{"id":8873,"date":"2017-11-15T12:47:04","date_gmt":"2017-11-15T12:47:04","guid":{"rendered":"https:\/\/infotorrent.es\/uncategorized\/el-club-horta-classics-presenta-la-12a-edicio-de-la-concentracio-de-cotxes-classics-de-torrent\/"},"modified":"2017-11-15T12:48:23","modified_gmt":"2017-11-15T12:48:23","slug":"el-club-horta-classics-presenta-la-12a-edicio-de-la-concentracio-de-cotxes-classics-de-torrent","status":"publish","type":"post","link":"https:\/\/infotorrent.es\/ca\/noticies\/el-club-horta-classics-presenta-la-12a-edicio-de-la-concentracio-de-cotxes-classics-de-torrent\/","title":{"rendered":"El club Horta Cl\u00e0ssics presenta la 12a edici\u00f3 de la Concentraci\u00f3 de Cotxes Cl\u00e0ssics de Torrent"},"content":{"rendered":"<p><a href=\"https:\/\/www.infotorrent.es\/wp-content\/uploads\/2017\/11\/MG_2266.jpg\"><img fetchpriority=\"high\" decoding=\"async\" class=\"aligncenter size-full wp-image-7627\" src=\"https:\/\/www.infotorrent.es\/wp-content\/uploads\/2017\/11\/MG_2266.jpg\" alt=\"\" width=\"800\" height=\"533\" \/><\/a><\/p>\n<p><strong>Tindr\u00e0 lloc el pr\u00f2xim diumenge, 19 de novembre, al costat de la Torre de la ciutat<\/strong><\/p>\n<p>El pr\u00f2xim 19 de novembre, el club d\u2019automoci\u00f3 Horta Cl\u00e0ssics organitza la dotzena edici\u00f3 de la Concentraci\u00f3 de Cotxes Cl\u00e0ssics Ciutat de Torrent que tindr\u00e0 lloc al costat de la Torre. Esta jornada s&#8217;ha convertit en una concentraci\u00f3 de gran import\u00e0ncia en la prov\u00edncia, i s\u2019espera que hi participen m\u00e9s de 150 cotxes de totes les \u00e8poques.<\/p>\n<p>Durant tot el mat\u00ed, de 9.00 a 13.00 hores, els cotxes s\u2019agruparan al peu de la Torre distribu\u00efts per marques, estils i \u00e8poques, de manera que els assistents puguen con\u00e9ixer millor l\u2019evoluci\u00f3 del disseny i la tecnologia. Els visitants podran gaudir d\u2019estes peces \u00faniques del motor i fer-se fotos amb el seu model o marca favorits.<\/p>\n<p>La concentraci\u00f3 ha crescut de forma important en els \u00faltims anys. L\u2019organitzaci\u00f3 espera cotxes de la d\u00e8cada dels trenta fins a finals dels anys huitanta. En altres edicions han arribat participants de Terol, Navarra o M\u00e0laga, aix\u00ed com de Castell\u00f3, Albacete o Alacant, i tamb\u00e9 models d\u2019alt\u00edssim valor, com un Peg\u00e0s Z-103 o models esportius de fins a 800 CV.<\/p>\n<p>L\u2019any passat, en la concentraci\u00f3 hi hagueren autom\u00f2bils que havien protagonitzat diferents pel\u00b7l\u00edcules, com el Chevrolet Custom de <em>Grease<\/em> (1978), el Volkswagen Beetle de <em>Herbie<\/em> (1968) o el Pontiac TransAM GTA de la s\u00e8rie televisiva <em>El coche fant\u00e1stico<\/em> (1982), entre m\u00e9s. Una cita que va unir cinema i automoci\u00f3, i on tingu\u00e9 lloc un espectacle musical que va fer viatjar els assistents als cl\u00e0ssics del passat.<br \/>\nEnguany, esperen la participaci\u00f3 de m\u00e9s autom\u00f2bils que en la passada edici\u00f3, vinguts de tot arreu de la comunitat i d\u2019altres comunitats aut\u00f2nomes. Esta concentraci\u00f3, dirigida a tots els p\u00fablics, se celebra amb l\u2019objectiu que \u201ctorrentins i visitants puguen con\u00e9ixer la hist\u00f2ria de l\u2019autom\u00f2bil, ensenyar als fills i n\u00e9ts quins eren els cotxes d\u2019abans, els seus favorits o els que tenien les seues fam\u00edlies, i aix\u00ed s\u2019aficionen a un m\u00f3n que enganxa\u201d, assenyala l\u2019organitzaci\u00f3 de l\u2019esdeveniment.<\/p>\n<p>Al final del mat\u00ed, el club Horta Cl\u00e0ssics donar\u00e0 tres trofeus: al cotxe m\u00e9s antic, al millor cotxe restaurat i el trofeu Juan D\u00edaz al millor cotxe de la concentraci\u00f3. La inscripci\u00f3 est\u00e0 oberta a tots els propietaris d\u2019un cotxe cl\u00e0ssic que vulguen participar-hi, i pot realitzar-se a trav\u00e9s del club: inscripciones@hortaclassics.es<\/p>\n","protected":false},"excerpt":{"rendered":"<p>Tindr\u00e0 lloc el pr\u00f2xim diumenge, 19 de novembre, al costat de la Torre de la ciutat El pr\u00f2xim 19 de novembre, el club d\u2019automoci\u00f3 Horta Cl\u00e0ssics organitza la dotzena edici\u00f3 de la Concentraci\u00f3 de Cotxes Cl\u00e0ssics Ciutat de Torrent que tindr\u00e0 lloc al costat de la Torre. Esta jornada s&#8217;ha convertit en una concentraci\u00f3 de [&hellip;]<\/p>\n","protected":false},"author":4,"featured_media":8875,"comment_status":"open","ping_status":"open","sticky":false,"template":"","format":"standard","meta":{"_acf_changed":false,"footnotes":""},"categories":[156,127,116],"tags":[],"class_list":["post-8873","post","type-post","status-publish","format-standard","has-post-thumbnail","hentry","category-festes-i-tradicions-2","category-noticias-2","category-noticies"],"acf":[],"_links":{"self":[{"href":"https:\/\/infotorrent.es\/ca\/wp-json\/wp\/v2\/posts\/8873","targetHints":{"allow":["GET"]}}],"collection":[{"href":"https:\/\/infotorrent.es\/ca\/wp-json\/wp\/v2\/posts"}],"about":[{"href":"https:\/\/infotorrent.es\/ca\/wp-json\/wp\/v2\/types\/post"}],"author":[{"embeddable":true,"href":"https:\/\/infotorrent.es\/ca\/wp-json\/wp\/v2\/users\/4"}],"replies":[{"embeddable":true,"href":"https:\/\/infotorrent.es\/ca\/wp-json\/wp\/v2\/comments?post=8873"}],"version-history":[{"count":0,"href":"https:\/\/infotorrent.es\/ca\/wp-json\/wp\/v2\/posts\/8873\/revisions"}],"wp:featuredmedia":[{"embeddable":true,"href":"https:\/\/infotorrent.es\/ca\/wp-json\/wp\/v2\/media\/8875"}],"wp:attachment":[{"href":"https:\/\/infotorrent.es\/ca\/wp-json\/wp\/v2\/media?parent=8873"}],"wp:term":[{"taxonomy":"category","embeddable":true,"href":"https:\/\/infotorrent.es\/ca\/wp-json\/wp\/v2\/categories?post=8873"},{"taxonomy":"post_tag","embeddable":true,"href":"https:\/\/infotorrent.es\/ca\/wp-json\/wp\/v2\/tags?post=8873"}],"curies":[{"name":"wp","href":"https:\/\/api.w.org\/{rel}","templated":true}]}}