{"id":88641,"date":"2025-11-14T10:03:50","date_gmt":"2025-11-14T09:03:50","guid":{"rendered":"https:\/\/infotorrent.es\/?p=88641"},"modified":"2025-11-14T10:09:58","modified_gmt":"2025-11-14T09:09:58","slug":"la-historia-de-torrent-torna-a-les-aules-per-despertar-linteres-pel-patrimoni-de-la-ciutat","status":"publish","type":"post","link":"https:\/\/infotorrent.es\/ca\/cultura-es-2\/la-historia-de-torrent-torna-a-les-aules-per-despertar-linteres-pel-patrimoni-de-la-ciutat\/","title":{"rendered":"La hist\u00f2ria de Torrent torna a les aules per despertar l&#8217;inter\u00e9s pel patrimoni de la ciutat"},"content":{"rendered":"\n<p>900 alumnes de 5\u00e9 i 6\u00e9 de prim\u00e0ria participaran en esta edici\u00f3 2025\/26<\/p>\n\n\n\n<p>Amb l&#8217;inici del nou curs escolar, torna a posar-se en marxa el projecte \u201cTorrent: la hist\u00f2ria de la meua ciutat\u201d, una iniciativa impulsada per l&#8217;Ajuntament de Torrent amb el suport de l&#8217;equip educatiu de Natura i Cultura, que busca acostar a l&#8217;alumnat de prim\u00e0ria al patrimoni i la hist\u00f2ria de la ciutat a trav\u00e9s de la lectura i activitats din\u00e0miques en el nucli hist\u00f2ric.<\/p>\n\n\n\n<p>Des de la seua posada en marxa en el curs 2023-24, la proposta ha comptat ja amb la participaci\u00f3 de m\u00e9s de 1.700 alumnes de 5\u00e9 i 6\u00e9 de prim\u00e0ria. Enguany, en sumar-se la majoria de centres educatius del municipi, seran uns 900 escolars els qui coneixeran distints episodis del passat torrent\u00ed mitjan\u00e7ant la lectura del llibre&nbsp;<em>Betlem Petrie i el misteri de la torre<\/em>, que ja es troba en la seua segona edici\u00f3.<\/p>\n\n\n\n<p>La hist\u00f2ria del llibre, ambientada en diferents \u00e8poques \u2014des de l&#8217;etapa andalusina fins al segle XX\u2014 permet a l&#8217;alumnat desenvolupar la comprensi\u00f3 lectora al mateix temps que descobreix l&#8217;origen i evoluci\u00f3 d&#8217;espais emblem\u00e0tics de Torrent.<\/p>\n\n\n\n<p>La metodologia del projecte es basa en l&#8217;aprenentatge actiu i participatiu. Despr\u00e9s del treball a l&#8217;aula, l&#8217;alumnat realitza una ruta guiada pel nucli hist\u00f2ric que recorre punts destacats com la Torre, la pla\u00e7a de l&#8217;Esgl\u00e9sia, el carrer Cervantes o la porta de l\u2019Horta de l&#8217;Esgl\u00e9sia de l&#8217;Assumpci\u00f3. Durant el recorregut, els escolars participen en activitats grupals per refor\u00e7ar els coneixements adquirits durant la lectura.<\/p>\n\n\n\n<p>Encara que la visita a la Torre es realitza des de l&#8217;exterior, s&#8217;ha ampliat l&#8217;explicaci\u00f3 sobre el seu exterior i el seu context hist\u00f2ric mitjan\u00e7ant materials gr\u00e0fics i din\u00e0miques adaptades, mantenint l&#8217;atractiu i l&#8217;enfocament divulgatiu de l&#8217;experi\u00e8ncia.<\/p>\n\n\n\n<p>El professorat dels centres participants destaca la integraci\u00f3 curricular de la proposta, que combina contingut educatiu amb activitats motivadores i d\u2019arrelament local. A m\u00e9s, el projecte s&#8217;ha consolidat com un recurs \u00fatil per fomentar la lectura i la comprensi\u00f3 escrita des de l&#8217;aula.<\/p>\n\n\n\n<p>El regidor de Cultura, Aitor S\u00e1nchez, ha posat en valor la continu\u00eftat d&#8217;esta iniciativa i el seu impacte educatiu: \u00ab\u00c9s una satisfacci\u00f3 veure com esta iniciativa es consolida i cada vegada m\u00e9s centres se sumen. Aix\u00f2 significa que el projecte funciona i que es viu amb entusiasme tant a les aules com en les visites guiades\u00bb. A m\u00e9s, S\u00e1nchez afirma que \u00abEste projecte permet al nostre alumnat descobrir que la hist\u00f2ria de Torrent no \u00e9s una cosa llunyana, sin\u00f3 que forma part del seu dia a dia: els carrers pels quals passen, els monuments que veuen&#8230; tot t\u00e9 un passat que mereix ser conegut.\u00bb<\/p>\n\n\n\n<p>Amb esta tercera edici\u00f3, \u201cTorrent: la hist\u00f2ria de la meua ciutat\u201d es consolida com un dels projectes clau de l&#8217;Ajuntament per acostar la hist\u00f2ria local als m\u00e9s joves, refor\u00e7ant el vincle cultural i emocional amb la ciutat.<\/p>\n\n\n\n<figure class=\"wp-block-image size-large\"><img fetchpriority=\"high\" decoding=\"async\" width=\"1024\" height=\"781\" src=\"https:\/\/infotorrent.es\/wp-content\/uploads\/2025\/11\/Foto-torrent-1-1024x781.jpg\" alt=\"\" class=\"wp-image-88630\" srcset=\"https:\/\/infotorrent.es\/wp-content\/uploads\/2025\/11\/Foto-torrent-1-1024x781.jpg 1024w, https:\/\/infotorrent.es\/wp-content\/uploads\/2025\/11\/Foto-torrent-1-300x229.jpg 300w, https:\/\/infotorrent.es\/wp-content\/uploads\/2025\/11\/Foto-torrent-1-768x586.jpg 768w, https:\/\/infotorrent.es\/wp-content\/uploads\/2025\/11\/Foto-torrent-1.jpg 1138w\" sizes=\"(max-width: 1024px) 100vw, 1024px\" \/><\/figure>\n\n\n\n<figure class=\"wp-block-gallery has-nested-images columns-default is-cropped wp-block-gallery-1 is-layout-flex wp-block-gallery-is-layout-flex\">\n<figure class=\"wp-block-image size-large\"><img decoding=\"async\" width=\"557\" height=\"991\" data-id=\"88632\" src=\"https:\/\/infotorrent.es\/wp-content\/uploads\/2025\/11\/Foto-Torrent-2.jpg\" alt=\"\" class=\"wp-image-88632\" srcset=\"https:\/\/infotorrent.es\/wp-content\/uploads\/2025\/11\/Foto-Torrent-2.jpg 557w, https:\/\/infotorrent.es\/wp-content\/uploads\/2025\/11\/Foto-Torrent-2-169x300.jpg 169w\" sizes=\"(max-width: 557px) 100vw, 557px\" \/><\/figure>\n\n\n\n<figure class=\"wp-block-image size-large\"><img decoding=\"async\" width=\"746\" height=\"991\" data-id=\"88634\" src=\"https:\/\/infotorrent.es\/wp-content\/uploads\/2025\/11\/Foto-Torrent-3.jpg\" alt=\"\" class=\"wp-image-88634\" srcset=\"https:\/\/infotorrent.es\/wp-content\/uploads\/2025\/11\/Foto-Torrent-3.jpg 746w, https:\/\/infotorrent.es\/wp-content\/uploads\/2025\/11\/Foto-Torrent-3-226x300.jpg 226w\" sizes=\"(max-width: 746px) 100vw, 746px\" \/><\/figure>\n<\/figure>\n\n\n\n<figure class=\"wp-block-image size-large\"><img loading=\"lazy\" decoding=\"async\" width=\"1024\" height=\"682\" src=\"https:\/\/infotorrent.es\/wp-content\/uploads\/2025\/11\/whatsapp-image-2024-06-20-at-101102-1024x682.jpeg\" alt=\"\" class=\"wp-image-88636\" srcset=\"https:\/\/infotorrent.es\/wp-content\/uploads\/2025\/11\/whatsapp-image-2024-06-20-at-101102-1024x682.jpeg 1024w, https:\/\/infotorrent.es\/wp-content\/uploads\/2025\/11\/whatsapp-image-2024-06-20-at-101102-300x200.jpeg 300w, https:\/\/infotorrent.es\/wp-content\/uploads\/2025\/11\/whatsapp-image-2024-06-20-at-101102-768x511.jpeg 768w, https:\/\/infotorrent.es\/wp-content\/uploads\/2025\/11\/whatsapp-image-2024-06-20-at-101102.jpeg 1200w\" sizes=\"(max-width: 1024px) 100vw, 1024px\" \/><\/figure>\n","protected":false},"excerpt":{"rendered":"<p>900 alumnes de 5\u00e9 i 6\u00e9 de prim\u00e0ria participaran en esta edici\u00f3 2025\/26 Amb l&#8217;inici del nou curs escolar, torna a posar-se en marxa el projecte \u201cTorrent: la hist\u00f2ria de la meua ciutat\u201d, una iniciativa impulsada per l&#8217;Ajuntament de Torrent amb el suport de l&#8217;equip educatiu de Natura i Cultura, que busca acostar a l&#8217;alumnat [&hellip;]<\/p>\n","protected":false},"author":21,"featured_media":88630,"comment_status":"open","ping_status":"open","sticky":false,"template":"","format":"standard","meta":{"_acf_changed":false,"footnotes":""},"categories":[141,126],"tags":[],"class_list":["post-88641","post","type-post","status-publish","format-standard","has-post-thumbnail","hentry","category-alcaldia-2","category-cultura-es-2"],"acf":[],"_links":{"self":[{"href":"https:\/\/infotorrent.es\/ca\/wp-json\/wp\/v2\/posts\/88641","targetHints":{"allow":["GET"]}}],"collection":[{"href":"https:\/\/infotorrent.es\/ca\/wp-json\/wp\/v2\/posts"}],"about":[{"href":"https:\/\/infotorrent.es\/ca\/wp-json\/wp\/v2\/types\/post"}],"author":[{"embeddable":true,"href":"https:\/\/infotorrent.es\/ca\/wp-json\/wp\/v2\/users\/21"}],"replies":[{"embeddable":true,"href":"https:\/\/infotorrent.es\/ca\/wp-json\/wp\/v2\/comments?post=88641"}],"version-history":[{"count":1,"href":"https:\/\/infotorrent.es\/ca\/wp-json\/wp\/v2\/posts\/88641\/revisions"}],"predecessor-version":[{"id":88643,"href":"https:\/\/infotorrent.es\/ca\/wp-json\/wp\/v2\/posts\/88641\/revisions\/88643"}],"wp:featuredmedia":[{"embeddable":true,"href":"https:\/\/infotorrent.es\/ca\/wp-json\/wp\/v2\/media\/88630"}],"wp:attachment":[{"href":"https:\/\/infotorrent.es\/ca\/wp-json\/wp\/v2\/media?parent=88641"}],"wp:term":[{"taxonomy":"category","embeddable":true,"href":"https:\/\/infotorrent.es\/ca\/wp-json\/wp\/v2\/categories?post=88641"},{"taxonomy":"post_tag","embeddable":true,"href":"https:\/\/infotorrent.es\/ca\/wp-json\/wp\/v2\/tags?post=88641"}],"curies":[{"name":"wp","href":"https:\/\/api.w.org\/{rel}","templated":true}]}}