{"id":8856,"date":"2017-09-20T07:29:27","date_gmt":"2017-09-20T07:29:27","guid":{"rendered":"https:\/\/infotorrent.es\/uncategorized\/cuadros-de-baile-para-celebrar-la-semana-cultural-rociera\/"},"modified":"2017-09-20T07:29:27","modified_gmt":"2017-09-20T07:29:27","slug":"cuadros-de-baile-para-celebrar-la-semana-cultural-rociera","status":"publish","type":"post","link":"https:\/\/infotorrent.es\/ca\/noticies\/cuadros-de-baile-para-celebrar-la-semana-cultural-rociera\/","title":{"rendered":"Quadres de ball per a celebrar la Setmana Cultural Rociera"},"content":{"rendered":"<p style=\"text-align: justify;\">El Centre Cultural Rociero de Torrent ha celebrat la seua t\u00edpica setmana cultural amb una programaci\u00f3 que ha acollit activitats de tots els tipus: l\u00fadiques, religioses, culin\u00e0ries, esportives i infantils. Divendres, la jornada es va iniciar amb la col\u2022laboraci\u00f3 dels xics i xiques d\u2019ADISTO, que van delectar les persones assistents, com sempre, amb una fant\u00e0stica actuaci\u00f3. Per\u00f2 el clar protagonista del cap de setmana va ser l\u2019ambient flamenc, ja que la vesprada de dissabte l\u2019associaci\u00f3 va rebre la visita dels quadres de ball de l&#8217;Associaci\u00f3 Andalusa d&#8217;Aldaia, que es van combinar amb els quadres del centre torrent\u00ed.<\/p>\n<p style=\"text-align: justify;\">La setmana cultural es va clausurar amb una missa cantada pels rocieros de Torrent i amb una process\u00f3, en la qual van participar les falleres majors de Torrent i les seues corts d&#8217;honor. L&#8217;alcalde, Jes\u00fas Ros, acompanyat de diferents membres de l&#8217;equip de govern, va visitar la seu de l\u2019associaci\u00f3 per a compartir amb els seus socis i s\u00f2cies tot el calendari festiu d&#8217;esta setmana que amb tant d\u2019afecte han preparat.<\/p>\n","protected":false},"excerpt":{"rendered":"<p>El Centre Cultural Rociero de Torrent ha celebrat la seua t\u00edpica setmana cultural amb una programaci\u00f3 que ha acollit activitats de tots els tipus: l\u00fadiques, religioses, culin\u00e0ries, esportives i infantils. Divendres, la jornada es va iniciar amb la col\u2022laboraci\u00f3 dels xics i xiques d\u2019ADISTO, que van delectar les persones assistents, com sempre, amb una fant\u00e0stica [&hellip;]<\/p>\n","protected":false},"author":4,"featured_media":1137,"comment_status":"open","ping_status":"open","sticky":false,"template":"","format":"standard","meta":{"_acf_changed":false,"footnotes":""},"categories":[156,116],"tags":[],"class_list":["post-8856","post","type-post","status-publish","format-standard","has-post-thumbnail","hentry","category-festes-i-tradicions-2","category-noticies"],"acf":[],"_links":{"self":[{"href":"https:\/\/infotorrent.es\/ca\/wp-json\/wp\/v2\/posts\/8856","targetHints":{"allow":["GET"]}}],"collection":[{"href":"https:\/\/infotorrent.es\/ca\/wp-json\/wp\/v2\/posts"}],"about":[{"href":"https:\/\/infotorrent.es\/ca\/wp-json\/wp\/v2\/types\/post"}],"author":[{"embeddable":true,"href":"https:\/\/infotorrent.es\/ca\/wp-json\/wp\/v2\/users\/4"}],"replies":[{"embeddable":true,"href":"https:\/\/infotorrent.es\/ca\/wp-json\/wp\/v2\/comments?post=8856"}],"version-history":[{"count":0,"href":"https:\/\/infotorrent.es\/ca\/wp-json\/wp\/v2\/posts\/8856\/revisions"}],"wp:featuredmedia":[{"embeddable":true,"href":"https:\/\/infotorrent.es\/ca\/wp-json\/wp\/v2\/media\/1137"}],"wp:attachment":[{"href":"https:\/\/infotorrent.es\/ca\/wp-json\/wp\/v2\/media?parent=8856"}],"wp:term":[{"taxonomy":"category","embeddable":true,"href":"https:\/\/infotorrent.es\/ca\/wp-json\/wp\/v2\/categories?post=8856"},{"taxonomy":"post_tag","embeddable":true,"href":"https:\/\/infotorrent.es\/ca\/wp-json\/wp\/v2\/tags?post=8856"}],"curies":[{"name":"wp","href":"https:\/\/api.w.org\/{rel}","templated":true}]}}