{"id":8821,"date":"2017-08-21T08:31:22","date_gmt":"2017-08-21T08:31:22","guid":{"rendered":"https:\/\/infotorrent.es\/uncategorized\/els-centres-de-majors-de-torrent-obrin-per-primera-vegada-les-vesprades-dagost\/"},"modified":"2017-08-21T08:31:22","modified_gmt":"2017-08-21T08:31:22","slug":"els-centres-de-majors-de-torrent-obrin-per-primera-vegada-les-vesprades-dagost","status":"publish","type":"post","link":"https:\/\/infotorrent.es\/ca\/noticies\/els-centres-de-majors-de-torrent-obrin-per-primera-vegada-les-vesprades-dagost\/","title":{"rendered":"Els centres de majors de Torrent obrin per primera vegada les vesprades d\u2019agost"},"content":{"rendered":"<p style=\"text-align: justify;\">Des de la Delegaci\u00f3 d\u2019Atenci\u00f3 a les Persones de l&#8217;Ajuntament de Torrent s&#8217;ha treballat perqu\u00e8, per primera vegada, els centres de majors de la ciutat \u00f2briguen durant totes les vesprades del mes d&#8217;agost. De l&#8217;1 al 15 d&#8217;agost han estat oberts en horari de mat\u00ed i de vesprada, i durant la segona quinzena del mes romandran oberts en horari de vesprada de 16.00 h a 20.00 h. El regidor de l&#8217;\u00c0rea d&#8217;Atenci\u00f3 a les Persones, Francesc Carbonell, ha destacat &#8220;la prioritat del consistori per proporcionar als nostres majors un lloc de trobada tamb\u00e9 durant este mes en qu\u00e8 moltes persones gaudixen de les vacances a Torrent, per\u00f2 tamb\u00e9 moltes altres es queden a casa sense un lloc on acudir&#8221;. D&#8217;esta manera, els centres de Bellido, Sant Enrique i Mare de D\u00e9u de l\u2019Olivar continuaran sent el punt de reuni\u00f3 i enteniment dels majors durant el per\u00edode estival.<\/p>\n","protected":false},"excerpt":{"rendered":"<p>Des de la Delegaci\u00f3 d\u2019Atenci\u00f3 a les Persones de l&#8217;Ajuntament de Torrent s&#8217;ha treballat perqu\u00e8, per primera vegada, els centres de majors de la ciutat \u00f2briguen durant totes les vesprades del mes d&#8217;agost. De l&#8217;1 al 15 d&#8217;agost han estat oberts en horari de mat\u00ed i de vesprada, i durant la segona quinzena del mes [&hellip;]<\/p>\n","protected":false},"author":3,"featured_media":1137,"comment_status":"open","ping_status":"open","sticky":false,"template":"","format":"standard","meta":{"_acf_changed":false,"footnotes":""},"categories":[122,116],"tags":[],"class_list":["post-8821","post","type-post","status-publish","format-standard","has-post-thumbnail","hentry","category-benestar-social","category-noticies"],"acf":[],"_links":{"self":[{"href":"https:\/\/infotorrent.es\/ca\/wp-json\/wp\/v2\/posts\/8821","targetHints":{"allow":["GET"]}}],"collection":[{"href":"https:\/\/infotorrent.es\/ca\/wp-json\/wp\/v2\/posts"}],"about":[{"href":"https:\/\/infotorrent.es\/ca\/wp-json\/wp\/v2\/types\/post"}],"author":[{"embeddable":true,"href":"https:\/\/infotorrent.es\/ca\/wp-json\/wp\/v2\/users\/3"}],"replies":[{"embeddable":true,"href":"https:\/\/infotorrent.es\/ca\/wp-json\/wp\/v2\/comments?post=8821"}],"version-history":[{"count":0,"href":"https:\/\/infotorrent.es\/ca\/wp-json\/wp\/v2\/posts\/8821\/revisions"}],"wp:featuredmedia":[{"embeddable":true,"href":"https:\/\/infotorrent.es\/ca\/wp-json\/wp\/v2\/media\/1137"}],"wp:attachment":[{"href":"https:\/\/infotorrent.es\/ca\/wp-json\/wp\/v2\/media?parent=8821"}],"wp:term":[{"taxonomy":"category","embeddable":true,"href":"https:\/\/infotorrent.es\/ca\/wp-json\/wp\/v2\/categories?post=8821"},{"taxonomy":"post_tag","embeddable":true,"href":"https:\/\/infotorrent.es\/ca\/wp-json\/wp\/v2\/tags?post=8821"}],"curies":[{"name":"wp","href":"https:\/\/api.w.org\/{rel}","templated":true}]}}