{"id":8790,"date":"2017-07-28T07:08:15","date_gmt":"2017-07-28T07:08:15","guid":{"rendered":"https:\/\/infotorrent.es\/uncategorized\/els-xiquets-i-xiquetes-de-torrent-grans-protagonistes-de-lentradeta-infantil\/"},"modified":"2017-07-28T07:08:15","modified_gmt":"2017-07-28T07:08:15","slug":"els-xiquets-i-xiquetes-de-torrent-grans-protagonistes-de-lentradeta-infantil","status":"publish","type":"post","link":"https:\/\/infotorrent.es\/ca\/noticias-2\/els-xiquets-i-xiquetes-de-torrent-grans-protagonistes-de-lentradeta-infantil\/","title":{"rendered":"Los ni\u00f1os y ni\u00f1as de Torrent grandes protagonistas del Entradeta Infantil"},"content":{"rendered":"<div style=\"text-align: justify;\">\n<div style=\"text-align: center;\"><strong>Los miembros m\u00e1s peque\u00f1os de las comparsas y filas de Torrent disfrutaron de la Entradeta Infantil, desfile que cada a\u00f1o cuenta con m\u00e1s participantes\u00a0<\/strong><\/div>\n<div><\/div>\n<div>Ayer los ni\u00f1os y ni\u00f1as de Torrent protagonizaron un desfile especial, en una tarde llena de sonrisas y de m\u00fasica, acompa\u00f1ados por el capit\u00e1n moro, Vicent Sim\u00f3, el capit\u00e1n cristiano, Vicent Burguera, y las alf\u00e9rez del 2017. Un a\u00f1o m\u00e1s los torrentinos y torrentinas disfrutaron de la Entradeta Infantil, desfile que empieza a la parroquia de Monte-si\u00f3 y que acaba en la Plaza Mayor a los pies de la Torre Mora, recreando as\u00ed la Gran Entrada mora y cristiana.<\/div>\n<div><\/div>\n<div>Los vecinos de Torrent no dejaron pasar la oportunidad de presenciar este acto protagonizado por los peque\u00f1os de las comparsas y filas torrentinas, donde las capitan\u00edas se esforzaron para ofrecer a los presentes un espect\u00e1culo emocionante y vibrante. La Entradeta Infantil cuenta cada a\u00f1o con m\u00e1s asistentes y participantes, signo que muestra el creciente protagonismo de una de las fiestas m\u00e1s representativas de la Comunidad Valenciana y de la voluntad de continuar en esta tradici\u00f3n por parte de las nuevas generaciones.<\/div>\n<div><\/div>\n<div>Este acontecimiento sirve como antesala de la Gran Entrada mora y cristiana del d\u00eda 29, acto que se podr\u00e1 seguir en directo a trav\u00e9s del canal de Youtube y la p\u00e1gina de Facebook del Ayuntamiento de Torrent.<\/div>\n<\/div>\n","protected":false},"excerpt":{"rendered":"<p>Los miembros m\u00e1s peque\u00f1os de las comparsas y filas de Torrent disfrutaron de la Entradeta Infantil, desfile que cada a\u00f1o cuenta con m\u00e1s participantes\u00a0 Ayer los ni\u00f1os y ni\u00f1as de Torrent protagonizaron un desfile especial, en una tarde llena de sonrisas y de m\u00fasica, acompa\u00f1ados por el capit\u00e1n moro, Vicent Sim\u00f3, el capit\u00e1n cristiano, Vicent [&hellip;]<\/p>\n","protected":false},"author":4,"featured_media":1137,"comment_status":"open","ping_status":"open","sticky":false,"template":"","format":"standard","meta":{"_acf_changed":false,"footnotes":""},"categories":[143,127],"tags":[],"class_list":["post-8790","post","type-post","status-publish","format-standard","has-post-thumbnail","hentry","category-fiestas-y-tradiciones","category-noticias-2"],"acf":[],"_links":{"self":[{"href":"https:\/\/infotorrent.es\/ca\/wp-json\/wp\/v2\/posts\/8790","targetHints":{"allow":["GET"]}}],"collection":[{"href":"https:\/\/infotorrent.es\/ca\/wp-json\/wp\/v2\/posts"}],"about":[{"href":"https:\/\/infotorrent.es\/ca\/wp-json\/wp\/v2\/types\/post"}],"author":[{"embeddable":true,"href":"https:\/\/infotorrent.es\/ca\/wp-json\/wp\/v2\/users\/4"}],"replies":[{"embeddable":true,"href":"https:\/\/infotorrent.es\/ca\/wp-json\/wp\/v2\/comments?post=8790"}],"version-history":[{"count":0,"href":"https:\/\/infotorrent.es\/ca\/wp-json\/wp\/v2\/posts\/8790\/revisions"}],"wp:featuredmedia":[{"embeddable":true,"href":"https:\/\/infotorrent.es\/ca\/wp-json\/wp\/v2\/media\/1137"}],"wp:attachment":[{"href":"https:\/\/infotorrent.es\/ca\/wp-json\/wp\/v2\/media?parent=8790"}],"wp:term":[{"taxonomy":"category","embeddable":true,"href":"https:\/\/infotorrent.es\/ca\/wp-json\/wp\/v2\/categories?post=8790"},{"taxonomy":"post_tag","embeddable":true,"href":"https:\/\/infotorrent.es\/ca\/wp-json\/wp\/v2\/tags?post=8790"}],"curies":[{"name":"wp","href":"https:\/\/api.w.org\/{rel}","templated":true}]}}