{"id":87761,"date":"2025-10-24T09:38:24","date_gmt":"2025-10-24T07:38:24","guid":{"rendered":"https:\/\/infotorrent.es\/?p=87761"},"modified":"2025-10-24T09:44:46","modified_gmt":"2025-10-24T07:44:46","slug":"torrent-inaugura-la-52a-fira-del-llibre-amb-una-multitudinaria-jornada-literaria-en-la-placa-de-la-unio-musical","status":"publish","type":"post","link":"https:\/\/infotorrent.es\/ca\/cultura-es-2\/torrent-inaugura-la-52a-fira-del-llibre-amb-una-multitudinaria-jornada-literaria-en-la-placa-de-la-unio-musical\/","title":{"rendered":"Torrent inaugura la 52a Fira del Llibre amb una multitudin\u00e0ria jornada liter\u00e0ria en la Pla\u00e7a de la Uni\u00f3 Musical"},"content":{"rendered":"\n<p><strong>L&#8217;alcaldessa Amparo Folgado i el regidor de Cultura, Aitor S\u00e1nchez, van obrir la fira que reunix m\u00e9s d&#8217;una vintena d&#8217;autors i una trentena d&#8217;activitats culturals fins al diumenge<\/strong><\/p>\n\n\n\n<p><strong>Tota la programaci\u00f3 pot ser consultada en&nbsp;<\/strong><a href=\"https:\/\/torrent.es\/feria-del-libro\/\" target=\"_blank\" rel=\"noreferrer noopener\"><strong>https:\/\/torrent.es\/feria-del-libro\/<\/strong><\/a><strong>&nbsp;i en el compte ig: @bpmtorrent<\/strong><\/p>\n\n\n\n<p>Torrent va donar en la vesprada d&#8217;ahir el tret d&#8217;eixida a la seua 52a Fira del Llibre, amb una vesprada repleta d&#8217;activitats liter\u00e0ries, m\u00fasica, firmes d&#8217;autors i un ambient festiu en la Pla\u00e7a de la Uni\u00f3 Musical, on es van congregar centenars de ve\u00efns, lectors i fam\u00edlies.<\/p>\n\n\n\n<p>L&#8217;acte d&#8217;obertura va estar presidit per l&#8217;alcaldessa Amparo Folgado, acompanyada pel regidor de Cultura, Aitor S\u00e1nchez, i membres de l&#8217;equip de govern. La jornada va comen\u00e7ar amb una gran xocolatada popular, seguida de la tert\u00falia i firma conjunta dels primers autors convidats -Javier Celada, Carlos Crespo, David Lorca, Ana Isabel Mart\u00ednez i Aurora R\u00faa-, que van inaugurar la s\u00e8rie de trobades liter\u00e0ries. La vesprada va concloure amb el musical \u201cLa Bella i la B\u00e8stia\u201d, que va omplir la pla\u00e7a de p\u00fablic familiar i aplaudiments.<\/p>\n\n\n\n<p>L&#8217;alcaldessa Amparo Folgado va destacar durant la inauguraci\u00f3 que&nbsp;<strong>\u201cTorrent torna a convertir-se en una gran llibreria a l&#8217;aire lliure, un lloc on els llibres ens unixen i la cultura ix al carrer. \u00c9s un orgull veure com la Fira del Llibre creix cada any i com els torrentinos la senten com a seua\u201d.<\/strong><\/p>\n\n\n\n<p>Per part seua, el regidor de Cultura, Aitor S\u00e1nchez, va subratllar que&nbsp;<strong>\u201cesta fira reflectix el dinamisme cultural de Torrent, el seu amor per la lectura i el seu comprom\u00eds amb els autors. Hem preparat un programa per a tots els p\u00fablics, des dels escolars fins als m\u00e9s apassionats lectors\u201d.<\/strong><\/p>\n\n\n\n<p><strong>Programa del divendres 24 d&#8217;octubre: Dia de la narrativa actual i del p\u00fablic juvenil<\/strong><\/p>\n\n\n\n<p>La jornada de hui divendres continua amb un complet programa centrat en la literatura actual i els j\u00f3vens lectors.<\/p>\n\n\n\n<p>Al mat\u00ed, els escolars seran protagonistes amb \u201cContes per al teu\u201d, lectura p\u00fablica a c\u00e0rrec de l&#8217;alumnat del CEIP Sant Pasqual, i el recital en homenatge a l&#8217;escriptora valenciana Maria Beneyto, organitzat pel Cercle Po\u00e8tic Argila de l&#8217;Aire i estudiants de l&#8217;IES La Marxadella.<\/p>\n\n\n\n<p>A la vesprada, la pla\u00e7a s&#8217;omplir\u00e0 de p\u00fablic amb dos de les cites m\u00e9s esperades:<\/p>\n\n\n\n<p>\u00b7&nbsp;&nbsp;&nbsp;&nbsp;&nbsp;&nbsp;&nbsp;&nbsp;A les 17.15 h, entrevista i firma amb Cherry Chic, autora de \u201cTots els desitjos que vaig escriure sense tu\u201d.<\/p>\n\n\n\n<p>\u00b7&nbsp;&nbsp;&nbsp;&nbsp;&nbsp;&nbsp;&nbsp;&nbsp;A les 18.00 h, torn d&#8217;Eloy Moreno, que presentar\u00e0 \u201c\u201cEl nou viatge d&#8217;El Petit Pr\u00edncep\u201d\u201c.<\/p>\n\n\n\n<p>Les dos trobades estaran condu\u00efdes per la comunicadora S\u00e8nia MT.<\/p>\n\n\n\n<p>El programa es completar\u00e0 amb el taller de c\u00f2mic \u201cCreaci\u00f3 de personatges monstruosos\u201d (Mos Teatre) i el taller Booktuber, dirigit a j\u00f3vens interessats a crear contingut literari digital.<\/p>\n\n\n\n<p><strong>Avan\u00e7 del cap de setmana<\/strong><\/p>\n\n\n\n<p>El dissabte 25 d&#8217;octubre ser\u00e0 la jornada central de la Fira, amb la pres\u00e8ncia d&#8217;autores com Rosa Ribas, Emi Zan\u00f3n, Francisco Pascual i Juli C\u00e8sar Cano, al costat de contacontes, tallers i activitats familiars.<\/p>\n\n\n\n<p>La vesprada estar\u00e0 dedicada al 60\u00e9 aniversari de J.K. Rowling, amb una programaci\u00f3 m\u00e0gica inspirada en Harry Potter: teatre, tallers de varetes, mandr\u00e1goras i un gran fotoreclam d&#8217;Hogwarts que convertir\u00e0 la pla\u00e7a en un m\u00f3n de fantasia.<\/p>\n\n\n\n<p>El diumenge 26 d&#8217;octubre posar\u00e0 el fermall final amb un mat\u00ed de poesia i, a la vesprada, les esperades presentacions de Santiago Posteguillo, que estrenar\u00e0 \u201cEls tres mons\u201d, i Bego\u00f1a Valero amb \u201cLa venjan\u00e7a dels templers\u201d, abans de l&#8217;acte de clausura oficial.<\/p>\n\n\n\n<p>Esta edici\u00f3, a m\u00e9s, coincidix amb la commemoraci\u00f3 del 75\u00e9 aniversari de les Biblioteques P\u00fabliques Municipals de Torrent (1950-2025) i el 40\u00e9 aniversari de la Casa de la Cultura de Torrent (1985-2025).<\/p>\n\n\n\n<p>L&#8217;ajuntament recorda que totes les activitats seran gratu\u00eftes i que la Fira romandr\u00e0 oberta del 23 al 26 d&#8217;octubre, d&#8217;11.00 a 14.00 i de 17.00 a 20.30 hores. La programaci\u00f3 completa pot consultar-se a trav\u00e9s de la web municipal&nbsp;<a href=\"https:\/\/torrent.es\/feria-del-libro\/\" target=\"_blank\" rel=\"noreferrer noopener\">https:\/\/torrent.es\/feria-del-libro\/<\/a>&nbsp;i en el compte oficial d&#8217;Instagram @bpmtorrent<\/p>\n\n\n\n<p>Durant el dissabte 25 d&#8217;octubre s&#8217;oferiran promocions especials, beneficiant-se els visitants d&#8217;un 10% de descompte en la compra de llibres dins de la 52\u00e9 Fira del Llibre de Torrent. Aix\u00ed com, al tancament de casetes, cada dia, es realitzar\u00e0 un sorteig de llibres entre els participants, per a poder participar, \u00e9s molt f\u00e0cil, amb la compra de llibres s&#8217;entregar\u00e0 un bitllet que cal emplenar i depositar en l&#8217;urna de la caseta d&#8217;organitzaci\u00f3.<\/p>\n\n\n\n<figure class=\"wp-block-image size-large\"><img fetchpriority=\"high\" decoding=\"async\" width=\"1024\" height=\"683\" src=\"https:\/\/infotorrent.es\/wp-content\/uploads\/2025\/10\/1-20-1-1024x683.jpg\" alt=\"\" class=\"wp-image-87755\" srcset=\"https:\/\/infotorrent.es\/wp-content\/uploads\/2025\/10\/1-20-1-1024x683.jpg 1024w, https:\/\/infotorrent.es\/wp-content\/uploads\/2025\/10\/1-20-1-300x200.jpg 300w, https:\/\/infotorrent.es\/wp-content\/uploads\/2025\/10\/1-20-1-768x512.jpg 768w, https:\/\/infotorrent.es\/wp-content\/uploads\/2025\/10\/1-20-1.jpg 1365w\" sizes=\"(max-width: 1024px) 100vw, 1024px\" \/><\/figure>\n\n\n\n<figure class=\"wp-block-gallery has-nested-images columns-default is-cropped wp-block-gallery-1 is-layout-flex wp-block-gallery-is-layout-flex\">\n<figure class=\"wp-block-image size-large\"><img decoding=\"async\" width=\"1024\" height=\"768\" data-id=\"87742\" src=\"https:\/\/infotorrent.es\/wp-content\/uploads\/2025\/10\/22-1024x768.jpg\" alt=\"\" class=\"wp-image-87742\" srcset=\"https:\/\/infotorrent.es\/wp-content\/uploads\/2025\/10\/22-1024x768.jpg 1024w, https:\/\/infotorrent.es\/wp-content\/uploads\/2025\/10\/22-300x225.jpg 300w, https:\/\/infotorrent.es\/wp-content\/uploads\/2025\/10\/22-768x576.jpg 768w, https:\/\/infotorrent.es\/wp-content\/uploads\/2025\/10\/22-1536x1152.jpg 1536w, https:\/\/infotorrent.es\/wp-content\/uploads\/2025\/10\/22.jpg 2048w\" sizes=\"(max-width: 1024px) 100vw, 1024px\" \/><\/figure>\n\n\n\n<figure class=\"wp-block-image size-large\"><img decoding=\"async\" width=\"1024\" height=\"683\" data-id=\"87745\" src=\"https:\/\/infotorrent.es\/wp-content\/uploads\/2025\/10\/11-2-1024x683.jpg\" alt=\"\" class=\"wp-image-87745\" srcset=\"https:\/\/infotorrent.es\/wp-content\/uploads\/2025\/10\/11-2-1024x683.jpg 1024w, https:\/\/infotorrent.es\/wp-content\/uploads\/2025\/10\/11-2-300x200.jpg 300w, https:\/\/infotorrent.es\/wp-content\/uploads\/2025\/10\/11-2-768x513.jpg 768w, https:\/\/infotorrent.es\/wp-content\/uploads\/2025\/10\/11-2.jpg 1368w\" sizes=\"(max-width: 1024px) 100vw, 1024px\" \/><\/figure>\n\n\n\n<figure class=\"wp-block-image size-large\"><img loading=\"lazy\" decoding=\"async\" width=\"1024\" height=\"683\" data-id=\"87747\" src=\"https:\/\/infotorrent.es\/wp-content\/uploads\/2025\/10\/10-1-1-1024x683.jpg\" alt=\"\" class=\"wp-image-87747\" srcset=\"https:\/\/infotorrent.es\/wp-content\/uploads\/2025\/10\/10-1-1-1024x683.jpg 1024w, https:\/\/infotorrent.es\/wp-content\/uploads\/2025\/10\/10-1-1-300x200.jpg 300w, https:\/\/infotorrent.es\/wp-content\/uploads\/2025\/10\/10-1-1-768x513.jpg 768w, https:\/\/infotorrent.es\/wp-content\/uploads\/2025\/10\/10-1-1.jpg 1368w\" sizes=\"(max-width: 1024px) 100vw, 1024px\" \/><\/figure>\n\n\n\n<figure class=\"wp-block-image size-large\"><img loading=\"lazy\" decoding=\"async\" width=\"1024\" height=\"683\" data-id=\"87749\" src=\"https:\/\/infotorrent.es\/wp-content\/uploads\/2025\/10\/16-1024x683.jpg\" alt=\"\" class=\"wp-image-87749\" srcset=\"https:\/\/infotorrent.es\/wp-content\/uploads\/2025\/10\/16-1024x683.jpg 1024w, https:\/\/infotorrent.es\/wp-content\/uploads\/2025\/10\/16-300x200.jpg 300w, https:\/\/infotorrent.es\/wp-content\/uploads\/2025\/10\/16-768x513.jpg 768w, https:\/\/infotorrent.es\/wp-content\/uploads\/2025\/10\/16.jpg 1368w\" sizes=\"(max-width: 1024px) 100vw, 1024px\" \/><\/figure>\n\n\n\n<figure class=\"wp-block-image size-large\"><img loading=\"lazy\" decoding=\"async\" width=\"1024\" height=\"683\" data-id=\"87751\" src=\"https:\/\/infotorrent.es\/wp-content\/uploads\/2025\/10\/9-1-1-1024x683.jpg\" alt=\"\" class=\"wp-image-87751\" srcset=\"https:\/\/infotorrent.es\/wp-content\/uploads\/2025\/10\/9-1-1-1024x683.jpg 1024w, https:\/\/infotorrent.es\/wp-content\/uploads\/2025\/10\/9-1-1-300x200.jpg 300w, https:\/\/infotorrent.es\/wp-content\/uploads\/2025\/10\/9-1-1-768x513.jpg 768w, https:\/\/infotorrent.es\/wp-content\/uploads\/2025\/10\/9-1-1.jpg 1368w\" sizes=\"(max-width: 1024px) 100vw, 1024px\" \/><\/figure>\n\n\n\n<figure class=\"wp-block-image size-large\"><img loading=\"lazy\" decoding=\"async\" width=\"1024\" height=\"683\" data-id=\"87753\" src=\"https:\/\/infotorrent.es\/wp-content\/uploads\/2025\/10\/12-5-1024x683.jpg\" alt=\"\" class=\"wp-image-87753\" srcset=\"https:\/\/infotorrent.es\/wp-content\/uploads\/2025\/10\/12-5-1024x683.jpg 1024w, https:\/\/infotorrent.es\/wp-content\/uploads\/2025\/10\/12-5-300x200.jpg 300w, https:\/\/infotorrent.es\/wp-content\/uploads\/2025\/10\/12-5-768x513.jpg 768w, https:\/\/infotorrent.es\/wp-content\/uploads\/2025\/10\/12-5.jpg 1368w\" sizes=\"(max-width: 1024px) 100vw, 1024px\" \/><\/figure>\n\n\n\n<figure class=\"wp-block-image size-large\"><img loading=\"lazy\" decoding=\"async\" width=\"1024\" height=\"683\" data-id=\"87757\" src=\"https:\/\/infotorrent.es\/wp-content\/uploads\/2025\/10\/6-8-1-1024x683.jpg\" alt=\"\" class=\"wp-image-87757\" srcset=\"https:\/\/infotorrent.es\/wp-content\/uploads\/2025\/10\/6-8-1-1024x683.jpg 1024w, https:\/\/infotorrent.es\/wp-content\/uploads\/2025\/10\/6-8-1-300x200.jpg 300w, https:\/\/infotorrent.es\/wp-content\/uploads\/2025\/10\/6-8-1-768x513.jpg 768w, https:\/\/infotorrent.es\/wp-content\/uploads\/2025\/10\/6-8-1.jpg 1368w\" sizes=\"(max-width: 1024px) 100vw, 1024px\" \/><\/figure>\n\n\n\n<figure class=\"wp-block-image size-large\"><img loading=\"lazy\" decoding=\"async\" width=\"1024\" height=\"683\" data-id=\"87759\" src=\"https:\/\/infotorrent.es\/wp-content\/uploads\/2025\/10\/3-15-1-1024x683.jpg\" alt=\"\" class=\"wp-image-87759\" srcset=\"https:\/\/infotorrent.es\/wp-content\/uploads\/2025\/10\/3-15-1-1024x683.jpg 1024w, https:\/\/infotorrent.es\/wp-content\/uploads\/2025\/10\/3-15-1-300x200.jpg 300w, https:\/\/infotorrent.es\/wp-content\/uploads\/2025\/10\/3-15-1-768x512.jpg 768w, https:\/\/infotorrent.es\/wp-content\/uploads\/2025\/10\/3-15-1.jpg 1365w\" sizes=\"(max-width: 1024px) 100vw, 1024px\" \/><\/figure>\n<\/figure>\n","protected":false},"excerpt":{"rendered":"<p>L&#8217;alcaldessa Amparo Folgado i el regidor de Cultura, Aitor S\u00e1nchez, van obrir la fira que reunix m\u00e9s d&#8217;una vintena d&#8217;autors i una trentena d&#8217;activitats culturals fins al diumenge Tota la programaci\u00f3 pot ser consultada en&nbsp;https:\/\/torrent.es\/feria-del-libro\/&nbsp;i en el compte ig: @bpmtorrent Torrent va donar en la vesprada d&#8217;ahir el tret d&#8217;eixida a la seua 52a Fira [&hellip;]<\/p>\n","protected":false},"author":21,"featured_media":87755,"comment_status":"open","ping_status":"open","sticky":false,"template":"","format":"standard","meta":{"_acf_changed":false,"footnotes":""},"categories":[1190,126,1192,1135],"tags":[],"class_list":["post-87761","post","type-post","status-publish","format-standard","has-post-thumbnail","hentry","category-ayuntamiento-de-torrent-ca","category-cultura-es-2","category-familia-e-infancia-ca","category-gestion-ciudad-2"],"acf":[],"_links":{"self":[{"href":"https:\/\/infotorrent.es\/ca\/wp-json\/wp\/v2\/posts\/87761","targetHints":{"allow":["GET"]}}],"collection":[{"href":"https:\/\/infotorrent.es\/ca\/wp-json\/wp\/v2\/posts"}],"about":[{"href":"https:\/\/infotorrent.es\/ca\/wp-json\/wp\/v2\/types\/post"}],"author":[{"embeddable":true,"href":"https:\/\/infotorrent.es\/ca\/wp-json\/wp\/v2\/users\/21"}],"replies":[{"embeddable":true,"href":"https:\/\/infotorrent.es\/ca\/wp-json\/wp\/v2\/comments?post=87761"}],"version-history":[{"count":1,"href":"https:\/\/infotorrent.es\/ca\/wp-json\/wp\/v2\/posts\/87761\/revisions"}],"predecessor-version":[{"id":87763,"href":"https:\/\/infotorrent.es\/ca\/wp-json\/wp\/v2\/posts\/87761\/revisions\/87763"}],"wp:featuredmedia":[{"embeddable":true,"href":"https:\/\/infotorrent.es\/ca\/wp-json\/wp\/v2\/media\/87755"}],"wp:attachment":[{"href":"https:\/\/infotorrent.es\/ca\/wp-json\/wp\/v2\/media?parent=87761"}],"wp:term":[{"taxonomy":"category","embeddable":true,"href":"https:\/\/infotorrent.es\/ca\/wp-json\/wp\/v2\/categories?post=87761"},{"taxonomy":"post_tag","embeddable":true,"href":"https:\/\/infotorrent.es\/ca\/wp-json\/wp\/v2\/tags?post=87761"}],"curies":[{"name":"wp","href":"https:\/\/api.w.org\/{rel}","templated":true}]}}