{"id":87735,"date":"2025-10-23T13:40:46","date_gmt":"2025-10-23T11:40:46","guid":{"rendered":"https:\/\/infotorrent.es\/?p=87735"},"modified":"2025-10-23T14:02:53","modified_gmt":"2025-10-23T12:02:53","slug":"torrent-es-prepara-per-a-viure-les-exaltacions-de-les-falleres-majors-2026","status":"publish","type":"post","link":"https:\/\/infotorrent.es\/ca\/cultura-es-2\/torrent-es-prepara-per-a-viure-les-exaltacions-de-les-falleres-majors-2026\/","title":{"rendered":"Torrent es prepara per a viure les Exaltacions de les Falleres Majors 2026"},"content":{"rendered":"\n<p>L\u2019Ajuntament de Torrent i la Junta Local Fallera ultimen els preparatius per a les Exaltacions de les Falleres Majors de Torrent 2026, Andrea Adelantado Montoya i Sara Mag\u00e1n Miquel, que se celebraran els dies 25 i 26 d\u2019octubre a l\u2019Auditori de Torrent, donant aix\u00ed inici oficial al regnat de les m\u00e0ximes representants del m\u00f3n faller torrent\u00ed i les seues Corts d\u2019Honor.<\/p>\n\n\n\n<p>Com \u00e9s tradici\u00f3, l\u2019Auditori tornar\u00e0 a vestir-se de gala per a acollir un dels actes m\u00e9s esperats del calendari festiu, en qu\u00e8 l\u2019alcaldessa de Torrent, Amparo Folgado, imposar\u00e0 les bandes acreditatives a les Falleres Majors i dirigir\u00e0 unes paraules de reconeixement al conjunt del col\u00b7lectiu faller.<\/p>\n\n\n\n<p><strong>\u201cLes Exaltacions s\u00f3n molt m\u00e9s que un acte protocol\u00b7lari: s\u00f3n el punt de partida d\u2019un nou cicle d\u2019il\u00b7lusi\u00f3, treball i orgull faller per a tota la ciutat\u201d,<\/strong> ha destacat l\u2019alcaldessa, Amparo Folgado. <strong>\u201cTorrent exal\u00e7a un any m\u00e9s les seues Falleres Majors per a celebrar les nostres arrels, la nostra cultura i la for\u00e7a d\u2019una festa que forma part de la nostra identitat col\u00b7lectiva\u201d, <\/strong>ha afegit.<\/p>\n\n\n\n<p>El dissabte 25 d\u2019octubre, a les 19.00 hores, tindr\u00e0 lloc l\u2019Exaltaci\u00f3 de la Fallera Major de Torrent 2026, Andrea Adelantado, sota el lema \u201cArrels\u201d, amb recepci\u00f3 pr\u00e8via a les 18.00 h. El diumenge 26 d\u2019octubre, a les 11.00 hores, ser\u00e0 el torn de la Fallera Major Infantil, Sara Mag\u00e1n, i la seua Cort d\u2019Honor, en un acte titulat \u201cEl(s) sentit(s) de les falles\u201d, amb recepci\u00f3 a les 10.00 h. Els dos actes comptaran amb un muntatge esc\u00e8nic i musical molt cuidat, en qu\u00e8 el sentiment, la tradici\u00f3 i l\u2019eleg\u00e0ncia tornaran a ser protagonistes.<\/p>\n\n\n\n<p>En esta edici\u00f3, Mar\u00eda Estela Arlandis, Fallera Major de Val\u00e8ncia 2024, ser\u00e0 la mantenidora d\u2019Andrea Adelantado, mentre que l\u2019humorista i presentador \u00d3scar Tramoyeres pronunciar\u00e0 el discurs d\u2019exaltaci\u00f3 de Sara Mag\u00e1n. Dues veus que aportaran emoci\u00f3 i proximitat a un acte que simbolitza l\u2019inici del regnat faller de Torrent.<\/p>\n\n\n\n<p><strong>\u201cComptar amb persones tan vinculades a la festa com Mar\u00eda Estela i \u00d3scar garanteix que les seues paraules estaran plenes de sensibilitat i autenticitat fallera\u201d<\/strong>, ha assenyalat l\u2019alcaldessa. <strong>\u201cAcompanyaran Andrea i Sara en un moment que quedar\u00e0 gravat en la mem\u00f2ria de tot Torrent\u201d.<\/strong><\/p>\n\n\n\n<p>Els cartells anunciadors de les Exaltacions tamb\u00e9 reflecteixen el talent torrent\u00ed. El cartell de la Fallera Major, sota el lema \u201cArrels\u201d, ha sigut dissenyat per Elena Andreu (@marea.ilustraciones), fallera de la Falla de la Pla\u00e7a; mentre que el de la Fallera Major Infantil, \u201cEl(s) sentit(s) de les falles\u201d, \u00e9s obra de Carla Pallard\u00f3, de la Falla Sedav\u00ed. Totes dues creadores han sabut plasmar l\u2019esperit de la festa des de la viv\u00e8ncia i el sentiment faller que compartixen.<\/p>\n\n\n\n<p>Les Exaltacions tornaran a reunir les comissions falleres de la ciutat, junt amb representants de municipis ve\u00efns i entitats culturals i socials, consolidant este cap de setmana com un espai de germanor i orgull col\u00b7lectiu. <strong>\u201cTorrent viu les Falles amb l\u2019\u00e0nima. Estes Exaltacions s\u00f3n la millor mostra de com tradici\u00f3, art i sentiment s\u2019unixen en una celebraci\u00f3 que ens representa a tots<\/strong>\u201d, ha concl\u00f2s l\u2019alcaldessa Amparo Folgado.<\/p>\n\n\n\n<p>Els actes podran seguir-se en directe a trav\u00e9s dels canals oficials de l\u2019Ajuntament de Torrent en YouTube i Facebook, aix\u00ed com mitjan\u00e7ant els perfils oficials de la Junta Local Fallera de Torrent en Facebook. A m\u00e9s, les cadenes Ribera TV (a trav\u00e9s de la TDT) i Tele Torrent, per mitj\u00e0 de les seues xarxes socials, oferiran tamb\u00e9 la retransmissi\u00f3 de les Exaltacions perqu\u00e8 tota la ciutadania puga disfrutar d\u2019este esdeveniment des de qualsevol lloc.<\/p>\n\n\n\n<figure class=\"wp-block-image size-large is-resized\"><img fetchpriority=\"high\" decoding=\"async\" width=\"724\" height=\"1024\" src=\"https:\/\/infotorrent.es\/wp-content\/uploads\/2025\/10\/CARTEL-EXATACIONES-2-724x1024.jpeg\" alt=\"\" class=\"wp-image-87730\" style=\"width:800px;height:auto\" srcset=\"https:\/\/infotorrent.es\/wp-content\/uploads\/2025\/10\/CARTEL-EXATACIONES-2-724x1024.jpeg 724w, https:\/\/infotorrent.es\/wp-content\/uploads\/2025\/10\/CARTEL-EXATACIONES-2-212x300.jpeg 212w, https:\/\/infotorrent.es\/wp-content\/uploads\/2025\/10\/CARTEL-EXATACIONES-2-768x1086.jpeg 768w, https:\/\/infotorrent.es\/wp-content\/uploads\/2025\/10\/CARTEL-EXATACIONES-2-1086x1536.jpeg 1086w, https:\/\/infotorrent.es\/wp-content\/uploads\/2025\/10\/CARTEL-EXATACIONES-2.jpeg 1131w\" sizes=\"(max-width: 724px) 100vw, 724px\" \/><\/figure>\n\n\n\n<figure class=\"wp-block-image size-large is-resized\"><img decoding=\"async\" width=\"724\" height=\"1024\" src=\"https:\/\/infotorrent.es\/wp-content\/uploads\/2025\/10\/CARTEL-EXATACIONES-1-724x1024.jpeg\" alt=\"\" class=\"wp-image-87732\" style=\"width:800px;height:auto\" srcset=\"https:\/\/infotorrent.es\/wp-content\/uploads\/2025\/10\/CARTEL-EXATACIONES-1-724x1024.jpeg 724w, https:\/\/infotorrent.es\/wp-content\/uploads\/2025\/10\/CARTEL-EXATACIONES-1-212x300.jpeg 212w, https:\/\/infotorrent.es\/wp-content\/uploads\/2025\/10\/CARTEL-EXATACIONES-1-768x1086.jpeg 768w, https:\/\/infotorrent.es\/wp-content\/uploads\/2025\/10\/CARTEL-EXATACIONES-1-1086x1536.jpeg 1086w, https:\/\/infotorrent.es\/wp-content\/uploads\/2025\/10\/CARTEL-EXATACIONES-1.jpeg 1131w\" sizes=\"(max-width: 724px) 100vw, 724px\" \/><\/figure>\n","protected":false},"excerpt":{"rendered":"<p>L\u2019Ajuntament de Torrent i la Junta Local Fallera ultimen els preparatius per a les Exaltacions de les Falleres Majors de Torrent 2026, Andrea Adelantado Montoya i Sara Mag\u00e1n Miquel, que se celebraran els dies 25 i 26 d\u2019octubre a l\u2019Auditori de Torrent, donant aix\u00ed inici oficial al regnat de les m\u00e0ximes representants del m\u00f3n faller [&hellip;]<\/p>\n","protected":false},"author":21,"featured_media":87730,"comment_status":"open","ping_status":"open","sticky":false,"template":"","format":"standard","meta":{"_acf_changed":false,"footnotes":""},"categories":[1215,126,1171],"tags":[],"class_list":["post-87735","post","type-post","status-publish","format-standard","has-post-thumbnail","hentry","category-auditori-de-torrent-ca","category-cultura-es-2","category-fallas-ca"],"acf":[],"_links":{"self":[{"href":"https:\/\/infotorrent.es\/ca\/wp-json\/wp\/v2\/posts\/87735","targetHints":{"allow":["GET"]}}],"collection":[{"href":"https:\/\/infotorrent.es\/ca\/wp-json\/wp\/v2\/posts"}],"about":[{"href":"https:\/\/infotorrent.es\/ca\/wp-json\/wp\/v2\/types\/post"}],"author":[{"embeddable":true,"href":"https:\/\/infotorrent.es\/ca\/wp-json\/wp\/v2\/users\/21"}],"replies":[{"embeddable":true,"href":"https:\/\/infotorrent.es\/ca\/wp-json\/wp\/v2\/comments?post=87735"}],"version-history":[{"count":1,"href":"https:\/\/infotorrent.es\/ca\/wp-json\/wp\/v2\/posts\/87735\/revisions"}],"predecessor-version":[{"id":87737,"href":"https:\/\/infotorrent.es\/ca\/wp-json\/wp\/v2\/posts\/87735\/revisions\/87737"}],"wp:featuredmedia":[{"embeddable":true,"href":"https:\/\/infotorrent.es\/ca\/wp-json\/wp\/v2\/media\/87730"}],"wp:attachment":[{"href":"https:\/\/infotorrent.es\/ca\/wp-json\/wp\/v2\/media?parent=87735"}],"wp:term":[{"taxonomy":"category","embeddable":true,"href":"https:\/\/infotorrent.es\/ca\/wp-json\/wp\/v2\/categories?post=87735"},{"taxonomy":"post_tag","embeddable":true,"href":"https:\/\/infotorrent.es\/ca\/wp-json\/wp\/v2\/tags?post=87735"}],"curies":[{"name":"wp","href":"https:\/\/api.w.org\/{rel}","templated":true}]}}