{"id":8764,"date":"2017-07-18T07:20:37","date_gmt":"2017-07-18T07:20:37","guid":{"rendered":"https:\/\/infotorrent.es\/uncategorized\/la-pellicula-el-pregon-enceta-el-cicle-audiovisual-nits-de-cinema-a-lestiu-2\/"},"modified":"2017-07-18T07:20:37","modified_gmt":"2017-07-18T07:20:37","slug":"la-pellicula-el-pregon-enceta-el-cicle-audiovisual-nits-de-cinema-a-lestiu-2","status":"publish","type":"post","link":"https:\/\/infotorrent.es\/ca\/noticies\/la-pellicula-el-pregon-enceta-el-cicle-audiovisual-nits-de-cinema-a-lestiu-2\/","title":{"rendered":"La pel\u00b7l\u00edcula \u201cEl preg\u00f3n\u201d enceta el cicle audiovisual Nits de Cinema a l\u2019Estiu"},"content":{"rendered":"<p style=\"text-align: justify;\">La nit de dissabte, la pla\u00e7a de l\u2019Esgl\u00e9sia va acollir la primera jornada de Nits de Cinema a l\u2019Estiu, amb la com\u00e8dia espanyola El preg\u00f3n del director Dani de la Orden. Comen\u00e7a aix\u00ed esta oferta audiovisual que s\u2019ha organitzat per a fer arribar el m\u00f3n del cinema -debades- als ve\u00efns i ve\u00efnes de la ciutat, i poder gaudir-ne a l\u2019aire lliure.<\/p>\n<p style=\"text-align: justify;\">Els dos empla\u00e7aments escollits per a la projecci\u00f3 de les pel\u00b7l\u00edcules s\u00f3n la pla\u00e7a de l\u2019Esgl\u00e9sia i la pla\u00e7a de la Llibertat. Estos dos enclavaments de la ciutat, oferiran un gran ventall d\u2019audiovisuals de distints g\u00e8neres. Pel\u00b7l\u00edcules com El olivo, Cuerpo de \u00e9lite, Quatretondeta, La leyenda de Tarz\u00e1n o Capit\u00e1n Am\u00e9rica s\u00f3n una selecci\u00f3 les oferides en este cicle de Nits de Cinema a l\u2019Estiu que es celebrar\u00e0 des del 15 de juliol fins al 2 de setembre.<\/p>\n<p style=\"text-align: justify;\">Per a consultar totes les pel\u00b7l\u00edcules i les dates i llocs de projecci\u00f3:<\/p>\n<p style=\"text-align: justify;\"><a href=\"http:\/\/pdfadjunt-%20http\/\/www.torrent.es\/torrentPublic\/inicio\/coneixer\/agenda?noticia=725d354b-e577-4192-b703-a026aee60da8\" target=\"_blank\">PDFadjunt- http:\/\/www.torrent.es\/torrentPublic\/inicio\/coneixer\/agenda?noticia=725d354b-e577-4192-b703-a026aee60da8<\/a><\/p>\n","protected":false},"excerpt":{"rendered":"<p>La nit de dissabte, la pla\u00e7a de l\u2019Esgl\u00e9sia va acollir la primera jornada de Nits de Cinema a l\u2019Estiu, amb la com\u00e8dia espanyola El preg\u00f3n del director Dani de la Orden. Comen\u00e7a aix\u00ed esta oferta audiovisual que s\u2019ha organitzat per a fer arribar el m\u00f3n del cinema -debades- als ve\u00efns i ve\u00efnes de la ciutat, [&hellip;]<\/p>\n","protected":false},"author":4,"featured_media":1137,"comment_status":"open","ping_status":"open","sticky":false,"template":"","format":"standard","meta":{"_acf_changed":false,"footnotes":""},"categories":[117,116],"tags":[],"class_list":["post-8764","post","type-post","status-publish","format-standard","has-post-thumbnail","hentry","category-cultura","category-noticies"],"acf":[],"_links":{"self":[{"href":"https:\/\/infotorrent.es\/ca\/wp-json\/wp\/v2\/posts\/8764","targetHints":{"allow":["GET"]}}],"collection":[{"href":"https:\/\/infotorrent.es\/ca\/wp-json\/wp\/v2\/posts"}],"about":[{"href":"https:\/\/infotorrent.es\/ca\/wp-json\/wp\/v2\/types\/post"}],"author":[{"embeddable":true,"href":"https:\/\/infotorrent.es\/ca\/wp-json\/wp\/v2\/users\/4"}],"replies":[{"embeddable":true,"href":"https:\/\/infotorrent.es\/ca\/wp-json\/wp\/v2\/comments?post=8764"}],"version-history":[{"count":0,"href":"https:\/\/infotorrent.es\/ca\/wp-json\/wp\/v2\/posts\/8764\/revisions"}],"wp:featuredmedia":[{"embeddable":true,"href":"https:\/\/infotorrent.es\/ca\/wp-json\/wp\/v2\/media\/1137"}],"wp:attachment":[{"href":"https:\/\/infotorrent.es\/ca\/wp-json\/wp\/v2\/media?parent=8764"}],"wp:term":[{"taxonomy":"category","embeddable":true,"href":"https:\/\/infotorrent.es\/ca\/wp-json\/wp\/v2\/categories?post=8764"},{"taxonomy":"post_tag","embeddable":true,"href":"https:\/\/infotorrent.es\/ca\/wp-json\/wp\/v2\/tags?post=8764"}],"curies":[{"name":"wp","href":"https:\/\/api.w.org\/{rel}","templated":true}]}}