{"id":87599,"date":"2025-10-20T14:19:25","date_gmt":"2025-10-20T12:19:25","guid":{"rendered":"https:\/\/infotorrent.es\/?p=87599"},"modified":"2025-10-20T14:24:07","modified_gmt":"2025-10-20T12:24:07","slug":"maria-estela-arlandis-i-oscar-tramoyeres-seran-els-mantenidors-de-les-falleres-majors-de-torrent-2026","status":"publish","type":"post","link":"https:\/\/infotorrent.es\/ca\/cultura-es-2\/maria-estela-arlandis-i-oscar-tramoyeres-seran-els-mantenidors-de-les-falleres-majors-de-torrent-2026\/","title":{"rendered":"Mar\u00eda Estela Arlandis i \u00d3scar Tramoyeres seran els mantenidors de les Falleres Majors de Torrent 2026"},"content":{"rendered":"\n<p><strong>L&#8217;Ajuntament de Torrent i la Junta Local Fallera confien el pr\u00f2leg solemne de les Exaltacions de 2026 a la Fallera Major de Val\u00e8ncia 2024 i al popular c\u00f2mic valenci\u00e0<\/strong><\/p>\n\n\n\n<p>L&#8217;Ajuntament de Torrent, juntament amb la Junta Local Fallera, ha anunciat els noms de les persones que exerciran com a mantenidors en les Exaltacions de les Falleres Majors de Torrent 2026, Andrea Adelantado Montoya i Sara Mag\u00e1n Miquel, els dies 25 i 26 d&#8217;octubre.<\/p>\n\n\n\n<p>Mar\u00eda Estela Arlandis, Fallera Major de Val\u00e8ncia 2024, pronunciar\u00e0 el discurs de la Fallera Major de Torrent 2026, mentres que el c\u00f2mic i presentador valenci\u00e0 \u00d3scar Tramoyeres ser\u00e0 el mantenidor de la Fallera Major Infantil de Torrent 2026. Amb este anunci, la ciutat confirma dos veus de traject\u00f2ria i sensibilitat fallera per a emmarcar l&#8217;acte m\u00e9s solemne del calendari local.<\/p>\n\n\n\n<p><strong>Un Auditori que tornar\u00e0 a vestir-se de gala<\/strong><\/p>\n\n\n\n<p>Com \u00e9s tradici\u00f3, l&#8217;Auditori de Torrent acollir\u00e0 els actes d&#8217;Exaltaci\u00f3, on l&#8217;alcaldessa de Torrent, Amparo Folgado, imposar\u00e0 les bandes a les m\u00e0ximes representants de la festa, es convertix en punt de trobada i agermanament entre el col\u00b7lectiu faller de la ciutat i representants fallers d&#8217;altres localitats i entitats culturals i socials del municipi.<\/p>\n\n\n\n<p>Els actes d&#8217;Exaltaci\u00f3 constitu\u00efxen l&#8217;inici solemne del regnat de les Falleres Majors de Torrent i les seues Corts d&#8217;Honor 2026. S\u00f3n, a m\u00e9s, un espai de reconeixement al treball de les comissions i a la transmissi\u00f3 intergeneracional de la festa, en el qual els mantenidors, dediquen unes paraules que subratllen el car\u00e0cter representatiu, cultural i social de les Falles i de les seues Falleres Majors.<\/p>\n\n\n\n<p><strong>PERFIL DELS MANTENIDORS DE LES FMT\u2019s 2026<\/strong><\/p>\n\n\n\n<p><strong>Mar\u00eda Estela Arlandis-Mantenedora de la Fallera Major de Torrent 2026<\/strong><\/p>\n\n\n\n<p>Mar\u00eda Estela Arlandis Ferrando va ser la m\u00e0xima representant de les Falles de Val\u00e8ncia en 2024. Graduada en Dret, fallera des del seu naixement, pertany a la comissi\u00f3 Bisbe Jaume P\u00e9rez\u2013Luis Oliag (Quatre Carreres, Val\u00e8ncia), on va ser Fallera Major Infantil i l&#8217;any 2011 va ser Cort d&#8217;Honor de la Fallera Major Infantil de Val\u00e8ncia. Va ocupar el c\u00e0rrec de Subdelegada de Protocol en la comissi\u00f3, ocupant-se de l&#8217;agenda de les falleres majors de la comissi\u00f3.<\/p>\n\n\n\n<p>Mant\u00e9 un vincle especial amb la localitat de Pinet (Vall d\u2019Albaida), on a l&#8217;octubre de 2024 es va inaugurar una pla\u00e7a amb el seu nom en reconeixement a la seua labor com a ambaixadora de la festa.<\/p>\n\n\n\n<p>La seua experi\u00e8ncia recent com FMV i el seu profund coneixement del cerimonial faller garantixen un discurs solvent, pr\u00f2xim i a l&#8217;altura de la solemnitat de l&#8217;acte d&#8217;Exaltaci\u00f3. La seua sensibilitat per la tradici\u00f3, la indument\u00e0ria i la projecci\u00f3 cultural de la festa connecta amb l&#8217;ess\u00e8ncia de Torrent com a gran ciutat fallera.<\/p>\n\n\n\n<p><strong>\u00d3scar Tramoyeres-Mantenidor de la Fallera Major Infantil de Torrent 2026<\/strong><\/p>\n\n\n\n<p>Oscar Tramoyeres Ferrandis \u00e9s humorista, monologuista, actor i presentador nascut a Rafelbunyol, \u00c9s un dels c\u00f2mics valencians m\u00e9s populars de l&#8217;\u00faltima d\u00e8cada. Integrant de l&#8217;escena de Val\u00e8ncia Comedy i amb una \u00e0mplia pres\u00e8ncia en la televisi\u00f3 auton\u00f2mica \u00c0 Punt, on presenta actualment \u2018Atrapa\u2019m si pots\u2019 i va conduir \u2018TAP Z\u00e0ping\u2019 i ha participat en programes com \u2018Comediants\u2019, \u2018Assumptes interns\u2019 i \u2018Aix\u00ed dona gust\u2019, a m\u00e9s d&#8217;especials de cap d&#8217;any. Amb m\u00e9s de 300 actuacions en grup i m\u00e9s de 1.000 en solitari, s&#8217;ha consolidat com a referent de l&#8217;anomenat \u201chumor del terreny\u201d: pr\u00f2xim, costumista, profundament valenci\u00e0 i apte per a tots els p\u00fablics.<\/p>\n\n\n\n<p>El seu \u00e8xit radica en la seua capacitat per a retratar les escenes m\u00e9s aut\u00e8ntiques de la vida valenciana, des dels esmorzars fins a la conviv\u00e8ncia fallera. Tramoyeres ha convertit en senya d&#8217;identitat mon\u00f2legs sobre l&#8217;univers faller: la indument\u00e0ria de les Falleres Majors, els nervis de l&#8217;Ofrena, les despert\u00e0s, els pares carregats de rams o el caos afectu\u00f3s dels casals.<\/p>\n\n\n\n<p>Destaca per la seua capacitat per a combinar ritme esc\u00e8nic, tendresa i complicitat amb el p\u00fablic infantil i familiar i el seu arrelament en la cultura popular valenciana, elements clau en l&#8217;Exaltaci\u00f3 FMIT. El seu domini del directe i la seua connexi\u00f3 amb l&#8217;audi\u00e8ncia aportaran calidesa i frescor al protocol de l&#8217;Exaltaci\u00f3 Infantil.<\/p>\n\n\n\n<p>Amparo Folgado, alcaldessa de Torrent, ha manifestat que&nbsp;<strong>\u201canunciem dos mantenidors que representen a la perfecci\u00f3 l&#8217;\u00e0nima de les nostres Falles: l&#8217;experi\u00e8ncia i l&#8217;eleg\u00e0ncia de Mar\u00eda Estela Arlandis, Fallera Major de Val\u00e8ncia 2024, i la proximitat i alegria d&#8217;\u00d3scar Tramoyeres. Junts, posaran paraules \u2013solemnes, emotives i personals, alhora- al comprom\u00eds que les nostres Falleres Majors assumixen amb Torrent i amb la tradici\u00f3 que compartim\u201d.<\/strong><\/p>\n\n\n\n<p>Aitor S\u00e1nchez, president de Junta Local Fallera de Torrent i regidor de Cultura i Falles, ha declarat que&nbsp;<strong>\u201cen les Exaltacions, cada detall compta. Comptar amb Mar\u00eda Estela i amb \u00d3scar \u00e9s una garantia d&#8217;emoci\u00f3, sentiment, respecte per la lit\u00fargia fallera i connexi\u00f3 amb el p\u00fablic. Seran dos discursos que les nostres m\u00e0ximes representants recordaran tota la vida\u201d.<\/strong><\/p>\n\n\n\n<p><strong>Cam\u00ed a les Exaltacions<\/strong><\/p>\n\n\n\n<p>Amb este acte, Torrent empr\u00e9n el cam\u00ed cap als grans dies del regnat. L&#8217;Auditori de Torrent acollir\u00e0 l&#8217;acte d&#8217;Exaltaci\u00f3 de Sandra Adelantado com a Fallera Major de Torrent 2026 i la seua Cort d&#8217;Honor, sota el lema \u2018Arrels\u2019, el dissabte 25 d&#8217;octubre a les 19.00 hores, iniciant-se la recepci\u00f3 pr\u00e8via a les 18.00 hores. Mentres que el diumenge 26, ser\u00e0 el torn d&#8217;exaltar a Sara Mag\u00e1n, com a Fallera Major Infantil de Torrent 2026 i la seua Cort d&#8217;Honor, amb un acte que porta per nom \u2018El(s) sentit(s) dels falles\u201d a partir de les 11:00h, donant principi la recepci\u00f3 a les 10:00h.<\/p>\n\n\n\n<p>Enguany els cartells anunciadors han sigut dissenyats: el de l&#8217;Exaltaci\u00f3 de la Fallera Major i la seua Cort d&#8217;Honor amb el lema \u201cArrels\u201d, per Elena Andreu (@marea.ilustraciones), fallera de la Falla de la Pla\u00e7a. I el de la Fallera Major Infantil i la seua Cort d&#8217;Honor, per Carla Pallard\u00f3 de la falla Sedav\u00ed. Que les dos creadores siguen, a m\u00e9s, falleres de la nostra ciutat aporta un valor especial, perqu\u00e8 les seues obres naixen des del sentiment i la viv\u00e8ncia aut\u00e8ntica de les nostres tradicions.<\/p>\n\n\n\n<p>Les Exaltacions tornaran a reunir les comissions de la ciutat i a representants de municipis ve\u00efns, refor\u00e7ant els lla\u00e7os de germanor fallera que distingixen a Torrent. El cerimonial inclour\u00e0 la imposici\u00f3 de bandes per part de l&#8217;alcaldessa, en un marc esc\u00e8nic i musical cura al detall.<\/p>\n\n\n\n<figure class=\"wp-block-gallery has-nested-images columns-default is-cropped wp-block-gallery-1 is-layout-flex wp-block-gallery-is-layout-flex\">\n<figure class=\"wp-block-image size-large\"><img fetchpriority=\"high\" decoding=\"async\" width=\"731\" height=\"1024\" data-id=\"87594\" src=\"https:\/\/infotorrent.es\/wp-content\/uploads\/2025\/10\/1-18-2-731x1024.jpg\" alt=\"\" class=\"wp-image-87594\" srcset=\"https:\/\/infotorrent.es\/wp-content\/uploads\/2025\/10\/1-18-2-731x1024.jpg 731w, https:\/\/infotorrent.es\/wp-content\/uploads\/2025\/10\/1-18-2-214x300.jpg 214w, https:\/\/infotorrent.es\/wp-content\/uploads\/2025\/10\/1-18-2-768x1076.jpg 768w, https:\/\/infotorrent.es\/wp-content\/uploads\/2025\/10\/1-18-2-1096x1536.jpg 1096w, https:\/\/infotorrent.es\/wp-content\/uploads\/2025\/10\/1-18-2.jpg 1142w\" sizes=\"(max-width: 731px) 100vw, 731px\" \/><\/figure>\n\n\n\n<figure class=\"wp-block-image size-large\"><img decoding=\"async\" width=\"731\" height=\"1024\" data-id=\"87592\" src=\"https:\/\/infotorrent.es\/wp-content\/uploads\/2025\/10\/2-15-1-731x1024.jpg\" alt=\"\" class=\"wp-image-87592\" srcset=\"https:\/\/infotorrent.es\/wp-content\/uploads\/2025\/10\/2-15-1-731x1024.jpg 731w, https:\/\/infotorrent.es\/wp-content\/uploads\/2025\/10\/2-15-1-214x300.jpg 214w, https:\/\/infotorrent.es\/wp-content\/uploads\/2025\/10\/2-15-1-768x1076.jpg 768w, https:\/\/infotorrent.es\/wp-content\/uploads\/2025\/10\/2-15-1-1096x1536.jpg 1096w, https:\/\/infotorrent.es\/wp-content\/uploads\/2025\/10\/2-15-1.jpg 1142w\" sizes=\"(max-width: 731px) 100vw, 731px\" \/><\/figure>\n<\/figure>\n","protected":false},"excerpt":{"rendered":"<p>L&#8217;Ajuntament de Torrent i la Junta Local Fallera confien el pr\u00f2leg solemne de les Exaltacions de 2026 a la Fallera Major de Val\u00e8ncia 2024 i al popular c\u00f2mic valenci\u00e0 L&#8217;Ajuntament de Torrent, juntament amb la Junta Local Fallera, ha anunciat els noms de les persones que exerciran com a mantenidors en les Exaltacions de les [&hellip;]<\/p>\n","protected":false},"author":21,"featured_media":87596,"comment_status":"open","ping_status":"open","sticky":false,"template":"","format":"standard","meta":{"_acf_changed":false,"footnotes":""},"categories":[141,1190,126,1171],"tags":[],"class_list":["post-87599","post","type-post","status-publish","format-standard","has-post-thumbnail","hentry","category-alcaldia-2","category-ayuntamiento-de-torrent-ca","category-cultura-es-2","category-fallas-ca"],"acf":[],"_links":{"self":[{"href":"https:\/\/infotorrent.es\/ca\/wp-json\/wp\/v2\/posts\/87599","targetHints":{"allow":["GET"]}}],"collection":[{"href":"https:\/\/infotorrent.es\/ca\/wp-json\/wp\/v2\/posts"}],"about":[{"href":"https:\/\/infotorrent.es\/ca\/wp-json\/wp\/v2\/types\/post"}],"author":[{"embeddable":true,"href":"https:\/\/infotorrent.es\/ca\/wp-json\/wp\/v2\/users\/21"}],"replies":[{"embeddable":true,"href":"https:\/\/infotorrent.es\/ca\/wp-json\/wp\/v2\/comments?post=87599"}],"version-history":[{"count":1,"href":"https:\/\/infotorrent.es\/ca\/wp-json\/wp\/v2\/posts\/87599\/revisions"}],"predecessor-version":[{"id":87601,"href":"https:\/\/infotorrent.es\/ca\/wp-json\/wp\/v2\/posts\/87599\/revisions\/87601"}],"wp:featuredmedia":[{"embeddable":true,"href":"https:\/\/infotorrent.es\/ca\/wp-json\/wp\/v2\/media\/87596"}],"wp:attachment":[{"href":"https:\/\/infotorrent.es\/ca\/wp-json\/wp\/v2\/media?parent=87599"}],"wp:term":[{"taxonomy":"category","embeddable":true,"href":"https:\/\/infotorrent.es\/ca\/wp-json\/wp\/v2\/categories?post=87599"},{"taxonomy":"post_tag","embeddable":true,"href":"https:\/\/infotorrent.es\/ca\/wp-json\/wp\/v2\/tags?post=87599"}],"curies":[{"name":"wp","href":"https:\/\/api.w.org\/{rel}","templated":true}]}}