{"id":8759,"date":"2017-07-17T09:05:29","date_gmt":"2017-07-17T09:05:29","guid":{"rendered":"https:\/\/infotorrent.es\/uncategorized\/casa-de-la-cultura-inicia-sus-reformas-como-medida-de-proteccion-del-inmueble\/"},"modified":"2017-07-17T09:05:29","modified_gmt":"2017-07-17T09:05:29","slug":"casa-de-la-cultura-inicia-sus-reformas-como-medida-de-proteccion-del-inmueble","status":"publish","type":"post","link":"https:\/\/infotorrent.es\/ca\/noticies\/casa-de-la-cultura-inicia-sus-reformas-como-medida-de-proteccion-del-inmueble\/","title":{"rendered":"Casa de la Cultura inicia les seues reformes com a mesura de protecci\u00f3 de l&#8217;immoble"},"content":{"rendered":"<div style=\"text-align: justify;\">\n<div>Esta setmana s\u2019han iniciat les obres de reforma en la Casa de la Cultura. Despr\u00e9s d\u2019un estudi de l\u2019edifici, es comprov\u00e0 que tot el per\u00edmetre interior del mur de la fa\u00e7ana de la segona planta, que limita amb la pla\u00e7a Major i el carrer de Sagra, presenta signes evidents d\u2019una humitat abundant i s\u2019han produ\u00eft xicotets forats, previsiblement a causa de les filtracions de la coberta, en particular en la zona de recollida d\u2019aig\u00fces.<\/div>\n<div><\/div>\n<div>Com a mesura de protecci\u00f3 de l&#8217;immoble, s\u2019han iniciat les reformes, on s\u2019ha desmuntat l&#8217;actual canal\u00f3 i s\u2019ha al\u00e7at la primera l\u00ednia de teules per tal de sanejar la base del canal\u00f3. Tamb\u00e9 es realitzaran treballs de reparaci\u00f3 dels murs afectats.<\/div>\n<div><\/div>\n<div>Una altra de les millores \u00e9s la reparaci\u00f3 i substituci\u00f3 dels materials de la claraboia, que es troba en el pati interior i que t\u00e9 forma de pir\u00e0mide. Actualment, cada vegada que plou, el vest\u00edbul de la primera planta, pel qual s&#8217;accedix a la sala d\u2019actes, presenta filtracions d\u2019aigua.<\/div>\n<\/div>\n","protected":false},"excerpt":{"rendered":"<p>Esta setmana s\u2019han iniciat les obres de reforma en la Casa de la Cultura. Despr\u00e9s d\u2019un estudi de l\u2019edifici, es comprov\u00e0 que tot el per\u00edmetre interior del mur de la fa\u00e7ana de la segona planta, que limita amb la pla\u00e7a Major i el carrer de Sagra, presenta signes evidents d\u2019una humitat abundant i s\u2019han produ\u00eft [&hellip;]<\/p>\n","protected":false},"author":4,"featured_media":1137,"comment_status":"open","ping_status":"open","sticky":false,"template":"","format":"standard","meta":{"_acf_changed":false,"footnotes":""},"categories":[126,116,133],"tags":[],"class_list":["post-8759","post","type-post","status-publish","format-standard","has-post-thumbnail","hentry","category-cultura-es-2","category-noticies","category-urbanisme"],"acf":[],"_links":{"self":[{"href":"https:\/\/infotorrent.es\/ca\/wp-json\/wp\/v2\/posts\/8759","targetHints":{"allow":["GET"]}}],"collection":[{"href":"https:\/\/infotorrent.es\/ca\/wp-json\/wp\/v2\/posts"}],"about":[{"href":"https:\/\/infotorrent.es\/ca\/wp-json\/wp\/v2\/types\/post"}],"author":[{"embeddable":true,"href":"https:\/\/infotorrent.es\/ca\/wp-json\/wp\/v2\/users\/4"}],"replies":[{"embeddable":true,"href":"https:\/\/infotorrent.es\/ca\/wp-json\/wp\/v2\/comments?post=8759"}],"version-history":[{"count":0,"href":"https:\/\/infotorrent.es\/ca\/wp-json\/wp\/v2\/posts\/8759\/revisions"}],"wp:featuredmedia":[{"embeddable":true,"href":"https:\/\/infotorrent.es\/ca\/wp-json\/wp\/v2\/media\/1137"}],"wp:attachment":[{"href":"https:\/\/infotorrent.es\/ca\/wp-json\/wp\/v2\/media?parent=8759"}],"wp:term":[{"taxonomy":"category","embeddable":true,"href":"https:\/\/infotorrent.es\/ca\/wp-json\/wp\/v2\/categories?post=8759"},{"taxonomy":"post_tag","embeddable":true,"href":"https:\/\/infotorrent.es\/ca\/wp-json\/wp\/v2\/tags?post=8759"}],"curies":[{"name":"wp","href":"https:\/\/api.w.org\/{rel}","templated":true}]}}