{"id":87585,"date":"2025-10-20T12:59:19","date_gmt":"2025-10-20T10:59:19","guid":{"rendered":"https:\/\/infotorrent.es\/?p=87585"},"modified":"2025-10-20T13:12:21","modified_gmt":"2025-10-20T11:12:21","slug":"torrent-millorara-la-illuminacio-de-lavinguda-al-vedat-i-santa-apolonia-per-a-reforcar-la-seguretat-i-leficiencia-energetica","status":"publish","type":"post","link":"https:\/\/infotorrent.es\/ca\/alcaldia-2\/torrent-millorara-la-illuminacio-de-lavinguda-al-vedat-i-santa-apolonia-per-a-reforcar-la-seguretat-i-leficiencia-energetica\/","title":{"rendered":"Torrent millorar\u00e0 la il\u00b7luminaci\u00f3 de l\u2019Avinguda al Vedat i Santa Apolonia per a refor\u00e7ar la seguretat i l\u2019efici\u00e8ncia energ\u00e8tica"},"content":{"rendered":"\n<p><strong>Torrent refor\u00e7ar\u00e0 la il\u00b7luminaci\u00f3 en 123 punts de l\u2019Avinguda al Vedat i substituir\u00e0 270 b\u00e0culs met\u00e0l\u00b7lics a Santa Apolonia<\/strong><\/p>\n\n\n\n<p>&nbsp;L\u2019Ajuntament de Torrent ha publicat en la Plataforma de Contractaci\u00f3 del Sector P\u00fablic el projecte de renovaci\u00f3 de l\u2019enllumenat p\u00fablic municipal, una actuaci\u00f3 que forma part del comprom\u00eds de l\u2019equip de govern per a millorar la seguretat, l\u2019accessibilitat i l\u2019efici\u00e8ncia energ\u00e8tica en els carrers de la ciutat.<\/p>\n\n\n\n<p><br>El document, redactat per l\u2019Oficina T\u00e8cnica d\u2019Urbanisme a trav\u00e9s de la Unitat T\u00e8cnica d\u2019Efici\u00e8ncia Energ\u00e8tica, detalla les obres que s\u2019executaran i que suposen una inversi\u00f3 total de 403.110,78 euros (IVA incl\u00f2s). Estes actuacions se centren en dues zones concretes: l\u2019Avinguda al Vedat i el barri de Santa Apolonia a El Vedat, dos punts on els informes t\u00e8cnics i les sol\u00b7licituds ve\u00efnals han detectat mancances d\u2019il\u00b7luminaci\u00f3 o deteriorament de les instal\u00b7lacions.<\/p>\n\n\n\n<p><strong>Il\u00b7luminaci\u00f3 addicional a l\u2019Avinguda al Vedat<\/strong><\/p>\n\n\n\n<p>El projecte contempla la instal\u00b7laci\u00f3 de 123 nous punts de llum al llarg de l\u2019Avinguda al Vedat, en el tram compr\u00e8s entre el carrer Valent\u00ed Planells i el carrer Genaro Palau. Segons recull la mem\u00f2ria t\u00e8cnica, la zona \u201cpresenta ombres a les voreres a causa del creixement de l\u2019arbrat\u201d, la qual cosa ha provocat reiterades peticions dels ve\u00efns per a millorar la visibilitat i la seguretat peatonal durant la nit.<\/p>\n\n\n\n<p><br>Per a donar resposta a esta situaci\u00f3, l\u2019Ajuntament instal\u00b7lar\u00e0 noves llumin\u00e0ries LED a les voreres exteriors, junt als edificis, amb l\u2019objectiu d\u2019equilibrar la llum en ambd\u00f3s costats de l\u2019avinguda. Els treballs inclouran la col\u00b7locaci\u00f3 de caixes de connexi\u00f3 i protecci\u00f3 trif\u00e0siques, cablejat RV-K de 4&#215;2,5 mm\u00b2, llumin\u00e0ries ARAMIS LED de 16 d\u00edodes de la marca Schr\u00e9der, i nodes UVAX model NX-94 que permetran una gesti\u00f3 m\u00e9s eficient del consum energ\u00e8tic.<\/p>\n\n\n\n<p><br>Estos noys fanals, de tecnologia LED, no nom\u00e9s milloraran la visibilitat i la sensaci\u00f3 de seguretat, sin\u00f3 que tamb\u00e9 contribuiran a reduir la despesa energ\u00e8tica municipal i les emissions de CO\u2082.<\/p>\n\n\n\n<p><strong>Substituci\u00f3 completa de b\u00e0culs a Santa Apolonia<\/strong><\/p>\n\n\n\n<p>La segona gran actuaci\u00f3 es desenvolupar\u00e0 a l\u2019urbanitzaci\u00f3 Santa Apolonia, on es substituiran fins a 270 b\u00e0culs met\u00e0l\u00b7lics d\u2019acer galvanitzat, instal\u00b7lats fa d\u00e8cades i actualment deteriorats per l\u2019acci\u00f3 del temps i la climatologia.<\/p>\n\n\n\n<p><br>L\u2019informe t\u00e8cnic assenyala que molts d\u2019estos b\u00e0culs presenten signes evidents de corrosi\u00f3 i que les fixacions al s\u00f2l estan al descobert, la qual cosa afecta l\u2019accessibilitat i pot suposar un risc per als vianants. Per a resoldre-ho, s\u2019instal\u00b7laran noves columnes de fibra de vidre pigmentada en color negre, m\u00e9s lleugeres, duradores i resistents a l\u2019oxidaci\u00f3.<\/p>\n\n\n\n<p><br>Els treballs inclouran l\u2019execuci\u00f3 de fonamentacions de formig\u00f3 armat, canalitzacions subterr\u00e0nies de PVC de 110 mm de di\u00e0metre, renovaci\u00f3 d\u2019arquetes, tendit de cable RV-K 3G2,5 Cu i muntatge de les llumin\u00e0ries existents sobre els nous suports. Tot el material retirat ser\u00e0 gestionat conforme a l\u2019Estudi de Gesti\u00f3 de Residus incl\u00f2s en el projecte, que compta amb un pressupost de 719,87 euros.<\/p>\n\n\n\n<p><strong>Un projecte integral amb enfocament t\u00e8cnic i de seguretat<\/strong><\/p>\n\n\n\n<p>El pressupost total d\u2019execuci\u00f3 material ascendeix a 279.957,48 euros, als quals s\u2019afegeixen un 13% de despeses generals (36.394,47 \u20ac), un 6% de benefici industrial (16.797,45 \u20ac) i el 21% d\u2019IVA (69.961,37 \u20ac), assolint la xifra final de 403.110,78 euros.<\/p>\n\n\n\n<p><br>El termini d\u2019execuci\u00f3 de les obres ser\u00e0 de tres mesos des de l\u2019adjudicaci\u00f3 del contracte, i comptar\u00e0 amb un any de garantia despr\u00e9s de la seua recepci\u00f3. La supervisi\u00f3 correr\u00e0 a c\u00e0rrec del Cap de la Unitat d\u2019Efici\u00e8ncia Energ\u00e8tica municipal, designat com a responsable del contracte, qui haur\u00e0 de realitzar inspeccions puntuals i vetlar pel compliment t\u00e8cnic i normatiu de totes les instal\u00b7lacions.<\/p>\n\n\n\n<p><strong>Comprom\u00eds amb la seguretat i l\u2019efici\u00e8ncia<\/strong><\/p>\n\n\n\n<p>El regidor d\u2019Urbanisme i Medi Ambient, Jos\u00e9 Francisco Gozalvo, ha destacat que \u201cesta actuaci\u00f3 forma part del comprom\u00eds de l\u2019equip de govern per a continuar millorant la il\u00b7luminaci\u00f3 de Torrent, tant per seguretat com per sostenibilitat\u201d.<\/p>\n\n\n\n<p><br>Gozalvo ha recordat que \u201cmolts ve\u00efns de l\u2019Avinguda al Vedat i de Santa Apolonia venien reclamant una millor il\u00b7luminaci\u00f3 des de fa temps, i amb este projecte fem un pas m\u00e9s en la modernitzaci\u00f3 de les nostres instal\u00b7lacions p\u00fabliques\u201d.<\/p>\n\n\n\n<p><br>A m\u00e9s, va subratllar que l\u2019\u00fas de tecnologia LED i de materials m\u00e9s duradors \u201cpermetr\u00e0 reduir el manteniment i el consum el\u00e8ctric, al mateix temps que es millora la qualitat de la llum i la seguretat de vianants i conductors\u201d.<\/p>\n\n\n\n<p><strong>Altres actuacions recents en il\u00b7luminaci\u00f3 p\u00fablica<\/strong><\/p>\n\n\n\n<p>Este nou contracte se suma a altres actuacions recents que l\u2019Ajuntament de Torrent ha impulsat per a millorar l\u2019enllumenat p\u00fablic. En 2024, el consistori va refor\u00e7ar la il\u00b7luminaci\u00f3 en un tram de l\u2019Avinguda al Vedat amb un tram pilot de fanals addicionals per a mitigar les ombres provocades per l\u2019arbrat, una actuaci\u00f3 molt ben rebuda per ve\u00efns i comerciants.<\/p>\n\n\n\n<p><br>En 2025, l\u2019Ajuntament ha iniciat a m\u00e9s un pla integral d\u2019il\u00b7luminaci\u00f3 urbana i rural, que inclou la instal\u00b7laci\u00f3 de fanals solars en els disseminats i camins del terme municipal, amb l\u2019objectiu de garantir la seguretat i visibilitat en zones sense enllumenat. Este pla va ser presentat pel mateix regidor Jos\u00e9 Francisco Gozalvo, qui va explicar que \u201cla millora de l\u2019enllumenat p\u00fablic \u00e9s una prioritat de l\u2019equip de govern i una eina fonamental per a la seguretat ciutadana i el benestar de tots els ve\u00efns\u201d.<\/p>\n\n\n\n<p><br>Estes actuacions, junt amb la renovaci\u00f3 de b\u00e0culs i llumin\u00e0ries tradicionals per sistemes LED de baix consum, confirmen el comprom\u00eds de Torrent amb la modernitzaci\u00f3 de les seues infraestructures i amb l\u2019efici\u00e8ncia energ\u00e8tica. L\u2019Ajuntament continua aix\u00ed la seua l\u00ednia de treball per a construir un Torrent m\u00e9s segur, accessible i sostenible, en la qual la millora de l\u2019enllumenat p\u00fablic juga un paper essencial.<\/p>\n\n\n\n<figure class=\"wp-block-image size-large\"><img fetchpriority=\"high\" decoding=\"async\" width=\"1024\" height=\"682\" src=\"https:\/\/infotorrent.es\/wp-content\/uploads\/2025\/10\/Imagen-de-WhatsApp-2025-10-20-a-las-12.47.34_161637f0-1024x682.jpg\" alt=\"\" class=\"wp-image-87582\" srcset=\"https:\/\/infotorrent.es\/wp-content\/uploads\/2025\/10\/Imagen-de-WhatsApp-2025-10-20-a-las-12.47.34_161637f0-1024x682.jpg 1024w, https:\/\/infotorrent.es\/wp-content\/uploads\/2025\/10\/Imagen-de-WhatsApp-2025-10-20-a-las-12.47.34_161637f0-300x200.jpg 300w, https:\/\/infotorrent.es\/wp-content\/uploads\/2025\/10\/Imagen-de-WhatsApp-2025-10-20-a-las-12.47.34_161637f0-768x512.jpg 768w, https:\/\/infotorrent.es\/wp-content\/uploads\/2025\/10\/Imagen-de-WhatsApp-2025-10-20-a-las-12.47.34_161637f0-1536x1023.jpg 1536w, https:\/\/infotorrent.es\/wp-content\/uploads\/2025\/10\/Imagen-de-WhatsApp-2025-10-20-a-las-12.47.34_161637f0.jpg 1600w\" sizes=\"(max-width: 1024px) 100vw, 1024px\" \/><\/figure>\n","protected":false},"excerpt":{"rendered":"<p>Torrent refor\u00e7ar\u00e0 la il\u00b7luminaci\u00f3 en 123 punts de l\u2019Avinguda al Vedat i substituir\u00e0 270 b\u00e0culs met\u00e0l\u00b7lics a Santa Apolonia &nbsp;L\u2019Ajuntament de Torrent ha publicat en la Plataforma de Contractaci\u00f3 del Sector P\u00fablic el projecte de renovaci\u00f3 de l\u2019enllumenat p\u00fablic municipal, una actuaci\u00f3 que forma part del comprom\u00eds de l\u2019equip de govern per a millorar la [&hellip;]<\/p>\n","protected":false},"author":21,"featured_media":87582,"comment_status":"open","ping_status":"open","sticky":false,"template":"","format":"standard","meta":{"_acf_changed":false,"footnotes":""},"categories":[141,1190,155,145],"tags":[],"class_list":["post-87585","post","type-post","status-publish","format-standard","has-post-thumbnail","hentry","category-alcaldia-2","category-ayuntamiento-de-torrent-ca","category-gestio-ciutat","category-gestio-de-recursos-i-modernitzacio"],"acf":[],"_links":{"self":[{"href":"https:\/\/infotorrent.es\/ca\/wp-json\/wp\/v2\/posts\/87585","targetHints":{"allow":["GET"]}}],"collection":[{"href":"https:\/\/infotorrent.es\/ca\/wp-json\/wp\/v2\/posts"}],"about":[{"href":"https:\/\/infotorrent.es\/ca\/wp-json\/wp\/v2\/types\/post"}],"author":[{"embeddable":true,"href":"https:\/\/infotorrent.es\/ca\/wp-json\/wp\/v2\/users\/21"}],"replies":[{"embeddable":true,"href":"https:\/\/infotorrent.es\/ca\/wp-json\/wp\/v2\/comments?post=87585"}],"version-history":[{"count":1,"href":"https:\/\/infotorrent.es\/ca\/wp-json\/wp\/v2\/posts\/87585\/revisions"}],"predecessor-version":[{"id":87587,"href":"https:\/\/infotorrent.es\/ca\/wp-json\/wp\/v2\/posts\/87585\/revisions\/87587"}],"wp:featuredmedia":[{"embeddable":true,"href":"https:\/\/infotorrent.es\/ca\/wp-json\/wp\/v2\/media\/87582"}],"wp:attachment":[{"href":"https:\/\/infotorrent.es\/ca\/wp-json\/wp\/v2\/media?parent=87585"}],"wp:term":[{"taxonomy":"category","embeddable":true,"href":"https:\/\/infotorrent.es\/ca\/wp-json\/wp\/v2\/categories?post=87585"},{"taxonomy":"post_tag","embeddable":true,"href":"https:\/\/infotorrent.es\/ca\/wp-json\/wp\/v2\/tags?post=87585"}],"curies":[{"name":"wp","href":"https:\/\/api.w.org\/{rel}","templated":true}]}}