{"id":8754,"date":"2017-07-13T10:38:47","date_gmt":"2017-07-13T10:38:47","guid":{"rendered":"https:\/\/infotorrent.es\/uncategorized\/torrent-posa-en-marxa-una-targeta-moneder-a-fi-datendre-les-ajudes-demergencia-social\/"},"modified":"2017-07-13T10:38:47","modified_gmt":"2017-07-13T10:38:47","slug":"torrent-posa-en-marxa-una-targeta-moneder-a-fi-datendre-les-ajudes-demergencia-social","status":"publish","type":"post","link":"https:\/\/infotorrent.es\/ca\/noticies\/torrent-posa-en-marxa-una-targeta-moneder-a-fi-datendre-les-ajudes-demergencia-social\/","title":{"rendered":"Torrent posa en marxa una targeta moneder a fi d\u2019atendre les ajudes d\u2019emerg\u00e8ncia social"},"content":{"rendered":"<p style=\"text-align: center;\"><strong>Un total de 450 persones seran benefici\u00e0ries d\u2019esta targeta social en una primera fase d\u2019implantaci\u00f3<\/strong><\/p>\n<p style=\"text-align: center;\"><strong>La iniciativa, fruit del consens de la comissi\u00f3 de revisi\u00f3 del Punt d\u2019aliments, afavorir\u00e0 l\u2019autonomia i l\u2019autogesti\u00f3 del cr\u00e8dit per part de les fam\u00edlies, a m\u00e9s de dinamitzar el comer\u00e7 local<\/strong><\/p>\n<p style=\"text-align: justify;\">L&#8217;Ajuntament de Torrent, en compliment del seu comprom\u00eds per millorar la vida de les persones, ha acordat en la clausura de la comissi\u00f3 del Punt d\u2019aliments la posada en marxa d\u2019una targeta social amb la qual la persona portadora puga adquirir productes de primera necessitat mitjan\u00e7ant passarel\u00b7la de pagament TPV als comer\u00e7os de Torrent.<\/p>\n<p style=\"text-align: justify;\">Ahir de mat\u00ed, en la trobada amb els mitjans de comunicaci\u00f3, es present\u00e0 el projecte de la targeta social, una mesura innovadora destinada a les fam\u00edlies m\u00e9s necessitades basada en l\u2019autogesti\u00f3.<br \/>\nL&#8217;alcalde, Jes\u00fas Ros, ha expressat el seu orgull per traure endavant un dels punts \u201cm\u00e9s importants d\u2019esta legislatura, amb el qual es complix el comprom\u00eds electoral de l\u2019equip de govern d\u2019estudiar el model d\u2019assist\u00e8ncia social de Torrent per a dignificar, no estigmatitzar i millorar l\u2019autonomia de les persones m\u00e9s necessitades. A m\u00e9s, \u00e9s fruit del di\u00e0leg i del consens de la comissi\u00f3 d\u2019estudi del Punt d\u2019aliments, despr\u00e9s de m\u00e9s de set mesos de treball, on han participat totes les entitats que han tingut i tenen relaci\u00f3 directa amb els problemes socials de la nostra ciutat, als quals cal felicitar pel seu comprom\u00eds i la seua labor\u201d.<\/p>\n<p style=\"text-align: justify;\">La filosofia del projecte es correspon amb esta responsabilitat social, i es basa en la utilitzaci\u00f3, per part dels beneficiaris, d\u2019una targeta de d\u00e8bit que es recarregar\u00e0 peri\u00f2dicament i que permetr\u00e0 a les persones benefici\u00e0ries adquirir productes d\u2019alimentaci\u00f3, aix\u00ed com cobrir subsidi\u00e0riament altres necessitats b\u00e0siques, com ara les vinculades a la higiene personal.<\/p>\n<p style=\"text-align: justify;\">\u201cUn dels punts del nostre programa reflectia el nostre inter\u00e9s per renovar i millorar el funcionament i el sistema de treball del Punt d\u2019aliments, una eina que ha sigut i \u00e9s molt \u00fatil a Torrent, per\u00f2 que consider\u00e0vem que ja necessitava una revisi\u00f3 i actualitzaci\u00f3 d\u2019acord als nous reptes socials que ens marquem des de la Delegaci\u00f3 de Benestar Social\u201d, ha explicat el regidor d&#8217;Atenci\u00f3 a les Persones, Francesc Carbonell, qui ha afegit: \u201cTan important com revisar el model del Punt d&#8217;aliments era fer-ho amb el major consens possible, per la qual cosa, en un exercici de responsabilitat, participaci\u00f3 i transpar\u00e8ncia, s\u2019ha respectat la decisi\u00f3 de la comissi\u00f3, i tots els agents socials han pogut expressar la seua opini\u00f3 i han decidit que el millor per a la nostra ciutat \u00e9s posar en marxa la targeta social, que aportar\u00e0 nombrosos beneficis als seus propietaris\u201d.<\/p>\n<p style=\"text-align: justify;\">Aix\u00ed, este nou sistema permetr\u00e0, en la seua fase pilot durant els pr\u00f2xims sis mesos, que 450 persones tinguen cobertes les necessitats vitals b\u00e0siques d\u2019una manera efica\u00e7 i digna, fet que oferir\u00e0 un millor servei i amb majors possibilitats a les actuals, ja que \u201cuna persona podr\u00e0 accedir a productes que realment necessita i que ara no dispensa el Punt d&#8217;aliments; \u00e9s a dir, tindr\u00e0 una major quantitat i varietat que en estos moments\u201d, comenta Carbonell, qui ha matisat que \u201cdespr\u00e9s del per\u00edode de prova, el qual esperem que siga satisfactori, la intenci\u00f3 \u00e9s ampliar-lo de manera progressiva a la resta d\u2019usuaris del Punt d\u2019aliments\u201d, que continuar\u00e0 obert i atenent la resta de persones com fins ara.<\/p>\n<p style=\"text-align: justify;\">L\u2019inici d\u2019este projecte no suposa el tancament del Punt d&#8217;aliments, ja que este servei \u00e9s \u201cessencial\u201d per a la poblaci\u00f3: \u201cEn cap de les reunions amb la comissi\u00f3 es planteja el seu tancament, ja que moltes de les aportacions no es reben de forma econ\u00f2mica, sin\u00f3 en forma d\u2019aliments recollits en actes socials i esportius, com per exemple la Llegua Urbana, que va arreplegar m\u00e9s de 700 kg\u201d, ha apuntat el regidor Francesc Carbonell.<br \/>\nLa targeta social tindr\u00e0 un disseny amb qu\u00e8 passar\u00e0 desapercebuda, i ser\u00e0 totalment gratu\u00efta per a l\u2019usuari i sense cap cost per a l&#8217;Ajuntament. Amb la targeta es pret\u00e9n no solament millorar la independ\u00e8ncia i dignificar els portadors, sin\u00f3 que les fam\u00edlies assumisquen una s\u00e8rie de compromisos i ajudar-los perqu\u00e8 puguen aprofitar-la al m\u00e0xim. \u201cVolem que siguen independents, per\u00f2 tamb\u00e9 educar-les perqu\u00e8 aprenguen a administrar-se i traure el m\u00e0xim partit als recursos que els facilitem\u201d, ha argumentat Francesc Carbonell.<\/p>\n<p style=\"text-align: justify;\">El regidor d&#8217;Atenci\u00f3 a les Persones ha mantingut recentment una s\u00e8rie de reunions amb les entitats financeres que assumiran la distribuci\u00f3 de les targetes juntament amb el regidor de l&#8217;\u00c0rea de Modernitzaci\u00f3 i Gesti\u00f3 de Recursos, Andr\u00e9s Campos, qui ha exposat que \u201cel cr\u00e8dit destinat a estes ajudes es podr\u00e0 canviar per productes en diferents comer\u00e7os de la localitat adherits al projecte, de manera que, alhora, tamb\u00e9 s\u2019afavorir\u00e0 la dinamitzaci\u00f3 del comer\u00e7 local\u201d.<\/p>\n","protected":false},"excerpt":{"rendered":"<p>Un total de 450 persones seran benefici\u00e0ries d\u2019esta targeta social en una primera fase d\u2019implantaci\u00f3 La iniciativa, fruit del consens de la comissi\u00f3 de revisi\u00f3 del Punt d\u2019aliments, afavorir\u00e0 l\u2019autonomia i l\u2019autogesti\u00f3 del cr\u00e8dit per part de les fam\u00edlies, a m\u00e9s de dinamitzar el comer\u00e7 local L&#8217;Ajuntament de Torrent, en compliment del seu comprom\u00eds per [&hellip;]<\/p>\n","protected":false},"author":13,"featured_media":1137,"comment_status":"open","ping_status":"open","sticky":false,"template":"","format":"standard","meta":{"_acf_changed":false,"footnotes":""},"categories":[122,116],"tags":[],"class_list":["post-8754","post","type-post","status-publish","format-standard","has-post-thumbnail","hentry","category-benestar-social","category-noticies"],"acf":[],"_links":{"self":[{"href":"https:\/\/infotorrent.es\/ca\/wp-json\/wp\/v2\/posts\/8754","targetHints":{"allow":["GET"]}}],"collection":[{"href":"https:\/\/infotorrent.es\/ca\/wp-json\/wp\/v2\/posts"}],"about":[{"href":"https:\/\/infotorrent.es\/ca\/wp-json\/wp\/v2\/types\/post"}],"author":[{"embeddable":true,"href":"https:\/\/infotorrent.es\/ca\/wp-json\/wp\/v2\/users\/13"}],"replies":[{"embeddable":true,"href":"https:\/\/infotorrent.es\/ca\/wp-json\/wp\/v2\/comments?post=8754"}],"version-history":[{"count":0,"href":"https:\/\/infotorrent.es\/ca\/wp-json\/wp\/v2\/posts\/8754\/revisions"}],"wp:featuredmedia":[{"embeddable":true,"href":"https:\/\/infotorrent.es\/ca\/wp-json\/wp\/v2\/media\/1137"}],"wp:attachment":[{"href":"https:\/\/infotorrent.es\/ca\/wp-json\/wp\/v2\/media?parent=8754"}],"wp:term":[{"taxonomy":"category","embeddable":true,"href":"https:\/\/infotorrent.es\/ca\/wp-json\/wp\/v2\/categories?post=8754"},{"taxonomy":"post_tag","embeddable":true,"href":"https:\/\/infotorrent.es\/ca\/wp-json\/wp\/v2\/tags?post=8754"}],"curies":[{"name":"wp","href":"https:\/\/api.w.org\/{rel}","templated":true}]}}