{"id":8748,"date":"2017-07-11T10:01:14","date_gmt":"2017-07-11T10:01:14","guid":{"rendered":"https:\/\/infotorrent.es\/uncategorized\/vicent-burguera-i-vicente-simo-capitans-de-les-festes-de-moros-i-cristians-de-torrent-2017\/"},"modified":"2017-07-11T10:01:14","modified_gmt":"2017-07-11T10:01:14","slug":"vicent-burguera-i-vicente-simo-capitans-de-les-festes-de-moros-i-cristians-de-torrent-2017","status":"publish","type":"post","link":"https:\/\/infotorrent.es\/ca\/noticies\/vicent-burguera-i-vicente-simo-capitans-de-les-festes-de-moros-i-cristians-de-torrent-2017\/","title":{"rendered":"Vicent Burguera i Vicente Sim\u00f3, capitans de les festes de Moros i Cristians de Torrent 2017"},"content":{"rendered":"<div style=\"text-align: center;\"><strong>Dissabte passat, l\u2019\u00c0gora de Parc Central va acollir l\u2019acte de nomenament dels c\u00e0rrecs de 2017<\/strong><\/div>\n<div style=\"text-align: center;\"><strong>\u00a0<\/strong><\/div>\n<div style=\"text-align: center;\"><strong>Els capitans de 2017 s\u00f3n Vicent Burguera, de la filada Comilitons, i Vicente Sim\u00f3, de la comparsa Sumayl\u2019s\u00a0<\/strong><\/div>\n<div style=\"text-align: center;\"><strong>\u00a0<\/strong><\/div>\n<div style=\"text-align: center;\"><strong>Els capitans estaran acompanyats per les alferes Concha Gallardo, de la filada Ballesteres, i Patricia L\u00f3pez, de la comparsa Bedu\u00efns<\/strong><\/div>\n<div><\/div>\n<div style=\"text-align: justify;\">Les festes de Moros i Cristians han donat el tret d\u2019eixida amb el sopar de nomenament dels c\u00e0rrecs de 2017, que es celebr\u00e0 dissabte a l\u2019\u00c0gora de Parc Central.Este acte marca oficialment el comen\u00e7ament de les festes, que tindran lloc del 24 al 30 de juliol, on s\u2019acomiad\u00e0 els capitans i alferes de l\u2019excerici 2016 i es don\u00e0 la benvinguda a les persones que exerciran enguany estos importants c\u00e0rrecs.<\/div>\n<div style=\"text-align: justify;\"><\/div>\n<div style=\"text-align: justify;\">L\u2019acte va comen\u00e7ar amb un espectacle d\u2019humor sobre la societat torrentina i la festivitat de Moros i Cristians, que f\u00e9u passar una bona estona a tots els presents. Acte seguit, Jos\u00e9 Serer, capit\u00e0 moro, i Jose Mar\u00eda Martinez, capit\u00e0 cristi\u00e0 de 2016, acompanyats pels alferes Ra\u00fcl Mil, de la filada cristiana Conqueridors, i Jos\u00e9 Garrigues, de la comparsa mora Abbassides, foren acomiadats, i tots recordaren este meravell\u00f3s any, inoblidable i ple d\u2019emocions, que han compartit representant la festivitat a la seua ciutat. Ara, entre bons records, passen el testimoni als capitans d\u2019este exercici 2017.<\/div>\n<div style=\"text-align: justify;\"><\/div>\n<div style=\"text-align: justify;\">Vicent Burguera Fern\u00e1ndez, de la filada cristiana Comilitons, i Vicente Sim\u00f3 Benavent, de la comparsa mora Sumaly\u2019s, foren nomenats capitans de 2017. Els dos estaran acompanyats en tot moment per les alferesies representades per Concha Gallard\u00f3 Gordillo, de la filada cristiana Ballesteres, i Patricia L\u00f3pez Navarro, de la comparsa mora Bedu\u00efns. Quatre filades que viuran enguany unes festes de Moros i Cristians molt especials.<\/div>\n<div style=\"text-align: justify;\"><\/div>\n<div style=\"text-align: justify;\">L\u2019\u00c0gora de Parc Central va reunir totes les filades i comparses, acompanyats per familiars i amics, a qui els capitans i les alferes d\u2019enguany agra\u00efren la pres\u00e8ncia, el suport i l\u2019ajuda incondicional en estos mesos de preparaci\u00f3.<\/div>\n<div style=\"text-align: justify;\"><\/div>\n<div style=\"text-align: justify;\">L\u2019alcalde Jes\u00fas Ros, que hi va assistir acompanyat pel regidor d\u2019Activitats L\u00fadiques i Tradicionals, Alfred Costa, va dirigir unes paraules als presents, don\u00e0 l\u2019enhorabona als nous c\u00e0rrecs i afirm\u00e0 que \u201cles festes de Moros i Cristians de Torrent s\u00f3n aquelles que omplin la ciutat de m\u00fasica i de xarangues, per\u00f2 sobretot de companyonia, ja que cada local fester, tant de moros com de cristians, \u00e9s una casa per a tots.\u201d L\u2019alcalde f\u00e9u entrega als capitans de 2017 de la medalla de la ciutat, mentre que el president de la FMCT, Daniel Catal\u00e0, f\u00e9u entrega d\u2019un detall als capitans i alferes de 2017, i els anim\u00e0 a gaudir d\u2019este incre\u00efble any.<\/div>\n<div style=\"text-align: justify;\"><\/div>\n<div style=\"text-align: justify;\">Seguidament, tingu\u00e9 lloc un sopar de companyonia i una revetla oberta al p\u00fablic, a c\u00e0rrec de l\u2019orquestra Mito.<\/div>\n","protected":false},"excerpt":{"rendered":"<p>Dissabte passat, l\u2019\u00c0gora de Parc Central va acollir l\u2019acte de nomenament dels c\u00e0rrecs de 2017 \u00a0 Els capitans de 2017 s\u00f3n Vicent Burguera, de la filada Comilitons, i Vicente Sim\u00f3, de la comparsa Sumayl\u2019s\u00a0 \u00a0 Els capitans estaran acompanyats per les alferes Concha Gallardo, de la filada Ballesteres, i Patricia L\u00f3pez, de la comparsa Bedu\u00efns [&hellip;]<\/p>\n","protected":false},"author":3,"featured_media":1137,"comment_status":"open","ping_status":"open","sticky":false,"template":"","format":"standard","meta":{"_acf_changed":false,"footnotes":""},"categories":[156,116],"tags":[],"class_list":["post-8748","post","type-post","status-publish","format-standard","has-post-thumbnail","hentry","category-festes-i-tradicions-2","category-noticies"],"acf":[],"_links":{"self":[{"href":"https:\/\/infotorrent.es\/ca\/wp-json\/wp\/v2\/posts\/8748","targetHints":{"allow":["GET"]}}],"collection":[{"href":"https:\/\/infotorrent.es\/ca\/wp-json\/wp\/v2\/posts"}],"about":[{"href":"https:\/\/infotorrent.es\/ca\/wp-json\/wp\/v2\/types\/post"}],"author":[{"embeddable":true,"href":"https:\/\/infotorrent.es\/ca\/wp-json\/wp\/v2\/users\/3"}],"replies":[{"embeddable":true,"href":"https:\/\/infotorrent.es\/ca\/wp-json\/wp\/v2\/comments?post=8748"}],"version-history":[{"count":0,"href":"https:\/\/infotorrent.es\/ca\/wp-json\/wp\/v2\/posts\/8748\/revisions"}],"wp:featuredmedia":[{"embeddable":true,"href":"https:\/\/infotorrent.es\/ca\/wp-json\/wp\/v2\/media\/1137"}],"wp:attachment":[{"href":"https:\/\/infotorrent.es\/ca\/wp-json\/wp\/v2\/media?parent=8748"}],"wp:term":[{"taxonomy":"category","embeddable":true,"href":"https:\/\/infotorrent.es\/ca\/wp-json\/wp\/v2\/categories?post=8748"},{"taxonomy":"post_tag","embeddable":true,"href":"https:\/\/infotorrent.es\/ca\/wp-json\/wp\/v2\/tags?post=8748"}],"curies":[{"name":"wp","href":"https:\/\/api.w.org\/{rel}","templated":true}]}}