{"id":87431,"date":"2025-10-15T14:23:24","date_gmt":"2025-10-15T12:23:24","guid":{"rendered":"https:\/\/infotorrent.es\/?p=87431"},"modified":"2025-10-15T14:29:35","modified_gmt":"2025-10-15T12:29:35","slug":"torrent-felicita-institucionalment-els-premiats-de-la-xii-edicio-dels-premis-carta-de-poblament-2025-despres-de-la-presentacio-del-jurat","status":"publish","type":"post","link":"https:\/\/infotorrent.es\/ca\/cultura-es-2\/torrent-felicita-institucionalment-els-premiats-de-la-xii-edicio-dels-premis-carta-de-poblament-2025-despres-de-la-presentacio-del-jurat\/","title":{"rendered":"Torrent felicita institucionalment els premiats de la XII edici\u00f3 dels Premis Carta de Poblament 2025 despr\u00e9s de la presentaci\u00f3 del jurat"},"content":{"rendered":"\n<p><strong>La ciutat reconeix el llegat i la traject\u00f2ria dels qui representen els valors hist\u00f2rics i humans de Torrent, a poques setmanes de la Gala del 29 de novembre<\/strong><\/p>\n\n\n\n<p>L&#8217;alcaldessa Amparo Folgado ha traslladat oficialment, la seua felicitaci\u00f3 a les persones i entitats reconegudes amb els Premis Carta de Poblament 2025, despr\u00e9s de la reuni\u00f3 celebrada ahir amb el jurat de la XII edici\u00f3, celebrada a l&#8217;ajuntament. Este gest institucional marca l&#8217;inici del cam\u00ed cap a la Gala de Lliurament, que tindr\u00e0 lloc el pr\u00f2xim 29 de novembre, i amb la qual la ciutat retr\u00e0 homenatge als qui han engrandit Torrent amb la seua traject\u00f2ria, la seua vocaci\u00f3 de servici i la seua aportaci\u00f3 exemplar a la societat.<\/p>\n\n\n\n<p>Els Premis Carta de Poblament, inspirats en el document fundacional de la ciutat de 28 de novembre de 1248, data en qu\u00e8 el comendador de Val\u00e8ncia va atorgar la Carta de poblament de l&#8217;Alqueria de Torrent a les primeres fam\u00edlies pobladores del terme despr\u00e9s de la conquesta de Jaume I, que va donar origen a la identitat municipal de Torrent, s&#8217;han consolidat com el m\u00e0xim reconeixement civil de la ciutat, destinats a distingir a persones i entitats la vida i l&#8217;obra de les quals representen els valors d&#8217;esfor\u00e7, excel\u00b7l\u00e8ncia, solidaritat, cultura, progr\u00e9s i arrelament.<\/p>\n\n\n\n<p>La reuni\u00f3 del jurat, presidit per l&#8217;alcaldessa Amparo Folgado, va comptar amb la participaci\u00f3 de destacades personalitats vinculades a la hist\u00f2ria i la cultura de Torrent, entre ells: Jos\u00e9 Royo Mart\u00ednez, cronista oficial de la ciutat i Historiador, que tamb\u00e9 va exercir de secretari en la reuni\u00f3 deliberatoria, Pedro Jos\u00e9 L\u00f3pez Mu\u00f1oz (Premi Carta de Poblament 2014), Mar\u00eda Isabel Mart\u00ednez Esteso, (escultora i presidenta de la Fundaci\u00f3 Isabel FCV), Ana Almerich Chuli\u00e0, (enginyera industrial i m\u00e0ster en conservaci\u00f3 del patrimoni arquitect\u00f2nic de la Universitat Polit\u00e8cnica de Val\u00e8ncia), Amparo Fandos Miquel, (Premi Carta de Poblament 201, Modest Salvador Mu\u00f1oz Puchol, (exconcejal de Cultura 2007-2015), i Dolores Maeso Fern\u00e1ndez, (docent de m\u00fasica). Un jurat plural i comprom\u00e9s, garant de l&#8217;esperit i l&#8217;excel\u00b7l\u00e8ncia d&#8217;estos guardons.<\/p>\n\n\n\n<p><strong>Premiats XII Carta de Poblament 2025<\/strong><\/p>\n\n\n\n<p>\u00b7&nbsp;&nbsp;&nbsp;&nbsp;&nbsp;&nbsp;&nbsp;&nbsp;Sra. Ana Isabel Medina Garrigues, Premi Arts, Lletres i Esports.<\/p>\n\n\n\n<p>Anabel Medina Garrigues \u00e9s una de les esportistes espanyoles m\u00e9s destacades de les \u00faltimes d\u00e8cades. El seu nom est\u00e0 lligat a la hist\u00f2ria del tenis mundial: va ser n\u00famero 16 del r\u00e0nquing WTA i n\u00famero 3 del r\u00e0nquing ATP dobles, va arribar a disputar quatre Jocs Ol\u00edmpics \u2014d&#8217;Atenes 2004 a Riu 2016\u2014 i va conquistar dos t\u00edtols de Roland Garros en dobles (2008 i 2009) al costat de Virginia Ruano. La seua traject\u00f2ria professional suma 11 t\u00edtols i 7 finals en WTA individuals i 28 t\u00edtols i 8 finals en WTA dobles, a m\u00e9s d&#8217;una medalla ol\u00edmpica de plata a Pequ\u00edn 2008, situant-la entre les esportistes valencianes m\u00e9s llorejades de tots els temps.<\/p>\n\n\n\n<p>M\u00e9s enll\u00e0 de la seua brillant carrera sobre la pista, Anabel Medina ha destacat pel seu comprom\u00eds amb la formaci\u00f3 de j\u00f3vens tennistes i pel seu paper com a capitana de l&#8217;equip espanyol de Copa Federaci\u00f3, impulsant l&#8217;esport femen\u00ed i transmetent els valors d&#8217;esfor\u00e7, const\u00e0ncia i superaci\u00f3. El seu llegat esportiu i hum\u00e0 convertix a esta torrentina universal en un referent d&#8217;orgull col\u00b7lectiu per a tota la ciutat.<\/p>\n\n\n\n<p>\u00b7&nbsp;&nbsp;&nbsp;&nbsp;&nbsp;&nbsp;&nbsp;&nbsp;<strong>Sra. Elena Cantarino Su\u00f1er<\/strong>, Premi Ci\u00e8ncia, Tecnologia i Medi Ambient.<\/p>\n\n\n\n<p>Actual degana de la Facultat de Filosofia i Ci\u00e8ncies de l&#8217;Educaci\u00f3 de la Universitat de Val\u00e8ncia, \u00e9s la primera dona de l&#8217;\u00e0rea de Filosofia que assumix esta responsabilitat acad\u00e8mica. Doctora \u201ccum laude\u201d i premi extraordinari, compta amb una destacada traject\u00f2ria docent i investigadora en Filosofia Moral i Pol\u00edtica, reconeguda amb sis quinquennis docents i cinc sexennis d&#8217;investigaci\u00f3. Ha sigut investigadora en universitats de Fran\u00e7a, B\u00e8lgica i Alemanya, i dirigix des de 2001 el Seminari Internacional Graci\u00e1n i els seus conceptes, a m\u00e9s de la revista cient\u00edfica Conceptes. Revista d&#8217;investigaci\u00f3 graciana.<\/p>\n\n\n\n<p>Cantarino ha dedicat la seua carrera a la investigaci\u00f3 del pensament espanyol del Barroc i la hist\u00f2ria dels conceptes filos\u00f2fics inclusius, impulsant projectes sobre dones pensadores i metodologies innovadores en l&#8217;ensenyan\u00e7a de la filosofia. \u00c9s vicepresidenta de l&#8217;Associaci\u00f3 d&#8217;Hispanisme Filos\u00f2fic, membre de la Xarxa GENET d&#8217;Estudis de G\u00e8nere i figura clau en la renovaci\u00f3 del pensament cr\u00edtic des de la Universitat de Val\u00e8ncia. El seu exemple encarna el valor del coneixement, la igualtat i la innovaci\u00f3 al servici de la societat.<\/p>\n\n\n\n<p>\u00b7&nbsp;&nbsp;&nbsp;&nbsp;&nbsp;&nbsp;&nbsp;&nbsp;<strong>ADISTO<\/strong>&nbsp;(Associaci\u00f3 de Discapacitats de Torrent), Premi Societat i Conc\u00f2rdia.<\/p>\n\n\n\n<p>Fundada l&#8217;any 2000 per un grup de fam\u00edlies torrentinas, l&#8217;Associaci\u00f3 ADISTO s&#8217;ha consolidat com un referent en la inclusi\u00f3 i atenci\u00f3 a persones amb discapacitat intel\u00b7lectual o del desenrotllament. El seu origen sorgix d&#8217;una pregunta tan humana com transcendent: \u201cQu\u00e8 ser\u00e0 dels nostres fills en el futur?\u201d Des de llavors, ADISTO ha constru\u00eft un projecte comunitari exemplar, basat en l&#8217;acompanyament, l&#8217;oci inclusiu, la formaci\u00f3 i la reivindicaci\u00f3 dels drets de les persones amb diversitat funcional.<\/p>\n\n\n\n<p>Durant 25 anys, la seua labor ha comptat amb la col\u00b7laboraci\u00f3 d&#8217;entitats p\u00fabliques i privades, entre elles l&#8217;Ajuntament de Torrent, la Generalitat Valenciana i Plena Inclusi\u00f3 CV. L&#8217;associaci\u00f3 promou valors com la dignitat, igualtat, participaci\u00f3 i transpar\u00e8ncia, i ha teixit una extensa xarxa d&#8217;aliances amb el moviment cultural i festiu de la ciutat. ADISTO representa l&#8217;esperit solidari de Torrent, una comunitat que avan\u00e7a quan tots els seus membres participen en igualtat de condicions i amb tot el dret a la felicitat.<\/p>\n\n\n\n<p>\u00b7&nbsp;&nbsp;&nbsp;&nbsp;&nbsp;&nbsp;&nbsp;&nbsp;<strong>Restaurant Casa La Curra<\/strong>, Premi Traject\u00f2ria Professional.<\/p>\n\n\n\n<p>Fundat en 1870, el Restaurant Casa La Curra \u00e9s una de les empreses familiars en actiu m\u00e9s antigues de Torrent i un emblema de la seua hist\u00f2ria social i gastron\u00f2mica. Durant m\u00e9s de 150 anys d&#8217;activitat ininterrompuda, ha sigut lloc de trobada per a agricultors, treballadors i fam\u00edlies torrentinas, i escenari de celebracions que formen part de la mem\u00f2ria col\u00b7lectiva de la ciutat. De la seua popularitat hist\u00f2rica dona mostra el fet que en 1974 la Direcci\u00f3 General de Transports autoritzara un servici regular de viatgers entre Torrent i Casa La Curra, s\u00edmbol de la seua rellev\u00e0ncia local.<\/p>\n\n\n\n<p>Actualment dirigida per la quinta generaci\u00f3 de la fam\u00edlia Alba Mart\u00ednez, el restaurant ha sabut preservar i combinar la tradici\u00f3 culin\u00e0ria amb la innovaci\u00f3. En 2017 van crear LaCURRAlab, un espai d&#8217;investigaci\u00f3 i desenrotllament gastron\u00f2mic amb biblioteca culin\u00e0ria, demostrant que la tradici\u00f3 pot conviure amb la modernitat. Casa La Curra representa la perseveran\u00e7a i llegat familiar, l&#8217;excel\u00b7l\u00e8ncia en el treball i la identitat torrentina, valors que hui es reconeixen amb este guard\u00f3 a tota una traject\u00f2ria de servici i dedicaci\u00f3.<\/p>\n\n\n\n<p>Amparo Folgado, alcaldessa de Torrent, ha destacat,&nbsp;<strong>\u201cestos premis no sols distingixen assoliments individuals o col\u00b7lectius, distingixen all\u00f2 que som com a poble. Cada premiat representa una part de l&#8217;\u00e0nima de Torrent: l&#8217;esfor\u00e7, la intel\u00b7lig\u00e8ncia, la solidaritat i la dedicaci\u00f3. A trav\u00e9s d&#8217;ells, la nostra ciutat es reconeix a si mateixa i projecta al m\u00f3n els seus valors m\u00e9s profunds\u201d.<\/strong><\/p>\n\n\n\n<p>L&#8217;alcaldessa ha subratllat a m\u00e9s la import\u00e0ncia del moment hist\u00f2ric,&nbsp;<strong>\u201cTorrent viu amb orgull esta nova edici\u00f3 dels Carta de Poblament 2025. S\u00f3n els premis de l&#8217;agra\u00efment i de la mem\u00f2ria compartida. Perqu\u00e8 una ciutat que honra als seus escriu el seu millor futur\u201d.<\/strong><\/p>\n\n\n\n<p>Per part seua, el regidor de l&#8217;\u00e0rea de Cultura, Aitor S\u00e1nchez, ha afirmat,&nbsp;<strong>\u201cel prestigi d&#8217;estos premis residix en les persones que els reben. Amb esta edici\u00f3, continuem refor\u00e7ant el comprom\u00eds de Torrent amb l&#8217;excel\u00b7l\u00e8ncia i la projecci\u00f3 de les nostres arrels. La cultura, l&#8217;esport, la ci\u00e8ncia, la vida social i les professions amb \u00e0nima troben ac\u00ed el seu reconeixement\u201d.<\/strong><\/p>\n\n\n\n<p><strong>Cam\u00ed a la Gala del 29 de novembre<\/strong><\/p>\n\n\n\n<p>L&#8217;Ajuntament de Torrent ja treballa en els preparatius de la gala oficial, que se celebrar\u00e0 el 29 de novembre. Ser\u00e0 un acte solemne i emotiu, amb pres\u00e8ncia d&#8217;autoritats, familiars, entitats i representants de la societat civil. Un esdeveniment que, m\u00e9s enll\u00e0 de la cerim\u00f2nia, simbolitza l&#8217;orgull col\u00b7lectiu d&#8217;una ciutat que reconeix als qui deixen empremta.<\/p>\n\n\n\n<p><strong>Carta de Poblament: mem\u00f2ria i futur<\/strong><\/p>\n\n\n\n<p>La Carta de Poblament de 1248, atorgada despr\u00e9s de la conquesta de Jaume I, va establir les bases jur\u00eddiques i humanes de la ciutat. M\u00e9s de set segles despr\u00e9s, estos premis mantenen visca eixa her\u00e8ncia, vinculant passat i present. En cada guardonat, Torrent retroba les seues arrels i reafirma la seua vocaci\u00f3 de futur.<\/p>\n\n\n\n<p>Els Premis Carta de Poblament no s\u00f3n un final, sin\u00f3 un llegat. Un comprom\u00eds amb els valors que fan gran a una comunitat. I Torrent, una vegada m\u00e9s, honra als qui l&#8217;engrandixen.<\/p>\n\n\n\n<figure class=\"wp-block-image size-large\"><img fetchpriority=\"high\" decoding=\"async\" width=\"1024\" height=\"682\" src=\"https:\/\/infotorrent.es\/wp-content\/uploads\/2025\/10\/1-14-1-1024x682.jpg\" alt=\"\" class=\"wp-image-87428\" srcset=\"https:\/\/infotorrent.es\/wp-content\/uploads\/2025\/10\/1-14-1-1024x682.jpg 1024w, https:\/\/infotorrent.es\/wp-content\/uploads\/2025\/10\/1-14-1-300x200.jpg 300w, https:\/\/infotorrent.es\/wp-content\/uploads\/2025\/10\/1-14-1-768x512.jpg 768w, https:\/\/infotorrent.es\/wp-content\/uploads\/2025\/10\/1-14-1-1536x1023.jpg 1536w, https:\/\/infotorrent.es\/wp-content\/uploads\/2025\/10\/1-14-1.jpg 1600w\" sizes=\"(max-width: 1024px) 100vw, 1024px\" \/><\/figure>\n","protected":false},"excerpt":{"rendered":"<p>La ciutat reconeix el llegat i la traject\u00f2ria dels qui representen els valors hist\u00f2rics i humans de Torrent, a poques setmanes de la Gala del 29 de novembre L&#8217;alcaldessa Amparo Folgado ha traslladat oficialment, la seua felicitaci\u00f3 a les persones i entitats reconegudes amb els Premis Carta de Poblament 2025, despr\u00e9s de la reuni\u00f3 celebrada [&hellip;]<\/p>\n","protected":false},"author":21,"featured_media":87428,"comment_status":"open","ping_status":"open","sticky":false,"template":"","format":"standard","meta":{"_acf_changed":false,"footnotes":""},"categories":[141,1190,126],"tags":[],"class_list":["post-87431","post","type-post","status-publish","format-standard","has-post-thumbnail","hentry","category-alcaldia-2","category-ayuntamiento-de-torrent-ca","category-cultura-es-2"],"acf":[],"_links":{"self":[{"href":"https:\/\/infotorrent.es\/ca\/wp-json\/wp\/v2\/posts\/87431","targetHints":{"allow":["GET"]}}],"collection":[{"href":"https:\/\/infotorrent.es\/ca\/wp-json\/wp\/v2\/posts"}],"about":[{"href":"https:\/\/infotorrent.es\/ca\/wp-json\/wp\/v2\/types\/post"}],"author":[{"embeddable":true,"href":"https:\/\/infotorrent.es\/ca\/wp-json\/wp\/v2\/users\/21"}],"replies":[{"embeddable":true,"href":"https:\/\/infotorrent.es\/ca\/wp-json\/wp\/v2\/comments?post=87431"}],"version-history":[{"count":1,"href":"https:\/\/infotorrent.es\/ca\/wp-json\/wp\/v2\/posts\/87431\/revisions"}],"predecessor-version":[{"id":87433,"href":"https:\/\/infotorrent.es\/ca\/wp-json\/wp\/v2\/posts\/87431\/revisions\/87433"}],"wp:featuredmedia":[{"embeddable":true,"href":"https:\/\/infotorrent.es\/ca\/wp-json\/wp\/v2\/media\/87428"}],"wp:attachment":[{"href":"https:\/\/infotorrent.es\/ca\/wp-json\/wp\/v2\/media?parent=87431"}],"wp:term":[{"taxonomy":"category","embeddable":true,"href":"https:\/\/infotorrent.es\/ca\/wp-json\/wp\/v2\/categories?post=87431"},{"taxonomy":"post_tag","embeddable":true,"href":"https:\/\/infotorrent.es\/ca\/wp-json\/wp\/v2\/tags?post=87431"}],"curies":[{"name":"wp","href":"https:\/\/api.w.org\/{rel}","templated":true}]}}