{"id":87388,"date":"2025-10-14T12:04:49","date_gmt":"2025-10-14T10:04:49","guid":{"rendered":"https:\/\/infotorrent.es\/?p=87388"},"modified":"2025-10-14T12:32:17","modified_gmt":"2025-10-14T10:32:17","slug":"eduardo-guerrero-estrella-morente-rafael-riqueni-i-mayte-martin-al-festival-flamenc-de-lauditori-de-torrent","status":"publish","type":"post","link":"https:\/\/infotorrent.es\/ca\/cultura-es-2\/eduardo-guerrero-estrella-morente-rafael-riqueni-i-mayte-martin-al-festival-flamenc-de-lauditori-de-torrent\/","title":{"rendered":"Eduardo Guerrero, Estrella Morente, Rafael Riqueni i Mayte Mart\u00edn al Festival Flamenc de l\u2019Auditori de Torrent"},"content":{"rendered":"\n<p>Tres nits consecutives de flamenc ompliran l\u2019Auditori de Torrent del 17 al 19 d\u2019octubre amb alguns dels espectacles m\u00e9s destacats del g\u00e8nere<\/p>\n\n\n\n<p>L\u2019Auditori de Torrent acull este cap de setmana una de les cites m\u00e9s consolidades durant l\u2019\u00faltim trimestre de l\u2019any, el Festival de Flamenc, que enguany ens porta un cartell de luxe integrat pel ballador Eduardo Guerrero, la cantaora Estrella Morente, el guitarrista Rafael Riqueni i la cantaora Mayte Mart\u00edn.<\/p>\n\n\n\n<p>El Festival s\u2019obri el divendres 17 d\u2019octubre amb EDUARDO GUERRERO, un dels grans noms de la dansa internacional. La cr\u00edtica especialitzada diu d\u2019ell que \u00e9s brutal, radical, que balla amb r\u00e0bia, amb les v\u00edsceres. En destaquen la seua t\u00e8cnica portentosa i el seu zapatejat poder\u00f3s, els seus girs perfectes i el fet que mai no perd l\u2019eleg\u00e0ncia i l\u2019estil, la seua senya d\u2019identitat.<\/p>\n\n\n\n<p>Eduardo Guerrero ha treballat per a grans companyies del panorama nacional com les d\u2019Aida G\u00f3mez, Eva La Yerbabuena, Roc\u00edo Molina, el Ballet Nacional d\u2019Espanya, Javier Latorre i Rafael Aguilar, entre altres. Per\u00f2 \u00e9s en 2011 quan, amb la seua pr\u00f2pia coreografia Mayo, obt\u00e9 el Premi del Concurs Coreogr\u00e0fic de Conservatoris Professionals i comen\u00e7a la seua carrera en solitari, creant m\u00e9s d\u2019una dotzena d\u2019espectacles que li han valgut nombrosos guardons en concursos i festivals de tot l\u2019Estat.<\/p>\n\n\n\n<p>El seu espectacle FARO \u00e9s una obra sense gui\u00f3 argumental, on s\u2019interpreten diferents pals flamencs i versions de m\u00edtiques can\u00e7ons que s\u2019han inspirat en la seua estampa. A FARO s\u2019intercalen n\u00fameros musicals amb el ball d\u2019Eduardo de manera que l\u2019espectacle va in crescendo. D\u2019escenografia escassa i blanca, deixa el protagonisme al color del vestuari i a les magn\u00edfiques i precises coreografies. L\u2019esveltesa i eleg\u00e0ncia del far encasten amb la figura d\u2019Eduardo com el mar i les ones que il\u00b7lumina.<\/p>\n\n\n\n<p>El dissabte 18 d\u2019octubre podrem disfrutar de dos grans icones del flamenc unides damunt l\u2019escenari: ESTRELLA MORENTE i RAFAEL RIQUENI. El seu espectacle ESTRELLA &amp; RAFAEL suposa l\u2019esperada trobada entre dues figures irrepetibles del flamenc contemporani, aix\u00ed com la inevitable her\u00e8ncia de l\u2019amistat imperecedera dels Morente amb el mestre de la guitarra.<\/p>\n\n\n\n<p>El projecte es va gestar i gravar al centre penitenciari de Sevilla, on el mestre Riqueni complia condemna. Estrella Morente va ser una pe\u00e7a clau per a impulsar la trobada. El seu gest d\u2019amabilitat i suport va transformar la vida de Riqueni, donant-li l\u2019oportunitat de tornar a connectar amb el seu art i expressar-se a trav\u00e9s de la m\u00fasica.<\/p>\n\n\n\n<p>En el seu recital, Estrella Morente i Rafael Riqueni reten homenatge al passat, a la hist\u00f2ria del g\u00e8nere, a eixe flamenc que es fonamenta en la transmissi\u00f3 directa i inequ\u00edvoca dels sentiments m\u00e9s essencials, a les arrels ancestrals del flamenc, especialment a dues de les seues figures m\u00e9s m\u00edtiques: la Ni\u00f1a de los Peines i el guitarrista Ni\u00f1o Ricardo.<\/p>\n\n\n\n<p>Per a clausurar l\u2019edici\u00f3 del Festival Flamenc d\u2019enguany, comptarem amb una de les cantaoras de m\u00e9s prestigi del panorama actual del flamenc i de la m\u00fasica: MAYTE MART\u00cdN. Nascuda a Barcelona en 1965, Mayte Mart\u00edn pertany a eixa estranya categoria d\u2019artistes que no necessiten, ni volen, traure un disc cada dos anys per a sobreviure, ni per a conservar un lloc en l\u2019actualitat o en la mem\u00f2ria del p\u00fablic. T\u00e9 l\u2019aval del reconeixement de la cr\u00edtica, el benepl\u00e0cit de l\u2019afici\u00f3 i un interessant conjunt de premis. Per\u00f2 el reconeixement m\u00e9s extens li arriba de la m\u00e0 del p\u00fablic, que aprecia el seu cant preciosista i ser\u00e9, ple de matisos.<\/p>\n\n\n\n<p>Des dels seus primers passos trenca motles: naix amb ella i defensa des dels seus inicis una filosofia molt peculiar i un concepte de la professi\u00f3 absolutament transgressors, sent considerada per la seua est\u00e8tica art\u00edstica i el seu discurs un referent del flamenc, el bolero i la m\u00fasica en general. Una traject\u00f2ria que ha enriquit amb nombroses gravacions discogr\u00e0fiques, que gaudeixen del reconeixement i l\u2019estima del p\u00fablic, fidel a eixe llenguatge sagrat amb qu\u00e8 Mayte Mart\u00edn expressa la seua admiraci\u00f3 i respecte pels ancestres i la tradici\u00f3, i del qual podrem disfrutar en el seu espectacle FLAMENCO \u00cdNTIM, al costat del guitarrista Jos\u00e9 Galvez.<\/p>\n\n\n\n<p>Les entrades estan a la venda en <a href=\"http:\/\/www.auditoritorrent.com\" target=\"_blank\" rel=\"noopener\">www.auditoritorrent.com<\/a> i en les taquilles de l\u2019Auditori (dijous de 17 a 20 h, divendres d\u201911 a 13 h i des de dues hores abans de l\u2019inici de cada espectacle).<\/p>\n\n\n\n<figure class=\"wp-block-image size-large\"><img fetchpriority=\"high\" decoding=\"async\" width=\"1024\" height=\"576\" src=\"https:\/\/infotorrent.es\/wp-content\/uploads\/2025\/10\/estrellarafael-1024x576.jpg\" alt=\"\" class=\"wp-image-87381\" srcset=\"https:\/\/infotorrent.es\/wp-content\/uploads\/2025\/10\/estrellarafael-1024x576.jpg 1024w, https:\/\/infotorrent.es\/wp-content\/uploads\/2025\/10\/estrellarafael-300x169.jpg 300w, https:\/\/infotorrent.es\/wp-content\/uploads\/2025\/10\/estrellarafael-768x432.jpg 768w, https:\/\/infotorrent.es\/wp-content\/uploads\/2025\/10\/estrellarafael-1536x865.jpg 1536w, https:\/\/infotorrent.es\/wp-content\/uploads\/2025\/10\/estrellarafael.jpg 1654w\" sizes=\"(max-width: 1024px) 100vw, 1024px\" \/><\/figure>\n\n\n\n<figure class=\"wp-block-gallery has-nested-images columns-default is-cropped wp-block-gallery-1 is-layout-flex wp-block-gallery-is-layout-flex\">\n<figure class=\"wp-block-image size-large\"><img decoding=\"async\" width=\"1024\" height=\"600\" data-id=\"87383\" src=\"https:\/\/infotorrent.es\/wp-content\/uploads\/2025\/10\/eduardoguerrero.png\" alt=\"\" class=\"wp-image-87383\" srcset=\"https:\/\/infotorrent.es\/wp-content\/uploads\/2025\/10\/eduardoguerrero.png 1024w, https:\/\/infotorrent.es\/wp-content\/uploads\/2025\/10\/eduardoguerrero-300x176.png 300w, https:\/\/infotorrent.es\/wp-content\/uploads\/2025\/10\/eduardoguerrero-768x450.png 768w\" sizes=\"(max-width: 1024px) 100vw, 1024px\" \/><\/figure>\n\n\n\n<figure class=\"wp-block-image size-large\"><img decoding=\"async\" width=\"701\" height=\"1024\" data-id=\"87385\" src=\"https:\/\/infotorrent.es\/wp-content\/uploads\/2025\/10\/maytemartin-701x1024.jpg\" alt=\"\" class=\"wp-image-87385\" srcset=\"https:\/\/infotorrent.es\/wp-content\/uploads\/2025\/10\/maytemartin-701x1024.jpg 701w, https:\/\/infotorrent.es\/wp-content\/uploads\/2025\/10\/maytemartin-205x300.jpg 205w, https:\/\/infotorrent.es\/wp-content\/uploads\/2025\/10\/maytemartin-768x1122.jpg 768w, https:\/\/infotorrent.es\/wp-content\/uploads\/2025\/10\/maytemartin-1051x1536.jpg 1051w, https:\/\/infotorrent.es\/wp-content\/uploads\/2025\/10\/maytemartin-1401x2048.jpg 1401w, https:\/\/infotorrent.es\/wp-content\/uploads\/2025\/10\/maytemartin-scaled.jpg 1752w\" sizes=\"(max-width: 701px) 100vw, 701px\" \/><\/figure>\n<\/figure>\n","protected":false},"excerpt":{"rendered":"<p>Tres nits consecutives de flamenc ompliran l\u2019Auditori de Torrent del 17 al 19 d\u2019octubre amb alguns dels espectacles m\u00e9s destacats del g\u00e8nere L\u2019Auditori de Torrent acull este cap de setmana una de les cites m\u00e9s consolidades durant l\u2019\u00faltim trimestre de l\u2019any, el Festival de Flamenc, que enguany ens porta un cartell de luxe integrat pel [&hellip;]<\/p>\n","protected":false},"author":21,"featured_media":87381,"comment_status":"open","ping_status":"open","sticky":false,"template":"","format":"standard","meta":{"_acf_changed":false,"footnotes":""},"categories":[1215,126],"tags":[],"class_list":["post-87388","post","type-post","status-publish","format-standard","has-post-thumbnail","hentry","category-auditori-de-torrent-ca","category-cultura-es-2"],"acf":[],"_links":{"self":[{"href":"https:\/\/infotorrent.es\/ca\/wp-json\/wp\/v2\/posts\/87388","targetHints":{"allow":["GET"]}}],"collection":[{"href":"https:\/\/infotorrent.es\/ca\/wp-json\/wp\/v2\/posts"}],"about":[{"href":"https:\/\/infotorrent.es\/ca\/wp-json\/wp\/v2\/types\/post"}],"author":[{"embeddable":true,"href":"https:\/\/infotorrent.es\/ca\/wp-json\/wp\/v2\/users\/21"}],"replies":[{"embeddable":true,"href":"https:\/\/infotorrent.es\/ca\/wp-json\/wp\/v2\/comments?post=87388"}],"version-history":[{"count":1,"href":"https:\/\/infotorrent.es\/ca\/wp-json\/wp\/v2\/posts\/87388\/revisions"}],"predecessor-version":[{"id":87390,"href":"https:\/\/infotorrent.es\/ca\/wp-json\/wp\/v2\/posts\/87388\/revisions\/87390"}],"wp:featuredmedia":[{"embeddable":true,"href":"https:\/\/infotorrent.es\/ca\/wp-json\/wp\/v2\/media\/87381"}],"wp:attachment":[{"href":"https:\/\/infotorrent.es\/ca\/wp-json\/wp\/v2\/media?parent=87388"}],"wp:term":[{"taxonomy":"category","embeddable":true,"href":"https:\/\/infotorrent.es\/ca\/wp-json\/wp\/v2\/categories?post=87388"},{"taxonomy":"post_tag","embeddable":true,"href":"https:\/\/infotorrent.es\/ca\/wp-json\/wp\/v2\/tags?post=87388"}],"curies":[{"name":"wp","href":"https:\/\/api.w.org\/{rel}","templated":true}]}}