{"id":8737,"date":"2017-07-06T07:59:06","date_gmt":"2017-07-06T07:59:06","guid":{"rendered":"https:\/\/infotorrent.es\/uncategorized\/el-forumt-ciutat-de-torrent-acaba-els-seus-cursos-de-perfeccionament-musical\/"},"modified":"2017-07-06T07:59:06","modified_gmt":"2017-07-06T07:59:06","slug":"el-forumt-ciutat-de-torrent-acaba-els-seus-cursos-de-perfeccionament-musical","status":"publish","type":"post","link":"https:\/\/infotorrent.es\/ca\/noticies\/el-forumt-ciutat-de-torrent-acaba-els-seus-cursos-de-perfeccionament-musical\/","title":{"rendered":"El FORUMT Ciutat de Torrent acaba els seus cursos de perfeccionament musical"},"content":{"rendered":"<p style=\"text-align: justify;\">Enguany, la Uni\u00f3 Musical de Torrent ha organitzat l\u2019edici\u00f3 n\u00famero 37 dels cursos de perfeccionament musical, ara amb el nom de FORUMT d\u2019Interpretaci\u00f3 i Perfeccionament Musical Ciutat de Torrent. Durant estos dies, els alumnes han pogut ampliar els seus coneixements musicals amb professors especialitzats, alumnes de diferents centres i tallers din\u00e0mics.<\/p>\n<p style=\"text-align: justify;\">Dissabte passat, el Conservatori de Torrent acoll\u00ed l\u2019acte de clausura del FORUMT, un acte en qu\u00e8 els participants dels cursos de percussi\u00f3, viol\u00ed, cant, saxo, tromb\u00f3, flauta, obo\u00e9 i fagots, clarinets, trompeta i la nova especialitat de composici\u00f3 feren una demostraci\u00f3 de tot l\u2019apr\u00e9s durant el curs. Posteriorment, es donaren els diplomes acreditatius a tots els participants.<\/p>\n<p style=\"text-align: justify;\">El regidor de l\u2019\u00c0rea de Cultura, Alfred Costa, dirig\u00ed unes paraules d\u2019agra\u00efment a la Uni\u00f3 Musical, la qual seguix contribuint a l\u2019augment de la qualitat i del patrimoni musical de la ciutat amb iniciatives d\u2019este tipus. A m\u00e9s, va destacar el car\u00e0cter internacional dels cursos amb participants de diversos pa\u00efsos. La musa de la M\u00fasica, Ana Mar\u00eda Castro, el president de la Uni\u00f3 Musical, Juan Benavent, el regidor de Cultura, Alfred Costa, i els professors de cada especialitat foren els encarregats de lliurar els diplomes.<\/p>\n","protected":false},"excerpt":{"rendered":"<p>Enguany, la Uni\u00f3 Musical de Torrent ha organitzat l\u2019edici\u00f3 n\u00famero 37 dels cursos de perfeccionament musical, ara amb el nom de FORUMT d\u2019Interpretaci\u00f3 i Perfeccionament Musical Ciutat de Torrent. Durant estos dies, els alumnes han pogut ampliar els seus coneixements musicals amb professors especialitzats, alumnes de diferents centres i tallers din\u00e0mics. Dissabte passat, el Conservatori [&hellip;]<\/p>\n","protected":false},"author":3,"featured_media":1137,"comment_status":"open","ping_status":"open","sticky":false,"template":"","format":"standard","meta":{"_acf_changed":false,"footnotes":""},"categories":[117,116],"tags":[],"class_list":["post-8737","post","type-post","status-publish","format-standard","has-post-thumbnail","hentry","category-cultura","category-noticies"],"acf":[],"_links":{"self":[{"href":"https:\/\/infotorrent.es\/ca\/wp-json\/wp\/v2\/posts\/8737","targetHints":{"allow":["GET"]}}],"collection":[{"href":"https:\/\/infotorrent.es\/ca\/wp-json\/wp\/v2\/posts"}],"about":[{"href":"https:\/\/infotorrent.es\/ca\/wp-json\/wp\/v2\/types\/post"}],"author":[{"embeddable":true,"href":"https:\/\/infotorrent.es\/ca\/wp-json\/wp\/v2\/users\/3"}],"replies":[{"embeddable":true,"href":"https:\/\/infotorrent.es\/ca\/wp-json\/wp\/v2\/comments?post=8737"}],"version-history":[{"count":0,"href":"https:\/\/infotorrent.es\/ca\/wp-json\/wp\/v2\/posts\/8737\/revisions"}],"wp:featuredmedia":[{"embeddable":true,"href":"https:\/\/infotorrent.es\/ca\/wp-json\/wp\/v2\/media\/1137"}],"wp:attachment":[{"href":"https:\/\/infotorrent.es\/ca\/wp-json\/wp\/v2\/media?parent=8737"}],"wp:term":[{"taxonomy":"category","embeddable":true,"href":"https:\/\/infotorrent.es\/ca\/wp-json\/wp\/v2\/categories?post=8737"},{"taxonomy":"post_tag","embeddable":true,"href":"https:\/\/infotorrent.es\/ca\/wp-json\/wp\/v2\/tags?post=8737"}],"curies":[{"name":"wp","href":"https:\/\/api.w.org\/{rel}","templated":true}]}}