{"id":8726,"date":"2017-07-05T09:35:11","date_gmt":"2017-07-05T09:35:11","guid":{"rendered":"https:\/\/infotorrent.es\/uncategorized\/la-presa-12-del-canal-xuquer-turia-fa-20-anys\/"},"modified":"2017-07-05T09:35:11","modified_gmt":"2017-07-05T09:35:11","slug":"la-presa-12-del-canal-xuquer-turia-fa-20-anys","status":"publish","type":"post","link":"https:\/\/infotorrent.es\/ca\/noticies\/la-presa-12-del-canal-xuquer-turia-fa-20-anys\/","title":{"rendered":"La presa 12 del canal X\u00faquer-T\u00faria fa 20 anys"},"content":{"rendered":"<div style=\"text-align: center;\"><strong>La superf\u00edcie que es pot regar a Torrent \u00e9s de de 818 ha en la presa 12 i de 197 ha en la presa 13<\/strong><\/div>\n<div><\/div>\n<div style=\"text-align: justify;\">En la vesprada d&#8217;ahir, el Consell Agrari Municipal va acollir l&#8217;exposici\u00f3 sobre el canal X\u00faquer-T\u00faria complementada amb diversos panells sobre l&#8217;evoluci\u00f3 agr\u00e0ria de la ciutat. Amb motiu del XX aniversari de la presa 12 del canal i la festivitat de Sant Pere, a m\u00e9s es van celebrar dos confer\u00e8ncies, la primera sobre les energies renovables en la comunitat de regants, impartida per Jos\u00e9 Antonio Linares i la segona de la m\u00e0 d&#8217;Ernesto Serra sobre les tend\u00e8ncies futures en la gesti\u00f3 dels regadius modernitzats i l&#8217;efic\u00e0cia energ\u00e8tica. L&#8217;alcalde Jes\u00fas Ros va voler donar la benvinguda als presidents d&#8217;altres preses per les quals passa el canal i remarcar la import\u00e0ncia en la nostra ciutat tant pel que ha suposat el canal fins al moment en el nostre regadiu com pel que suposaran els nous plans d&#8217;elevaci\u00f3 d&#8217;aigua en les zones que queden per sobre de la cota del canal. La superf\u00edcie que es pot regar a Torrent \u00e9s de 818 ha en la presa 12 i de 197 en la presa 13.<\/div>\n<div style=\"text-align: justify;\"><\/div>\n<div style=\"text-align: justify;\">Jos\u00e9 Mar\u00eda Toledo, president de la Comunitat de Regants del sector XII de la subzona Marge Dreta Canal X\u00faquer-T\u00faria, el regidor de l&#8217;\u00c0rea de Cultura, Alfred Costa, i el regidor d&#8217;Espais P\u00fablics, Jos\u00e9 Antonio Castillejo no van voler perdre&#8217;s este acte per a fer costat a la comunitat d&#8217;usuaris del canal. Durant el mat\u00ed de hui els regants de la presa 12 i altres vinguts de diferents trams del canal han celebrat una missa en honor a Sant Pere.<\/div>\n<div><\/div>\n<div><strong>El canal X\u00faquer-T\u00faria<\/strong><\/div>\n<div><\/div>\n<div style=\"text-align: justify;\">El Canal X\u00faquer-T\u00faria es pos\u00e0 en servei l&#8217;any 1979, t\u00e9 una longitud de 60 quil\u00f2metres entre el riu X\u00faquer (Embassament Tous-la Ribera) i el riu T\u00faria (Potabilitzadora \u201cLa Presa\u201d a Manises), travessa un total de 14 termes municipals (Tous, Alzira, Guadassuar, l\u2019Alc\u00fadia, Benimodo, Carlet, Alfarb, Alginet, Benifai\u00f3, Picassent, Torrent, Aldaia, Quart i Manises) i pot transportar des de 30 m3\/seg. fins a 16 m3\/seg. en el final semicircular. Consta de trams en t\u00fanel, en sif\u00f3 i a cel obert amb diferents seccions (trapezo\u00efdal, rectangular, circular)<\/div>\n","protected":false},"excerpt":{"rendered":"<p>La superf\u00edcie que es pot regar a Torrent \u00e9s de de 818 ha en la presa 12 i de 197 ha en la presa 13 En la vesprada d&#8217;ahir, el Consell Agrari Municipal va acollir l&#8217;exposici\u00f3 sobre el canal X\u00faquer-T\u00faria complementada amb diversos panells sobre l&#8217;evoluci\u00f3 agr\u00e0ria de la ciutat. Amb motiu del XX aniversari [&hellip;]<\/p>\n","protected":false},"author":4,"featured_media":1137,"comment_status":"open","ping_status":"open","sticky":false,"template":"","format":"standard","meta":{"_acf_changed":false,"footnotes":""},"categories":[119,116],"tags":[],"class_list":["post-8726","post","type-post","status-publish","format-standard","has-post-thumbnail","hentry","category-medi-ambient","category-noticies"],"acf":[],"_links":{"self":[{"href":"https:\/\/infotorrent.es\/ca\/wp-json\/wp\/v2\/posts\/8726","targetHints":{"allow":["GET"]}}],"collection":[{"href":"https:\/\/infotorrent.es\/ca\/wp-json\/wp\/v2\/posts"}],"about":[{"href":"https:\/\/infotorrent.es\/ca\/wp-json\/wp\/v2\/types\/post"}],"author":[{"embeddable":true,"href":"https:\/\/infotorrent.es\/ca\/wp-json\/wp\/v2\/users\/4"}],"replies":[{"embeddable":true,"href":"https:\/\/infotorrent.es\/ca\/wp-json\/wp\/v2\/comments?post=8726"}],"version-history":[{"count":0,"href":"https:\/\/infotorrent.es\/ca\/wp-json\/wp\/v2\/posts\/8726\/revisions"}],"wp:featuredmedia":[{"embeddable":true,"href":"https:\/\/infotorrent.es\/ca\/wp-json\/wp\/v2\/media\/1137"}],"wp:attachment":[{"href":"https:\/\/infotorrent.es\/ca\/wp-json\/wp\/v2\/media?parent=8726"}],"wp:term":[{"taxonomy":"category","embeddable":true,"href":"https:\/\/infotorrent.es\/ca\/wp-json\/wp\/v2\/categories?post=8726"},{"taxonomy":"post_tag","embeddable":true,"href":"https:\/\/infotorrent.es\/ca\/wp-json\/wp\/v2\/tags?post=8726"}],"curies":[{"name":"wp","href":"https:\/\/api.w.org\/{rel}","templated":true}]}}