{"id":8725,"date":"2017-07-05T09:25:08","date_gmt":"2017-07-05T09:25:08","guid":{"rendered":"https:\/\/infotorrent.es\/uncategorized\/torrent-iniciara-el-pla-de-reforestacio-i-conservacio-de-la-serra-de-perenxisa\/"},"modified":"2017-07-05T09:25:08","modified_gmt":"2017-07-05T09:25:08","slug":"torrent-iniciara-el-pla-de-reforestacio-i-conservacio-de-la-serra-de-perenxisa","status":"publish","type":"post","link":"https:\/\/infotorrent.es\/ca\/noticies\/torrent-iniciara-el-pla-de-reforestacio-i-conservacio-de-la-serra-de-perenxisa\/","title":{"rendered":"Torrent iniciar\u00e0 el Pla de Reforestaci\u00f3 i Conservaci\u00f3 de la Serra de Perenxisa"},"content":{"rendered":"<div style=\"text-align: center;\"><strong>L&#8217;objectiu \u00e9s restaurar el paratge natural, amb la retirada dels arbres afectats, la reforestaci\u00f3 de les zones que tinguen dificultat per a regenerar-se per si mateixes i introduint m\u00e9s diversitat d&#8217;esp\u00e8cies forestals<\/strong><\/div>\n<div style=\"text-align: justify;\"><\/div>\n<div style=\"text-align: justify;\">El consistori torrent\u00ed en el seu comprom\u00eds amb el medi ambient, i per conservar i millorar el patrimoni natural de la ciutat ha adjudicat el Pla de Reforestaci\u00f3 i Conservaci\u00f3 de la Serra de Perenxisa que comen\u00e7ar\u00e0 entre els mesos d&#8217;octubre i novembre.<\/div>\n<div style=\"text-align: justify;\"><\/div>\n<div style=\"text-align: justify;\">Per a la correcta aplicaci\u00f3 d&#8217;este pla, la serra de Perenxisa s&#8217;ha dividit en dos \u00e0rees per al qual es marquen diferents objectius. En la primera \u00e0rea, afectada per l&#8217;incendi es vol reduir l&#8217;erosi\u00f3 del s\u00f2l, perqu\u00e8 hi haja un suport que permeta l&#8217;exist\u00e8ncia d&#8217;una coberta vegetal i recuperar la coberta vegetal, mitjan\u00e7ant la implantaci\u00f3 d&#8217;una massa arb\u00f2ria, en les zones on no s&#8217;aconseguiria de forma natural per la falta de regeneraci\u00f3 del Pinus Halepensis Mill.<\/div>\n<div style=\"text-align: justify;\"><\/div>\n<div style=\"text-align: justify;\">En la segona \u00e0rea, l&#8217;afectada per la plaga de Tomicus es pret\u00e9n disminuir la plaga, retirant les soques afectades i introduir la major quantitat d&#8217;esp\u00e8cies arb\u00f2ries que estan en minoria davant del Pinus Halepensis Mill, perqu\u00e8 hi haja major diversitat i aix\u00ed, enfortir l&#8217;ecosistema.<\/div>\n<div style=\"text-align: justify;\"><\/div>\n<div style=\"text-align: justify;\">La regidora de Medi Ambient, Inma Amat, afirma que l&#8217;objectiu final de tot el proc\u00e9s \u00e9s \u201crestaurar el paratge natural, retirant els arbres afectats, reforestant les zones que tinguen dificultat per a regenerar-se per si mateixes i introduint m\u00e9s diversitat d&#8217;esp\u00e8cies forestals\u201d.<\/div>\n<div style=\"text-align: justify;\"><\/div>\n<div style=\"text-align: justify;\">A m\u00e9s es proposa una reforestaci\u00f3, principalment per a protegir el s\u00f2l de l&#8217;erosi\u00f3 h\u00eddrica, en els rodals on es preveu una regeneraci\u00f3 natural dolenta o lenta. Per\u00f2 tamb\u00e9 per a fomentar la biodiversitat, millorar la funci\u00f3 paisatg\u00edstica, etc. L&#8217;alternativa possible \u00e9s deixar que regenere de forma natural, encara que la regeneraci\u00f3 es preveu que ser\u00e0 lenta, desigual i amb una coberta vegetal de menor qualitat. La selecci\u00f3 s&#8217;ha basat en la idone\u00eftat de cada planta i amb la intenci\u00f3 d\u2019afavorir les esp\u00e8cies menys presents, per a augmentar-ne la biodiversitat.<\/div>\n<div style=\"text-align: justify;\"><\/div>\n<div style=\"text-align: justify;\">El clima mediterrani es caracteritza per la irregularitat en les precipitacions i per la sequera estival. Amb la finalitat de millorar l&#8217;arrelament de les plantes introdu\u00efdes, s\u2019emprar\u00e0 una subst\u00e0ncia anomenada hidrogel en el moment de la plantaci\u00f3. Esta subst\u00e0ncia provoca que la humitat que hi ha en el s\u00f2l hi quede retinguda perqu\u00e8 a poc a poc la vaja alliberant una altra vegada a l&#8217;exterior, just quan la humitat d&#8217;aquest s\u00f2l siga inferior a la que t\u00e9 l\u2019hidrogel.<\/div>\n<div><\/div>\n","protected":false},"excerpt":{"rendered":"<p>L&#8217;objectiu \u00e9s restaurar el paratge natural, amb la retirada dels arbres afectats, la reforestaci\u00f3 de les zones que tinguen dificultat per a regenerar-se per si mateixes i introduint m\u00e9s diversitat d&#8217;esp\u00e8cies forestals El consistori torrent\u00ed en el seu comprom\u00eds amb el medi ambient, i per conservar i millorar el patrimoni natural de la ciutat ha [&hellip;]<\/p>\n","protected":false},"author":4,"featured_media":1137,"comment_status":"open","ping_status":"open","sticky":false,"template":"","format":"standard","meta":{"_acf_changed":false,"footnotes":""},"categories":[119,116],"tags":[],"class_list":["post-8725","post","type-post","status-publish","format-standard","has-post-thumbnail","hentry","category-medi-ambient","category-noticies"],"acf":[],"_links":{"self":[{"href":"https:\/\/infotorrent.es\/ca\/wp-json\/wp\/v2\/posts\/8725","targetHints":{"allow":["GET"]}}],"collection":[{"href":"https:\/\/infotorrent.es\/ca\/wp-json\/wp\/v2\/posts"}],"about":[{"href":"https:\/\/infotorrent.es\/ca\/wp-json\/wp\/v2\/types\/post"}],"author":[{"embeddable":true,"href":"https:\/\/infotorrent.es\/ca\/wp-json\/wp\/v2\/users\/4"}],"replies":[{"embeddable":true,"href":"https:\/\/infotorrent.es\/ca\/wp-json\/wp\/v2\/comments?post=8725"}],"version-history":[{"count":0,"href":"https:\/\/infotorrent.es\/ca\/wp-json\/wp\/v2\/posts\/8725\/revisions"}],"wp:featuredmedia":[{"embeddable":true,"href":"https:\/\/infotorrent.es\/ca\/wp-json\/wp\/v2\/media\/1137"}],"wp:attachment":[{"href":"https:\/\/infotorrent.es\/ca\/wp-json\/wp\/v2\/media?parent=8725"}],"wp:term":[{"taxonomy":"category","embeddable":true,"href":"https:\/\/infotorrent.es\/ca\/wp-json\/wp\/v2\/categories?post=8725"},{"taxonomy":"post_tag","embeddable":true,"href":"https:\/\/infotorrent.es\/ca\/wp-json\/wp\/v2\/tags?post=8725"}],"curies":[{"name":"wp","href":"https:\/\/api.w.org\/{rel}","templated":true}]}}