{"id":87223,"date":"2025-10-10T10:16:23","date_gmt":"2025-10-10T08:16:23","guid":{"rendered":"https:\/\/infotorrent.es\/?p=87223"},"modified":"2025-10-10T10:34:45","modified_gmt":"2025-10-10T08:34:45","slug":"torrent-celebra-la-52a-fira-del-llibre-amb-la-presencia-de-santiago-posteguillo-eloy-moreno-i-cherry-chic","status":"publish","type":"post","link":"https:\/\/infotorrent.es\/ca\/cultura-es-2\/torrent-celebra-la-52a-fira-del-llibre-amb-la-presencia-de-santiago-posteguillo-eloy-moreno-i-cherry-chic\/","title":{"rendered":"Torrent celebra la 52a Fira del Llibre amb la pres\u00e8ncia de Santiago Posteguillo, Eloy Moreno i Cherry Chic"},"content":{"rendered":"\n<p><strong>Amb m\u00e9s d&#8217;una vintena d&#8217;autors convidats, comptar\u00e0 a m\u00e9s amb destacades figures com Bego\u00f1a Valero, Rosa Ribas, Juli C\u00e8sar Cano, entre molts altres que conformen un cartell literari de primer nivell i un programa literari i cultural ambici\u00f3s<\/strong><\/p>\n\n\n\n<p><strong>La m\u00e0gia d&#8217;Harry Potter tamb\u00e9 arriba a la Fira amb tallers, teatre, varetes, pocions, encanteris i un Hogwarts en la Pla\u00e7a<\/strong><\/p>\n\n\n\n<p>\u00b7&nbsp;&nbsp;&nbsp;&nbsp;&nbsp;&nbsp;&nbsp;<strong>Se celebrar\u00e0 del 23 al 26 d&#8217;octubre, d&#8217;11.00 a 14.00 hores i de 17.00 a 20.30 hores<\/strong><\/p>\n\n\n\n<p>\u00b7&nbsp;&nbsp;&nbsp;&nbsp;&nbsp;&nbsp;&nbsp;<strong>S&#8217;anunciaran m\u00e9s novetats i sorpreses en el compte d&#8217;Instagram @bpmtorrent<\/strong><\/p>\n\n\n\n<p>La Fira del Llibre de Torrent celebra la seua 52a edici\u00f3 amb una proposta cultural renovada i ambiciosa. Del dijous 23 al diumenge 26 d&#8217;octubre, d&#8217;11.00 a 14.00 hores i de 17.00 a 20.30 hores, la Pla\u00e7a de la Va unir Musical (al costat de l&#8217;estaci\u00f3 de metro Avinguda) es convertir\u00e0 en l&#8217;epicentre de trobades liter\u00e0ries, firmes d&#8217;autors, tallers, recitals, espectacles, literatura infantil i una variada programaci\u00f3 d&#8217;activitats per a tots els p\u00fablics.<\/p>\n\n\n\n<p>Amb este esdeveniment, l&#8217;Ajuntament, a trav\u00e9s de la regidoria de Cultura i la xarxa de Biblioteques Municipals de Torrent, reafirmen la seua aposta per fomentar l&#8217;h\u00e0bit lector, incentivar el di\u00e0leg literari i promoure els autors valencians, nacionals i internacionals. La Fira no sols oferir\u00e0 un espai de venda de llibres, sin\u00f3 un escenari viu de creaci\u00f3 cultural, reflexi\u00f3 i conviv\u00e8ncia.<\/p>\n\n\n\n<p>L&#8217;alcaldessa Amparo Folgado ha subratllat que&nbsp;<strong>\u201cla Fira del Llibre de Torrent complix 52 edicions i torna a demostrar que la nostra ciutat respira cultura, hist\u00f2ria i tradici\u00f3 lectora. Este esdeveniment no ser\u00e0 nom\u00e9s una fira de llibres: ser\u00e0 un punt de trobada entre autors, lectors i fam\u00edlies, un espai on les paraules unixen generacions i on Torrent reafirma el seu comprom\u00eds amb la cultura com a motor de progr\u00e9s\u201d.<\/strong><\/p>\n\n\n\n<p><strong>Import\u00e0ncia medi\u00e0tica i liter\u00e0ria del certamen<\/strong><\/p>\n\n\n\n<p>La 52\u00e9 Fira del llibre se situa dins del circuit literari valenci\u00e0 amb suficient pes com per a atraure autors reconeguts i p\u00fablic especialitzat. A m\u00e9s de potenciar la visibilitat d&#8217;escriptors emergents i locals, l&#8217;esdeveniment compta amb figures liter\u00e0ries consolidades que atrauran lectors \u00e0vids i mitjans de comunicaci\u00f3.<\/p>\n\n\n\n<p>A m\u00e9s, la Fira tamb\u00e9 refor\u00e7a la pres\u00e8ncia del valenci\u00e0 en la seua programaci\u00f3. Enguany es retr\u00e0 homenatge a l&#8217;escriptora Mar\u00eda Beneyto amb un recital i un musical que acostaran la seua obra a les noves generacions, consolidant el comprom\u00eds de Torrent amb la promoci\u00f3 de la literatura en la nostra llengua pr\u00f2pia.<\/p>\n\n\n\n<p><strong>Un cartell literari de primer nivell, amb m\u00e9s d&#8217;una vintena d&#8217;autors convidats<\/strong><\/p>\n\n\n\n<p>Santiago Posteguillo, despr\u00e9s de l&#8217;\u00e8xit imparable de Roma soc jo i Male\u00efda Roma, prosseguix el seu ambici\u00f3s projecte literari amb Els tres mons, la publicaci\u00f3 oficial dels quals est\u00e0 prevista a la fi d&#8217;octubre. Torrent tindr\u00e0 el privilegi d&#8217;acollir, en el marc de la 52\u00e9 Fira del Llibre, la presentaci\u00f3 de l&#8217;estrena liter\u00e0ria d&#8217;esta esperada novel\u00b7la el pr\u00f2xim 26 d&#8217;octubre.<\/p>\n\n\n\n<p>Eloy Moreno, un dels autors m\u00e9s destacats del panorama literari actual, presentar\u00e0 el seu nou llibre El nou viatge d&#8217;El Petit Pr\u00edncep. Tal com ell mateix afirma: \u201cEste ha sigut un dels projectes m\u00e9s importants de la meua carrera; \u00e9s una cosa tan gran com delicat, tan bonic com intens, tan emocionant com l&#8217;univers sencer.\u201d<\/p>\n\n\n\n<p>Bego\u00f1a Valero, autora habitual de novel\u00b7la hist\u00f2rica, ens parlar\u00e0 de La venjan\u00e7a dels templers, distingida amb el Guard\u00f3 Lletres del Mediterrani 2024 de novel\u00b7la hist\u00f2rica, aix\u00ed com de la seua reconeguda i tamb\u00e9 premiada novel\u00b7la Un testimoni anomenat Cervantes. Esta \u00faltima s&#8217;inspira en fets reals poc coneguts sobre la vida de Cervantes, com la seua declaraci\u00f3 en un ju\u00ed per assassinat a Val\u00e8ncia despr\u00e9s de tornar de la seua captivitat a Alger, i els seus cinc anys com a presoner.<\/p>\n\n\n\n<p>Cherry Chic ens acostar\u00e0 la seua novel\u00b7la rom\u00e0ntica m\u00e9s personal i \u00edntima, \u201cTots els desitjos que vaig escriure sense tu\u201d, una hist\u00f2ria que reflectix l&#8217;amor des de la innoc\u00e8ncia i el respecte, i que transmet un missatge fonamental: l&#8217;amor propi com a principi vital imprescindible.<\/p>\n\n\n\n<p>Rosa Ribas ens parlar\u00e0 sobre la seua novel\u00b7la \u201cEls vells amors\u201d i a m\u00e9s participar\u00e0 en el club de lectura en angl\u00e9s \u201cMenja read with Michelle\u201d amb la seua novel\u00b7la \u201cFar\u201d.<\/p>\n\n\n\n<p>Per\u00f2 el programa tamb\u00e9 contempla la pres\u00e8ncia d&#8217;altres escriptors de pes -tant d&#8217;\u00e0mbit valenci\u00e0 com nacional- que participaran en tert\u00falies, presentacions i firmes, enriquint el di\u00e0leg literari local i nacional.<\/p>\n\n\n\n<p>En este sentit, l&#8217;alcaldessa ha afirmat, \u201cens sentim molt orgullosos que autors de la talla de Santiago Posteguillo, Eloy Moreno, Cherry Chic, Rosa Ribas i Bego\u00f1a Valero, juntament amb tants escriptors locals i emergents, formen part d&#8217;esta programaci\u00f3. La seua pres\u00e8ncia engrandix la Fira i situa a Torrent en el mapa literari valenci\u00e0 i nacional\u201d.<\/p>\n\n\n\n<p>Este equilibri entre noms consagrats, veus emergents i talents regionals \u00e9s una de les apostes potents d&#8217;esta edici\u00f3. La Fira possibilitar\u00e0 que el lector local tinga acc\u00e9s directe a sessions de di\u00e0leg amb autors de renom, enfortint el vincle entre ciutadania i creaci\u00f3 liter\u00e0ria.<\/p>\n\n\n\n<p>A m\u00e9s, esta edici\u00f3 coincidir\u00e0 amb la commemoraci\u00f3 del 75\u00e9 aniversari de les Biblioteques P\u00fabliques Municipals de Torrent (1950-2025) i el 40\u00e9 aniversari de la Casa de la Cultura de Torrent (1985-2025).<\/p>\n\n\n\n<p>L&#8217;alcaldessa ha destacat:&nbsp;<strong>\u201cEnguany, a m\u00e9s, celebrem el 75 aniversari de les nostres biblioteques p\u00fabliques municipals i els 40 anys de la Casa de la Cultura, institucions que han sigut la porta d&#8217;entrada a la lectura per a milers de torrentinos. La Fira del Llibre \u00e9s el millor homenatge a esta traject\u00f2ria de comprom\u00eds amb la cultura, i vull convidar a tots els torrentinos i als qui ens visiten a participar activament i gaudir d&#8217;esta gran cita liter\u00e0ria\u201d.<\/strong><\/p>\n\n\n\n<p>Tot aix\u00f2 fa d&#8217;esta 52\u00e9 Fira del llibre una oportunitat per a consolidar el prestigi cultural de Torrent en el paisatge literari valenci\u00e0, refor\u00e7ar les xarxes entre autors, editors i lectors, i posar el focus en la import\u00e0ncia social del llibre com a pont entre generacions.<\/p>\n\n\n\n<p>A m\u00e9s, el mat\u00ed del diumenge estar\u00e0 dedicada \u00edntegrament a la poesia, amb un recital po\u00e8tic a c\u00e0rrec de Torrent de Paraules, seguit d&#8217;una tert\u00falia enriquidora centrada en l&#8217;an\u00e0lisi i gaudi de la poesia amb fant\u00e0stics poetes.<\/p>\n\n\n\n<p>I enguany \u00e9s el 60\u00e9 aniversari de J.K. Rowling, autora de la c\u00e8lebre saga d&#8217;Harry Potter. Una efem\u00e8ride liter\u00e0ria molt especial a la qual dedicarem la vesprada del dissabte amb una jornada m\u00e0gica repleta de pocions, encanteris, tallers i molta il\u00b7lusi\u00f3.<\/p>\n\n\n\n<p><strong>Programaci\u00f3 detallada dia per dia<\/strong><\/p>\n\n\n\n<p>La programaci\u00f3 proposada \u00e9s nombrosa, molt variada i pensada per a audi\u00e8ncies de totes les edats. A m\u00e9s, durant el dissabte 25 d&#8217;octubre s&#8217;oferiran promocions especials, beneficiant-se els visitants d&#8217;un 10% de descompte en la compra de llibres dins de la 52\u00e9 Fira del Llibre de Torrent. Aix\u00ed com, al tancament de casetes, cada dia, es realitzar\u00e0 un sorteig de llibres entre els participants, per a poder participar, \u00e9s molt f\u00e0cil, amb la compra de llibres s&#8217;entregar\u00e0 un bitllet que cal emplenar i depositar en l&#8217;urna de la caseta d&#8217;organitzaci\u00f3.<\/p>\n\n\n\n<p>El regidor de Cultura, Aitor S\u00e1nchez, ha assenyalat:&nbsp;<strong>\u201cHem dissenyat una programaci\u00f3 diversa, amb prop de 30 activitats gratu\u00eftes i m\u00e9s de 20 autors, que abasta des de la narrativa hist\u00f2rica a la poesia, passant per la literatura juvenil, el teatre, els contacontes i fins a tallers d&#8217;Harry Potter. Volem que qualsevol ve\u00ed i visitant, siga el que siga la seua edat o inter\u00e9s, trobe un espai en esta Fira per a gaudir de la cultura\u201d.<\/strong><\/p>\n\n\n\n<p><strong>Dijous, 23 d&#8217;octubre<\/strong><\/p>\n\n\n\n<p><strong>Inauguraci\u00f3<\/strong><\/p>\n\n\n\n<p>\u2022&nbsp;&nbsp;&nbsp;&nbsp;&nbsp;&nbsp;&nbsp;&nbsp;A les 18.00 h: Acte inaugural oficial i gran xocolatada per al p\u00fablic.<\/p>\n\n\n\n<p>Tert\u00falia i firma de llibres<\/p>\n\n\n\n<p>\u2022&nbsp;&nbsp;&nbsp;&nbsp;&nbsp;&nbsp;&nbsp;&nbsp;De 18.00 a 19.30 h, en l&#8217;escenari: Tert\u00falia amb els autors: Javier Celada presenta la seua novel\u00b7la \u201cL&#8217;abra\u00e7 del puercoesp\u00edn\u201d, Carlos Crespo presenta la seua novel\u00b7la \u201cLa pols que jo vaig triar\u201d, David Lorca i A. Mart\u00ednez presenten la seua novel\u00b7la \u201cL&#8217;Enigma Voynich\u201d i Aurora R\u00faa presenta la seua novel\u00b7la \u201cL&#8217;obra mestra d&#8217;Evilasio Garc\u00eda\u201d, seguida de sessi\u00f3 de firmes, la tert\u00falia estar\u00e0 moderada per Patricia Cuenca.<\/p>\n\n\n\n<p>Musical infantil<\/p>\n\n\n\n<p>\u2022&nbsp;&nbsp;&nbsp;&nbsp;&nbsp;&nbsp;&nbsp;&nbsp;De 20.00 a 20.30 h, en l&#8217;escenari: Espectacle musical \u201cLa Bella i la B\u00e8stia\u201d realitzat per la Falla Antoni Pardo.<\/p>\n\n\n\n<p><strong>Divendres 24 d&#8217;octubre<\/strong><\/p>\n\n\n\n<p>Lectura p\u00fablica per i per a xiquets<\/p>\n\n\n\n<p>\u2022&nbsp;&nbsp;&nbsp;&nbsp;&nbsp;&nbsp;&nbsp;&nbsp;De 10.30 a 12.00 h, en l&#8217;escenari: \u201cContes per al teu\u201d, lectura en veu alta feta per xiquetes i xiquets de 5\u00e9 de prim\u00e0ria del CEIP Sant Pasqual juntament amb un entramat d&#8217;hist\u00f2ries d&#8217;Eva And\u00fajar.<\/p>\n\n\n\n<p>Recital musical, homenatge i lectura p\u00fablica<\/p>\n\n\n\n<p>\u2022&nbsp;&nbsp;&nbsp;&nbsp;&nbsp;&nbsp;&nbsp;&nbsp;De 12.15 a 13.15 h, en l&#8217;escenari: Recital en homenatge a Mar\u00eda Beneyto, organitzat pel Cercle Po\u00e8tic Argila de l&#8217;Aire. I lectura en veu alta feta per alumnes de 2n de Batxillerat de l&#8217;IES La Marxadella.<\/p>\n\n\n\n<p>Entrevistes i firmes<\/p>\n\n\n\n<p>\u2022&nbsp;&nbsp;&nbsp;&nbsp;&nbsp;&nbsp;&nbsp;&nbsp;De 17.15 a 17.45 h, en l&#8217;escenari: entrevista a Cherry Chic, autora de \u201cTots els desitjos que vaig escriure sense tu\u201d, seguida de firmes, l&#8217;entrevista ser\u00e0 realitzada per S\u00e8nia MT.<\/p>\n\n\n\n<p>\u2022&nbsp;&nbsp;&nbsp;&nbsp;&nbsp;&nbsp;&nbsp;&nbsp;De 18.00 a 18.30 h, en l&#8217;escenari: entrevista a Eloy Moreno, autor de \u201cEl nou viatge d&#8217;El Petit Pr\u00edncep\u201d, i firma d&#8217;exemplars, l&#8217;entrevista ser\u00e0 realitzada per S\u00e8nia MT.<\/p>\n\n\n\n<p>\u2022&nbsp;&nbsp;&nbsp;&nbsp;&nbsp;&nbsp;&nbsp;&nbsp;A les 18.30, en la Sala d&#8217;actes de Casa de Cultura: Presentaci\u00f3 i firma d&#8217;exemplars del poeta Carlos Crespo autor de \u201cRoba Mullada\u201d.<\/p>\n\n\n\n<p>\u2022&nbsp;&nbsp;&nbsp;&nbsp;&nbsp;&nbsp;&nbsp;&nbsp;De 19.00 a 20.30 h, en la Pla\u00e7a: Taller de c\u00f2mic \u201cCreaci\u00f3 de personatges monstruosos\u201d per Mos Teatre.<\/p>\n\n\n\n<p>\u2022&nbsp;&nbsp;&nbsp;&nbsp;&nbsp;&nbsp;&nbsp;&nbsp;De 19.00 a 20.30 h, en l&#8217;escenari: Taller \u201cBooktuber\u201d per S\u00e8nia MT.<\/p>\n\n\n\n<p>Durant tota la mat\u00ed i vesprada es mant\u00e9 l&#8217;horari (11.00-14.00 i 17.00-20.30 h) de la Fira per a visites, vendes i altres activitats paral\u00b7leles.<\/p>\n\n\n\n<p><strong>Dissabte 25 d&#8217;octubre<\/strong><\/p>\n\n\n\n<p>El dissabte concentra una activitat especialment intensa. Algunes de les principals s\u00f3n:<\/p>\n\n\n\n<p>Al mat\u00ed<\/p>\n\n\n\n<p>\u2022&nbsp;&nbsp;&nbsp;&nbsp;&nbsp;&nbsp;&nbsp;&nbsp;D&#8217;11.00 a 11.30 h, en l&#8217;escenari: entrevista amb Rosa Ribas, autora de \u201cEls vells amors\u201d, seguida de firma d&#8217;exemplars l&#8217;entrevista ser\u00e0 realitzada per Yamini Teresa Prabhu Barretto.<\/p>\n\n\n\n<p>\u2022&nbsp;&nbsp;&nbsp;&nbsp;&nbsp;&nbsp;&nbsp;&nbsp;D&#8217;11.30 a 11.45 h, en l&#8217;escenari: contacontes \u201cPantallona\u201d per M\u00aa Jos\u00e9 Tello.<\/p>\n\n\n\n<p>\u2022&nbsp;&nbsp;&nbsp;&nbsp;&nbsp;&nbsp;&nbsp;&nbsp;De 12.00 h, a la Biblioteca Metre: Book Club \u201cMenja Read with Michelle\u201d.<\/p>\n\n\n\n<p>\u2022&nbsp;&nbsp;&nbsp;&nbsp;&nbsp;&nbsp;&nbsp;&nbsp;De 12.00 a 13.00 h, en la Pla\u00e7a: Taller de marca p\u00e0gines amb M\u00aa Jos\u00e9 Tello.<\/p>\n\n\n\n<p>\u2022&nbsp;&nbsp;&nbsp;&nbsp;&nbsp;&nbsp;&nbsp;&nbsp;D&#8217;11.45 a 13.15 h, en l&#8217;escenari: Tert\u00falia i firma amb autors com Juli C\u00e8sar Cano presenta la seua novel\u00b7la \u201cCor en silenci\u201d, Emi Zan\u00f3n presenta la seua novel\u00b7la \u201cUna caixa de sorpreses en una col\u00b7lecci\u00f3 d&#8217;hist\u00f2ries\u201d i Francisco Pascual presenta la seua novel\u00b7la \u201cEl secret xifrat\u201d, la tert\u00falia estar\u00e0 moderada per Patricia Cuenca.<\/p>\n\n\n\n<p>\u2022&nbsp;&nbsp;&nbsp;&nbsp;&nbsp;&nbsp;&nbsp;&nbsp;De 13.15 a 14.00 h, en l&#8217;escenari: Contacontes \u201cLa maleta viatgera\u201d a c\u00e0rrec del Gran Jordi.<\/p>\n\n\n\n<p>A la vesprada \/ nit<\/p>\n\n\n\n<p>\u2022&nbsp;&nbsp;&nbsp;&nbsp;&nbsp;&nbsp;&nbsp;&nbsp;De 17.00 a 18.00 h, en l&#8217;escenari: Obra teatral \u201cHarry Potter a la recerca de l&#8217;amistat perduda\u201d, per Rebombori Cultural.<\/p>\n\n\n\n<figure class=\"wp-block-image size-large\"><img fetchpriority=\"high\" decoding=\"async\" width=\"1024\" height=\"724\" src=\"https:\/\/infotorrent.es\/wp-content\/uploads\/2025\/10\/Diptic-2025_1-1024x724.jpg\" alt=\"\" class=\"wp-image-87212\" srcset=\"https:\/\/infotorrent.es\/wp-content\/uploads\/2025\/10\/Diptic-2025_1-1024x724.jpg 1024w, https:\/\/infotorrent.es\/wp-content\/uploads\/2025\/10\/Diptic-2025_1-300x212.jpg 300w, https:\/\/infotorrent.es\/wp-content\/uploads\/2025\/10\/Diptic-2025_1-768x543.jpg 768w, https:\/\/infotorrent.es\/wp-content\/uploads\/2025\/10\/Diptic-2025_1-1536x1086.jpg 1536w, https:\/\/infotorrent.es\/wp-content\/uploads\/2025\/10\/Diptic-2025_1.jpg 1755w\" sizes=\"(max-width: 1024px) 100vw, 1024px\" \/><\/figure>\n\n\n\n<figure class=\"wp-block-image size-large\"><img decoding=\"async\" width=\"1024\" height=\"724\" src=\"https:\/\/infotorrent.es\/wp-content\/uploads\/2025\/10\/Diptic-2025_2-1024x724.jpg\" alt=\"\" class=\"wp-image-87214\" srcset=\"https:\/\/infotorrent.es\/wp-content\/uploads\/2025\/10\/Diptic-2025_2-1024x724.jpg 1024w, https:\/\/infotorrent.es\/wp-content\/uploads\/2025\/10\/Diptic-2025_2-300x212.jpg 300w, https:\/\/infotorrent.es\/wp-content\/uploads\/2025\/10\/Diptic-2025_2-768x543.jpg 768w, https:\/\/infotorrent.es\/wp-content\/uploads\/2025\/10\/Diptic-2025_2-1536x1086.jpg 1536w, https:\/\/infotorrent.es\/wp-content\/uploads\/2025\/10\/Diptic-2025_2.jpg 1755w\" sizes=\"(max-width: 1024px) 100vw, 1024px\" \/><\/figure>\n\n\n\n<figure class=\"wp-block-image size-large\"><img decoding=\"async\" width=\"1024\" height=\"730\" src=\"https:\/\/infotorrent.es\/wp-content\/uploads\/2025\/10\/promo-santiago-posteguillo-1024x730.jpg\" alt=\"\" class=\"wp-image-87216\" srcset=\"https:\/\/infotorrent.es\/wp-content\/uploads\/2025\/10\/promo-santiago-posteguillo-1024x730.jpg 1024w, https:\/\/infotorrent.es\/wp-content\/uploads\/2025\/10\/promo-santiago-posteguillo-300x214.jpg 300w, https:\/\/infotorrent.es\/wp-content\/uploads\/2025\/10\/promo-santiago-posteguillo-768x548.jpg 768w, https:\/\/infotorrent.es\/wp-content\/uploads\/2025\/10\/promo-santiago-posteguillo-1536x1095.jpg 1536w, https:\/\/infotorrent.es\/wp-content\/uploads\/2025\/10\/promo-santiago-posteguillo-2048x1460.jpg 2048w\" sizes=\"(max-width: 1024px) 100vw, 1024px\" \/><\/figure>\n\n\n\n<figure class=\"wp-block-image size-large\"><img loading=\"lazy\" decoding=\"async\" width=\"1024\" height=\"732\" src=\"https:\/\/infotorrent.es\/wp-content\/uploads\/2025\/10\/promo-ELOY-MORENO-1024x732.jpg\" alt=\"\" class=\"wp-image-87218\" srcset=\"https:\/\/infotorrent.es\/wp-content\/uploads\/2025\/10\/promo-ELOY-MORENO-1024x732.jpg 1024w, https:\/\/infotorrent.es\/wp-content\/uploads\/2025\/10\/promo-ELOY-MORENO-300x215.jpg 300w, https:\/\/infotorrent.es\/wp-content\/uploads\/2025\/10\/promo-ELOY-MORENO-768x549.jpg 768w, https:\/\/infotorrent.es\/wp-content\/uploads\/2025\/10\/promo-ELOY-MORENO-1536x1098.jpg 1536w, https:\/\/infotorrent.es\/wp-content\/uploads\/2025\/10\/promo-ELOY-MORENO-2048x1464.jpg 2048w\" sizes=\"(max-width: 1024px) 100vw, 1024px\" \/><\/figure>\n\n\n\n<figure class=\"wp-block-image size-large\"><img loading=\"lazy\" decoding=\"async\" width=\"1024\" height=\"732\" src=\"https:\/\/infotorrent.es\/wp-content\/uploads\/2025\/10\/promo-CHERRY-CHIC-1024x732.jpg\" alt=\"\" class=\"wp-image-87220\" srcset=\"https:\/\/infotorrent.es\/wp-content\/uploads\/2025\/10\/promo-CHERRY-CHIC-1024x732.jpg 1024w, https:\/\/infotorrent.es\/wp-content\/uploads\/2025\/10\/promo-CHERRY-CHIC-300x215.jpg 300w, https:\/\/infotorrent.es\/wp-content\/uploads\/2025\/10\/promo-CHERRY-CHIC-768x549.jpg 768w, https:\/\/infotorrent.es\/wp-content\/uploads\/2025\/10\/promo-CHERRY-CHIC-1536x1098.jpg 1536w, https:\/\/infotorrent.es\/wp-content\/uploads\/2025\/10\/promo-CHERRY-CHIC-2048x1464.jpg 2048w\" sizes=\"(max-width: 1024px) 100vw, 1024px\" \/><\/figure>\n","protected":false},"excerpt":{"rendered":"<p>Amb m\u00e9s d&#8217;una vintena d&#8217;autors convidats, comptar\u00e0 a m\u00e9s amb destacades figures com Bego\u00f1a Valero, Rosa Ribas, Juli C\u00e8sar Cano, entre molts altres que conformen un cartell literari de primer nivell i un programa literari i cultural ambici\u00f3s La m\u00e0gia d&#8217;Harry Potter tamb\u00e9 arriba a la Fira amb tallers, teatre, varetes, pocions, encanteris i un [&hellip;]<\/p>\n","protected":false},"author":21,"featured_media":87212,"comment_status":"open","ping_status":"open","sticky":false,"template":"","format":"standard","meta":{"_acf_changed":false,"footnotes":""},"categories":[141,126],"tags":[],"class_list":["post-87223","post","type-post","status-publish","format-standard","has-post-thumbnail","hentry","category-alcaldia-2","category-cultura-es-2"],"acf":[],"_links":{"self":[{"href":"https:\/\/infotorrent.es\/ca\/wp-json\/wp\/v2\/posts\/87223","targetHints":{"allow":["GET"]}}],"collection":[{"href":"https:\/\/infotorrent.es\/ca\/wp-json\/wp\/v2\/posts"}],"about":[{"href":"https:\/\/infotorrent.es\/ca\/wp-json\/wp\/v2\/types\/post"}],"author":[{"embeddable":true,"href":"https:\/\/infotorrent.es\/ca\/wp-json\/wp\/v2\/users\/21"}],"replies":[{"embeddable":true,"href":"https:\/\/infotorrent.es\/ca\/wp-json\/wp\/v2\/comments?post=87223"}],"version-history":[{"count":1,"href":"https:\/\/infotorrent.es\/ca\/wp-json\/wp\/v2\/posts\/87223\/revisions"}],"predecessor-version":[{"id":87225,"href":"https:\/\/infotorrent.es\/ca\/wp-json\/wp\/v2\/posts\/87223\/revisions\/87225"}],"wp:featuredmedia":[{"embeddable":true,"href":"https:\/\/infotorrent.es\/ca\/wp-json\/wp\/v2\/media\/87212"}],"wp:attachment":[{"href":"https:\/\/infotorrent.es\/ca\/wp-json\/wp\/v2\/media?parent=87223"}],"wp:term":[{"taxonomy":"category","embeddable":true,"href":"https:\/\/infotorrent.es\/ca\/wp-json\/wp\/v2\/categories?post=87223"},{"taxonomy":"post_tag","embeddable":true,"href":"https:\/\/infotorrent.es\/ca\/wp-json\/wp\/v2\/tags?post=87223"}],"curies":[{"name":"wp","href":"https:\/\/api.w.org\/{rel}","templated":true}]}}