{"id":8717,"date":"2017-06-29T08:00:23","date_gmt":"2017-06-29T08:00:23","guid":{"rendered":"https:\/\/infotorrent.es\/uncategorized\/torrent-acull-el-focus-pime-i-emprenedoria-horta-sud\/"},"modified":"2017-06-29T08:00:23","modified_gmt":"2017-06-29T08:00:23","slug":"torrent-acull-el-focus-pime-i-emprenedoria-horta-sud","status":"publish","type":"post","link":"https:\/\/infotorrent.es\/ca\/noticies\/torrent-acull-el-focus-pime-i-emprenedoria-horta-sud\/","title":{"rendered":"Torrent acull el Focus PIME i Emprenedoria Horta Sud"},"content":{"rendered":"<p style=\"text-align: center;\"><strong>Una trobada empresarial que se celebrar\u00e0 el dia 6 de juliol a l\u2019Antic\u00a0Mercat, amb l\u2019objectiu de generar oportunitats de negoci i impulsar l\u2019emprenedoria a l&#8217;Horta\u00a0Sud<\/strong><\/p>\n<p style=\"text-align: justify;\">Dijous que ve, 6 de juliol, l\u2019Antic\u00a0Mercat acull el\u00a0Focus PIME i\u00a0Emprenedoria\u00a0Horta\u00a0Sud; una trobada empresarial de car\u00e0cter comarcal que cerca fomentar la cultura empresarial i crear sin\u00e8rgies i oportunitats de negoci entre els assistents. La jornada reunir\u00e0 experi\u00e8ncies empresarials d\u2019\u00e8xit en el territori, un gran nombre de ponents de gran qualitat i entitats representatives de l\u2019ecosistema emprenedor amb l\u2019objectiu de generar oportunitats de negoci i impulsar l\u2019emprenedoria a l&#8217;Horta\u00a0Sud, aix\u00ed com fomentar la innovaci\u00f3 en les PIME, priorit\u00e0riament en l\u2019\u00e0mbit industrial.<\/p>\n<p style=\"text-align: justify;\">Ahir de mat\u00ed va tindre lloc la presentaci\u00f3 de l\u2019esdeveniment en una roda de premsa a c\u00e0rrec de l&#8217;alcalde, Jes\u00fas Ros; del director del Centre Europeu d&#8217;Empreses Innovadores de Val\u00e8ncia (CEEI Val\u00e8ncia), Jes\u00fas Casanova, i el regidor de Recursos i Modernitzaci\u00f3, Andr\u00e9s Campos. L\u2019objectiu, segons ha afirmat l&#8217;alcalde, \u00e9s \u201cmobilitzar tots els empresaris i emprenedors de la comarca de l&#8217;Horta perqu\u00e8 resulte una trobada productiva per a tots ells\u201d. El director del\u00a0CEEI, per la seua banda, ha destacat la import\u00e0ncia i la necessitat de coordinaci\u00f3 entre les entitats que donen el seu suport a les PIME i als emprenedors.<\/p>\n<p style=\"text-align: justify;\">Les jornades estan dirigides a les PIME amb necessitats d\u2019innovaci\u00f3, PIME de sectors madurs, empreses joves innovadores, emprenedors amb projectes empresarials en fase de\u00a0preincubaci\u00f3, incubaci\u00f3 o creaci\u00f3 d\u2019empresa i potencials emprenedors amb l\u2019objectiu principal de detectar oportunitats de negoci i generar sin\u00e8rgies entre els assistents .<\/p>\n<p style=\"text-align: justify;\">El programa, que s\u2019iniciar\u00e0 a les 9.30 hores, es desenvolupar\u00e0 al llarg de tot el mat\u00ed, i inclour\u00e0 quatre tallers d\u2019aprenentatge de diferents tem\u00e0tiques, un ple i una sessi\u00f3 de\u00a0networking empresarial. Per este motiu, s&#8217;ha contactat amb ponents experts en m\u00e0rqueting digital i economia circular, entrenadors (coaches) i conferenciants i diversos casos d\u2019empreses emergents d\u2019\u00e8xit.<\/p>\n<p style=\"text-align: justify;\">\u00a0Focus PIME i\u00a0Emprenedoria \u00e9s una iniciativa promoguda i organitzada pel\u00a0CEEI Val\u00e8ncia, l&#8217;Ajuntament de Torrent, Idea\u2019t, l&#8217;Institut Valenci\u00e0 de Competitivitat Empresarial (IVACE), i la Direcci\u00f3 General d&#8217;Economia,\u00a0Emprenedoria i Cooperativisme. A m\u00e9s, col\u00b7laboren prop de 30 entitats en l\u2019organitzaci\u00f3 de la trobada.<\/p>\n<p style=\"text-align: justify;\">Igualment que a Torrent, el\u00a0CEEI Val\u00e8ncia t\u00e9 previst impulsar, fins a finals d\u2019any, la celebraci\u00f3 de huit jornades comarcals\u00a0Focus PIME i\u00a0Emprenedoria a les localitats d&#8217;Ontinyent, Villar del Arzobispo, Sagunt, X\u00e0tiva, Utiel, Gandia i Alcoi, on tindr\u00e0 el suport de les entitats de promoci\u00f3 econ\u00f2mica de cada territori.<\/p>\n<p style=\"text-align: justify;\">Tota la informaci\u00f3 sobre els diferents tallers, activitats i ponents est\u00e0 disponible en la web: www.focuspyme.com, on podran inscriure\u2019s de manera totalment gratu\u00efta.<\/p>\n","protected":false},"excerpt":{"rendered":"<p>Una trobada empresarial que se celebrar\u00e0 el dia 6 de juliol a l\u2019Antic\u00a0Mercat, amb l\u2019objectiu de generar oportunitats de negoci i impulsar l\u2019emprenedoria a l&#8217;Horta\u00a0Sud Dijous que ve, 6 de juliol, l\u2019Antic\u00a0Mercat acull el\u00a0Focus PIME i\u00a0Emprenedoria\u00a0Horta\u00a0Sud; una trobada empresarial de car\u00e0cter comarcal que cerca fomentar la cultura empresarial i crear sin\u00e8rgies i oportunitats de negoci [&hellip;]<\/p>\n","protected":false},"author":13,"featured_media":1137,"comment_status":"open","ping_status":"open","sticky":false,"template":"","format":"standard","meta":{"_acf_changed":false,"footnotes":""},"categories":[129,116],"tags":[],"class_list":["post-8717","post","type-post","status-publish","format-standard","has-post-thumbnail","hentry","category-economia-es-2","category-noticies"],"acf":[],"_links":{"self":[{"href":"https:\/\/infotorrent.es\/ca\/wp-json\/wp\/v2\/posts\/8717","targetHints":{"allow":["GET"]}}],"collection":[{"href":"https:\/\/infotorrent.es\/ca\/wp-json\/wp\/v2\/posts"}],"about":[{"href":"https:\/\/infotorrent.es\/ca\/wp-json\/wp\/v2\/types\/post"}],"author":[{"embeddable":true,"href":"https:\/\/infotorrent.es\/ca\/wp-json\/wp\/v2\/users\/13"}],"replies":[{"embeddable":true,"href":"https:\/\/infotorrent.es\/ca\/wp-json\/wp\/v2\/comments?post=8717"}],"version-history":[{"count":0,"href":"https:\/\/infotorrent.es\/ca\/wp-json\/wp\/v2\/posts\/8717\/revisions"}],"wp:featuredmedia":[{"embeddable":true,"href":"https:\/\/infotorrent.es\/ca\/wp-json\/wp\/v2\/media\/1137"}],"wp:attachment":[{"href":"https:\/\/infotorrent.es\/ca\/wp-json\/wp\/v2\/media?parent=8717"}],"wp:term":[{"taxonomy":"category","embeddable":true,"href":"https:\/\/infotorrent.es\/ca\/wp-json\/wp\/v2\/categories?post=8717"},{"taxonomy":"post_tag","embeddable":true,"href":"https:\/\/infotorrent.es\/ca\/wp-json\/wp\/v2\/tags?post=8717"}],"curies":[{"name":"wp","href":"https:\/\/api.w.org\/{rel}","templated":true}]}}