{"id":87136,"date":"2025-10-08T13:11:22","date_gmt":"2025-10-08T11:11:22","guid":{"rendered":"https:\/\/infotorrent.es\/?p=87136"},"modified":"2025-10-08T13:22:40","modified_gmt":"2025-10-08T11:22:40","slug":"lauditori-de-torrent-acull-el-rei-que-fou-una-tragicomedia-dels-joglars-sobre-la-figura-del-rei-emerit","status":"publish","type":"post","link":"https:\/\/infotorrent.es\/ca\/cultura-es-2\/lauditori-de-torrent-acull-el-rei-que-fou-una-tragicomedia-dels-joglars-sobre-la-figura-del-rei-emerit\/","title":{"rendered":"L\u2019Auditori de Torrent acull \u201cEl Rei que fou\u201d, una tragicom\u00e8dia d\u2019Els Joglars sobre la figura del rei em\u00e8rit"},"content":{"rendered":"\n<p><strong>Una s\u00e0tira l\u00facida i commovedora sobre la soledat del monarca exiliat i mig segle d\u2019hist\u00f2ria espanyola, signada per Albert Boadella i Els Joglars<\/strong><\/p>\n\n\n\n<p>La companyia de teatre privat m\u00e9s antiga d\u2019Europa visita este cap de setmana l\u2019Auditori de Torrent amb la seua \u00faltima producci\u00f3: \u201cEl Rei que fou\u201d. Una reflexi\u00f3 sobre la naturalesa i la condici\u00f3 existencial de Joan Carles I.<\/p>\n\n\n\n<p>Este muntatge compta amb els membres d\u2019Els Joglars: Ramon Fontser\u00e8 com a protagonista, Pilar S\u00e1enz, Dolors Tuneu, Mart\u00ed Salvat, Javier Villena i Bruno L\u00f3pez-Linares; la dramat\u00fargia d\u2019Albert Boadella i Ramon Fontser\u00e8; i la direcci\u00f3 art\u00edstica d\u2019Albert Boadella.<\/p>\n\n\n\n<p>Any 2023. El Golf P\u00e8rsic. Un rei em\u00e8rit, anci\u00e0 i exiliat, vol sentir el sabor de la seua llunyana i estimada p\u00e0tria. Organitza una festa en un lux\u00f3s veler per a degustar una deliciosa paella en alta mar. Periodistes, amics, amigues, xeics i familiars estan convidats. Qu\u00e8 pot eixir malament?<\/p>\n\n\n\n<p>Entre all\u00f2 humor\u00edstic i all\u00f2 tr\u00e0gic, el Rei em\u00e8rit rememora els moments i les situacions que al llarg dels anys l\u2019han condu\u00eft a l\u2019exili i la soledat. Un viatge enlloc. Una revisi\u00f3 humana i sense concessions de la vida de Joan Carles I i dels \u00faltims 50 anys del nostre pa\u00eds. Una trag\u00e8dia shakespeariana d\u2019un Rei en l\u2019ostracisme que porta a l\u2019escenari fantasmes del passat, decisions, penediments i orgull.<\/p>\n\n\n\n<p>Una ocasi\u00f3 \u00fanica per a veure el millor d\u2019Els Joglars en acci\u00f3. Incisius, mordaces i sempre elegants, la companyia privada m\u00e9s antiga d\u2019Europa sempre ha sigut cr\u00edtica i cr\u00f2nica de la hist\u00f2ria d\u2019Espanya damunt dels escenaris. Amb \u201cEl Rei que fou\u201d, Els Joglars reprenen la figura del comediant que posa el dit en la nafra. L\u2019artista que situa l\u2019espectador davant de l\u2019evoluci\u00f3 pol\u00edtica i social del seu pa\u00eds.<\/p>\n\n\n\n<p>La funci\u00f3 ser\u00e0 dissabte 11 d\u2019octubre a les 19 h. Entrades a la venda en <a href=\"http:\/\/www.auditoritorrent.com\" target=\"_blank\" rel=\"noopener\">www.auditoritorrent.com<\/a> i en les taquilles de l\u2019Auditori (divendres d\u201911 a 13 h i des de 2 hores abans de l\u2019inici de la funci\u00f3).<\/p>\n\n\n\n<figure class=\"wp-block-image size-large\"><img fetchpriority=\"high\" decoding=\"async\" width=\"1024\" height=\"683\" src=\"https:\/\/infotorrent.es\/wp-content\/uploads\/2025\/10\/T23-Joglars-R-060-1024x683.jpg\" alt=\"\" class=\"wp-image-87133\" srcset=\"https:\/\/infotorrent.es\/wp-content\/uploads\/2025\/10\/T23-Joglars-R-060-1024x683.jpg 1024w, https:\/\/infotorrent.es\/wp-content\/uploads\/2025\/10\/T23-Joglars-R-060-300x200.jpg 300w, https:\/\/infotorrent.es\/wp-content\/uploads\/2025\/10\/T23-Joglars-R-060-768x512.jpg 768w, https:\/\/infotorrent.es\/wp-content\/uploads\/2025\/10\/T23-Joglars-R-060-1536x1025.jpg 1536w, https:\/\/infotorrent.es\/wp-content\/uploads\/2025\/10\/T23-Joglars-R-060-2048x1366.jpg 2048w\" sizes=\"(max-width: 1024px) 100vw, 1024px\" \/><\/figure>\n","protected":false},"excerpt":{"rendered":"<p>Una s\u00e0tira l\u00facida i commovedora sobre la soledat del monarca exiliat i mig segle d\u2019hist\u00f2ria espanyola, signada per Albert Boadella i Els Joglars La companyia de teatre privat m\u00e9s antiga d\u2019Europa visita este cap de setmana l\u2019Auditori de Torrent amb la seua \u00faltima producci\u00f3: \u201cEl Rei que fou\u201d. Una reflexi\u00f3 sobre la naturalesa i la [&hellip;]<\/p>\n","protected":false},"author":21,"featured_media":87133,"comment_status":"open","ping_status":"open","sticky":false,"template":"","format":"standard","meta":{"_acf_changed":false,"footnotes":""},"categories":[1215,126],"tags":[],"class_list":["post-87136","post","type-post","status-publish","format-standard","has-post-thumbnail","hentry","category-auditori-de-torrent-ca","category-cultura-es-2"],"acf":[],"_links":{"self":[{"href":"https:\/\/infotorrent.es\/ca\/wp-json\/wp\/v2\/posts\/87136","targetHints":{"allow":["GET"]}}],"collection":[{"href":"https:\/\/infotorrent.es\/ca\/wp-json\/wp\/v2\/posts"}],"about":[{"href":"https:\/\/infotorrent.es\/ca\/wp-json\/wp\/v2\/types\/post"}],"author":[{"embeddable":true,"href":"https:\/\/infotorrent.es\/ca\/wp-json\/wp\/v2\/users\/21"}],"replies":[{"embeddable":true,"href":"https:\/\/infotorrent.es\/ca\/wp-json\/wp\/v2\/comments?post=87136"}],"version-history":[{"count":1,"href":"https:\/\/infotorrent.es\/ca\/wp-json\/wp\/v2\/posts\/87136\/revisions"}],"predecessor-version":[{"id":87138,"href":"https:\/\/infotorrent.es\/ca\/wp-json\/wp\/v2\/posts\/87136\/revisions\/87138"}],"wp:featuredmedia":[{"embeddable":true,"href":"https:\/\/infotorrent.es\/ca\/wp-json\/wp\/v2\/media\/87133"}],"wp:attachment":[{"href":"https:\/\/infotorrent.es\/ca\/wp-json\/wp\/v2\/media?parent=87136"}],"wp:term":[{"taxonomy":"category","embeddable":true,"href":"https:\/\/infotorrent.es\/ca\/wp-json\/wp\/v2\/categories?post=87136"},{"taxonomy":"post_tag","embeddable":true,"href":"https:\/\/infotorrent.es\/ca\/wp-json\/wp\/v2\/tags?post=87136"}],"curies":[{"name":"wp","href":"https:\/\/api.w.org\/{rel}","templated":true}]}}