{"id":8704,"date":"2017-06-27T10:38:08","date_gmt":"2017-06-27T10:38:08","guid":{"rendered":"https:\/\/infotorrent.es\/uncategorized\/asetorrent-es-presenta-en-societat\/"},"modified":"2017-06-27T10:38:08","modified_gmt":"2017-06-27T10:38:08","slug":"asetorrent-es-presenta-en-societat","status":"publish","type":"post","link":"https:\/\/infotorrent.es\/ca\/noticies\/asetorrent-es-presenta-en-societat\/","title":{"rendered":"AseTorrent es presenta en societat"},"content":{"rendered":"<p style=\"text-align: center;\"><strong>L\u2019associaci\u00f3 va reunir un centenar d\u2019empresaris per a tractar els objectius que han aconseguit, plantejar el seu futur i presentar la nova p\u00e0gina web<\/strong><\/p>\n<p style=\"text-align: justify;\">La vesprada de dijous va tindre lloc la presentaci\u00f3 en societat de l&#8217;Associaci\u00f3 Empresarial de Torrent (AseTorrent); una associaci\u00f3 que engloba empreses de tots els sectors i serveis, principalment situades al pol\u00edgon industrial i empresarial Mas del Jutge, per a convertir-les en una refer\u00e8ncia empresarial en la prov\u00edncia de Val\u00e8ncia, de manera que les empreses situades presenten una major visibilitat i cresca el valor dels seus serveis.<\/p>\n<p style=\"text-align: justify;\">En l\u2019acte es van tractar diferents temes d&#8217;inter\u00e9s, com ara els objectius assolits per l\u2019associaci\u00f3, a m\u00e9s de plantejar el seu futur i presentar la nova p\u00e0gina web: www.asetorrent.es, una eina on es donen un gran nombre de facilitats i serveis en l\u00ednia i on es recopila i difon tota la informaci\u00f3 de l\u2019associaci\u00f3. A m\u00e9s, les empreses associades poden oferir i tramitar les seues ofertes de treball a trav\u00e9s d\u2019este portal, ja que en la web es poden fer les inscripcions i els demandants d\u2019ocupaci\u00f3 poden pujar el seu curr\u00edculum de forma clara i senzilla.<\/p>\n<p style=\"text-align: justify;\">A l\u2019acte hi van assistir al voltant d\u2019un centenar de persones, entre ells empresaris del pol\u00edgon associats i no associats, l&#8217;alcalde, Jes\u00fas Ros, que va clausurar l&#8217;acte; el regidor de Recursos i Modernitzaci\u00f3, Andr\u00e9s Campos, i altres membres de la corporaci\u00f3 municipal. Fou presentat per Francisco Jim\u00e9nez, president de l&#8217;associaci\u00f3, i hi van intervindre Laura Catal\u00e0, vocal; Jos\u00e9 Manuel Guillem, tresorer; Pedro Berdun, vocal, i Santiago Salvador, director de l\u2019ASIVALCO.<\/p>\n","protected":false},"excerpt":{"rendered":"<p>L\u2019associaci\u00f3 va reunir un centenar d\u2019empresaris per a tractar els objectius que han aconseguit, plantejar el seu futur i presentar la nova p\u00e0gina web La vesprada de dijous va tindre lloc la presentaci\u00f3 en societat de l&#8217;Associaci\u00f3 Empresarial de Torrent (AseTorrent); una associaci\u00f3 que engloba empreses de tots els sectors i serveis, principalment situades al [&hellip;]<\/p>\n","protected":false},"author":13,"featured_media":1137,"comment_status":"open","ping_status":"open","sticky":false,"template":"","format":"standard","meta":{"_acf_changed":false,"footnotes":""},"categories":[120,116],"tags":[],"class_list":["post-8704","post","type-post","status-publish","format-standard","has-post-thumbnail","hentry","category-economia","category-noticies"],"acf":[],"_links":{"self":[{"href":"https:\/\/infotorrent.es\/ca\/wp-json\/wp\/v2\/posts\/8704","targetHints":{"allow":["GET"]}}],"collection":[{"href":"https:\/\/infotorrent.es\/ca\/wp-json\/wp\/v2\/posts"}],"about":[{"href":"https:\/\/infotorrent.es\/ca\/wp-json\/wp\/v2\/types\/post"}],"author":[{"embeddable":true,"href":"https:\/\/infotorrent.es\/ca\/wp-json\/wp\/v2\/users\/13"}],"replies":[{"embeddable":true,"href":"https:\/\/infotorrent.es\/ca\/wp-json\/wp\/v2\/comments?post=8704"}],"version-history":[{"count":0,"href":"https:\/\/infotorrent.es\/ca\/wp-json\/wp\/v2\/posts\/8704\/revisions"}],"wp:featuredmedia":[{"embeddable":true,"href":"https:\/\/infotorrent.es\/ca\/wp-json\/wp\/v2\/media\/1137"}],"wp:attachment":[{"href":"https:\/\/infotorrent.es\/ca\/wp-json\/wp\/v2\/media?parent=8704"}],"wp:term":[{"taxonomy":"category","embeddable":true,"href":"https:\/\/infotorrent.es\/ca\/wp-json\/wp\/v2\/categories?post=8704"},{"taxonomy":"post_tag","embeddable":true,"href":"https:\/\/infotorrent.es\/ca\/wp-json\/wp\/v2\/tags?post=8704"}],"curies":[{"name":"wp","href":"https:\/\/api.w.org\/{rel}","templated":true}]}}