{"id":86975,"date":"2025-10-06T10:11:11","date_gmt":"2025-10-06T08:11:11","guid":{"rendered":"https:\/\/infotorrent.es\/?p=86975"},"modified":"2025-10-06T10:13:19","modified_gmt":"2025-10-06T08:13:19","slug":"torrent-celebra-lexaltacio-de-la-musa-de-la-musica-2025-2026-de-la-unio-musical","status":"publish","type":"post","link":"https:\/\/infotorrent.es\/ca\/cultura-es-2\/torrent-celebra-lexaltacio-de-la-musa-de-la-musica-2025-2026-de-la-unio-musical\/","title":{"rendered":"Torrent celebra l\u2019Exaltaci\u00f3 de la Musa de la M\u00fasica 2025-2026 de la Uni\u00f3 Musical"},"content":{"rendered":"\n<p><strong>Una vesprada plena d\u2019emoci\u00f3, m\u00fasica i talent a l\u2019Auditori de Torrent per a exal\u00e7ar Carla Gallego Ib\u00e1\u00f1ez<\/strong><\/p>\n\n\n\n<p>La Uni\u00f3 Musical de Torrent va viure el passat cap de setmana una de les seues cites m\u00e9s esperades amb l\u2019Exaltaci\u00f3 de la Musa de la M\u00fasica 2025-2026, protagonitzada per Carla Gallego Ib\u00e1\u00f1ez, trompetista de la pr\u00f2pia societat musical.<\/p>\n\n\n\n<p>L\u2019acte es va celebrar a l\u2019Auditori de Torrent, que es va omplir de socis, familiars, m\u00fasics i ve\u00efns que van voler acompanyar la nova Musa en este dia tan especial.<\/p>\n\n\n\n<p>Durant la cerim\u00f2nia, la societat va acomiadar amb afecte Luc\u00eda Mora Molina, Musa de la M\u00fasica 2024-2025, que passa a formar part de la hist\u00f2ria de la Uni\u00f3 Musical i de la ciutat de Torrent per la seua dedicaci\u00f3 i el seu comprom\u00eds amb la m\u00fasica local.<\/p>\n\n\n\n<p><strong>Una nova Musa amb arrels musicals<\/strong><\/p>\n\n\n\n<p>Carla Gallego pertany a una fam\u00edlia de m\u00fasics molt vinculada a la Uni\u00f3 Musical de Torrent, la qual cosa dona un valor especial al seu nomenament. Amb ella, la societat suma ja 30 muses que, al llarg de les d\u00e8cades, han representat l\u2019ess\u00e8ncia, la tradici\u00f3 i l\u2019esperit d\u2019esta hist\u00f2rica entitat torrentina.<\/p>\n\n\n\n<p>L\u2019acte, carregat de sentiment, va comptar amb la participaci\u00f3 dels seus familiars com a mantenidors, que van emocionar Carla amb an\u00e8cdotes personals que van posar de manifest la proximitat i l\u2019estima cap a la nova Musa.<\/p>\n\n\n\n<p><strong>M\u00fasica, emoci\u00f3 i reconeixement<\/strong><\/p>\n\n\n\n<p>La vesprada va estar marcada per l\u2019emoci\u00f3 i per un alt nivell art\u00edstic. El p\u00fablic va disfrutar de les actuacions d\u2019un octet de trompetes, que va donar la benvinguda a Carla, i dels reconeguts m\u00fasics Ra\u00fal Junquera \u2014solista de l\u2019Orquestra de Val\u00e8ncia i fundador del quintet Art of Brass\u2014 i Adolfo Garc\u00eda, professor de repertori i Big Band al Conservatori Melchor Gomis d\u2019Ontinyent. Els dos van oferir interpretacions de gran qualitat que van convertir l\u2019acte en un homenatge a la passi\u00f3 i al talent que caracteritzen la societat musical torrentina.<\/p>\n\n\n\n<p>Durant l\u2019esdeveniment va intervindre tamb\u00e9 la tinenta alcaldessa, Mar\u00eda \u00c1ngeles Lerma, qui va felicitar Carla pel seu nomenament i va destacar <strong>\u201cel valor que t\u00e9 la m\u00fasica com a s\u00edmbol d\u2019uni\u00f3, esfor\u00e7 i orgull col\u00b7lectiu a Torrent, una ciutat que respira art i cultura gr\u00e0cies a entitats com la Uni\u00f3 Musical\u201d.<\/strong><\/p>\n\n\n\n<p><strong>Un referent de la cultura torrentina<\/strong><\/p>\n\n\n\n<p>Amb la seua proclamaci\u00f3, Carla Gallego Ib\u00e1\u00f1ez inicia un any ple d\u2019activitats representant la il\u00b7lusi\u00f3 i l\u2019esperit musical de la Uni\u00f3 Musical de Torrent, una entitat que forma part essencial de la identitat cultural del municipi.<\/p>\n\n\n\n<p>Carla va estar envoltada per la societat torrentina, en tot moment acompanyada pel president de la UMT, Pepe Plaza, qui li va dedicar unes paraules molt emotives. Tamb\u00e9 van assistir diferents representants de les festes de la ciutat, com la Fallera Major de Torrent, Andrea Adelantado, i la seua Cort d\u2019Honor, aix\u00ed com nombroses associacions locals, amics, familiars i socis de la Uni\u00f3 Musical de Torrent, que no van voler perdre\u2019s este important esdeveniment.<\/p>\n\n\n\n<p>L\u2019Exaltaci\u00f3 de la Musa de la M\u00fasica 2025-2026 reafirma, una vegada m\u00e9s, el paper de la Uni\u00f3 Musical de Torrent com a referent art\u00edstic i educatiu, aix\u00ed com el comprom\u00eds de la ciutat amb la promoci\u00f3 de la m\u00fasica i de les tradicions que enfortixen la seua vida cultural.<strong><\/strong><\/p>\n\n\n\n<figure class=\"wp-block-image size-large\"><img fetchpriority=\"high\" decoding=\"async\" width=\"1024\" height=\"682\" src=\"https:\/\/infotorrent.es\/wp-content\/uploads\/2025\/10\/Exaltacion-Musa-1-1024x682.jpeg\" alt=\"\" class=\"wp-image-86954\" srcset=\"https:\/\/infotorrent.es\/wp-content\/uploads\/2025\/10\/Exaltacion-Musa-1-1024x682.jpeg 1024w, https:\/\/infotorrent.es\/wp-content\/uploads\/2025\/10\/Exaltacion-Musa-1-300x200.jpeg 300w, https:\/\/infotorrent.es\/wp-content\/uploads\/2025\/10\/Exaltacion-Musa-1-768x512.jpeg 768w, https:\/\/infotorrent.es\/wp-content\/uploads\/2025\/10\/Exaltacion-Musa-1.jpeg 1280w\" sizes=\"(max-width: 1024px) 100vw, 1024px\" \/><\/figure>\n\n\n\n<figure class=\"wp-block-gallery has-nested-images columns-default is-cropped wp-block-gallery-1 is-layout-flex wp-block-gallery-is-layout-flex\">\n<figure class=\"wp-block-image size-large\"><img decoding=\"async\" width=\"1024\" height=\"683\" data-id=\"86956\" src=\"https:\/\/infotorrent.es\/wp-content\/uploads\/2025\/10\/Exaltacion-Musa-3-1024x683.jpeg\" alt=\"\" class=\"wp-image-86956\" srcset=\"https:\/\/infotorrent.es\/wp-content\/uploads\/2025\/10\/Exaltacion-Musa-3-1024x683.jpeg 1024w, https:\/\/infotorrent.es\/wp-content\/uploads\/2025\/10\/Exaltacion-Musa-3-300x200.jpeg 300w, https:\/\/infotorrent.es\/wp-content\/uploads\/2025\/10\/Exaltacion-Musa-3-768x512.jpeg 768w, https:\/\/infotorrent.es\/wp-content\/uploads\/2025\/10\/Exaltacion-Musa-3-1536x1024.jpeg 1536w, https:\/\/infotorrent.es\/wp-content\/uploads\/2025\/10\/Exaltacion-Musa-3.jpeg 1600w\" sizes=\"(max-width: 1024px) 100vw, 1024px\" \/><\/figure>\n\n\n\n<figure class=\"wp-block-image size-large\"><img decoding=\"async\" width=\"1024\" height=\"683\" data-id=\"86970\" src=\"https:\/\/infotorrent.es\/wp-content\/uploads\/2025\/10\/Exaltacion-Musa-6-1024x683.jpeg\" alt=\"\" class=\"wp-image-86970\" srcset=\"https:\/\/infotorrent.es\/wp-content\/uploads\/2025\/10\/Exaltacion-Musa-6-1024x683.jpeg 1024w, https:\/\/infotorrent.es\/wp-content\/uploads\/2025\/10\/Exaltacion-Musa-6-300x200.jpeg 300w, https:\/\/infotorrent.es\/wp-content\/uploads\/2025\/10\/Exaltacion-Musa-6-768x512.jpeg 768w, https:\/\/infotorrent.es\/wp-content\/uploads\/2025\/10\/Exaltacion-Musa-6-1536x1024.jpeg 1536w, https:\/\/infotorrent.es\/wp-content\/uploads\/2025\/10\/Exaltacion-Musa-6.jpeg 1600w\" sizes=\"(max-width: 1024px) 100vw, 1024px\" \/><\/figure>\n\n\n\n<figure class=\"wp-block-image size-large\"><img loading=\"lazy\" decoding=\"async\" width=\"1024\" height=\"683\" data-id=\"86958\" src=\"https:\/\/infotorrent.es\/wp-content\/uploads\/2025\/10\/Exaltacion-Musa-4-1024x683.jpeg\" alt=\"\" class=\"wp-image-86958\" srcset=\"https:\/\/infotorrent.es\/wp-content\/uploads\/2025\/10\/Exaltacion-Musa-4-1024x683.jpeg 1024w, https:\/\/infotorrent.es\/wp-content\/uploads\/2025\/10\/Exaltacion-Musa-4-300x200.jpeg 300w, https:\/\/infotorrent.es\/wp-content\/uploads\/2025\/10\/Exaltacion-Musa-4-768x512.jpeg 768w, https:\/\/infotorrent.es\/wp-content\/uploads\/2025\/10\/Exaltacion-Musa-4-1536x1024.jpeg 1536w, https:\/\/infotorrent.es\/wp-content\/uploads\/2025\/10\/Exaltacion-Musa-4.jpeg 1600w\" sizes=\"(max-width: 1024px) 100vw, 1024px\" \/><\/figure>\n\n\n\n<figure class=\"wp-block-image size-large\"><img loading=\"lazy\" decoding=\"async\" width=\"1024\" height=\"683\" data-id=\"86960\" src=\"https:\/\/infotorrent.es\/wp-content\/uploads\/2025\/10\/Exaltacion-Musa-2-1024x683.jpeg\" alt=\"\" class=\"wp-image-86960\" srcset=\"https:\/\/infotorrent.es\/wp-content\/uploads\/2025\/10\/Exaltacion-Musa-2-1024x683.jpeg 1024w, https:\/\/infotorrent.es\/wp-content\/uploads\/2025\/10\/Exaltacion-Musa-2-300x200.jpeg 300w, https:\/\/infotorrent.es\/wp-content\/uploads\/2025\/10\/Exaltacion-Musa-2-768x512.jpeg 768w, https:\/\/infotorrent.es\/wp-content\/uploads\/2025\/10\/Exaltacion-Musa-2-1536x1024.jpeg 1536w, https:\/\/infotorrent.es\/wp-content\/uploads\/2025\/10\/Exaltacion-Musa-2.jpeg 1600w\" sizes=\"(max-width: 1024px) 100vw, 1024px\" \/><\/figure>\n\n\n\n<figure class=\"wp-block-image size-large\"><img loading=\"lazy\" decoding=\"async\" width=\"1024\" height=\"683\" data-id=\"86962\" src=\"https:\/\/infotorrent.es\/wp-content\/uploads\/2025\/10\/Exaltacion-Musa-5-1024x683.jpeg\" alt=\"\" class=\"wp-image-86962\" srcset=\"https:\/\/infotorrent.es\/wp-content\/uploads\/2025\/10\/Exaltacion-Musa-5-1024x683.jpeg 1024w, https:\/\/infotorrent.es\/wp-content\/uploads\/2025\/10\/Exaltacion-Musa-5-300x200.jpeg 300w, https:\/\/infotorrent.es\/wp-content\/uploads\/2025\/10\/Exaltacion-Musa-5-768x512.jpeg 768w, https:\/\/infotorrent.es\/wp-content\/uploads\/2025\/10\/Exaltacion-Musa-5-1536x1024.jpeg 1536w, https:\/\/infotorrent.es\/wp-content\/uploads\/2025\/10\/Exaltacion-Musa-5.jpeg 1600w\" sizes=\"(max-width: 1024px) 100vw, 1024px\" \/><\/figure>\n\n\n\n<figure class=\"wp-block-image size-large\"><img loading=\"lazy\" decoding=\"async\" width=\"1024\" height=\"683\" data-id=\"86964\" src=\"https:\/\/infotorrent.es\/wp-content\/uploads\/2025\/10\/Exaltacion-Musa-8-1024x683.jpeg\" alt=\"\" class=\"wp-image-86964\" srcset=\"https:\/\/infotorrent.es\/wp-content\/uploads\/2025\/10\/Exaltacion-Musa-8-1024x683.jpeg 1024w, https:\/\/infotorrent.es\/wp-content\/uploads\/2025\/10\/Exaltacion-Musa-8-300x200.jpeg 300w, https:\/\/infotorrent.es\/wp-content\/uploads\/2025\/10\/Exaltacion-Musa-8-768x512.jpeg 768w, https:\/\/infotorrent.es\/wp-content\/uploads\/2025\/10\/Exaltacion-Musa-8-1536x1024.jpeg 1536w, https:\/\/infotorrent.es\/wp-content\/uploads\/2025\/10\/Exaltacion-Musa-8.jpeg 1600w\" sizes=\"(max-width: 1024px) 100vw, 1024px\" \/><\/figure>\n\n\n\n<figure class=\"wp-block-image size-large\"><img loading=\"lazy\" decoding=\"async\" width=\"1024\" height=\"683\" data-id=\"86966\" src=\"https:\/\/infotorrent.es\/wp-content\/uploads\/2025\/10\/Exaltacion-Musa-7-1024x683.jpeg\" alt=\"\" class=\"wp-image-86966\" srcset=\"https:\/\/infotorrent.es\/wp-content\/uploads\/2025\/10\/Exaltacion-Musa-7-1024x683.jpeg 1024w, https:\/\/infotorrent.es\/wp-content\/uploads\/2025\/10\/Exaltacion-Musa-7-300x200.jpeg 300w, https:\/\/infotorrent.es\/wp-content\/uploads\/2025\/10\/Exaltacion-Musa-7-768x512.jpeg 768w, https:\/\/infotorrent.es\/wp-content\/uploads\/2025\/10\/Exaltacion-Musa-7-1536x1024.jpeg 1536w, https:\/\/infotorrent.es\/wp-content\/uploads\/2025\/10\/Exaltacion-Musa-7.jpeg 1600w\" sizes=\"(max-width: 1024px) 100vw, 1024px\" \/><\/figure>\n\n\n\n<figure class=\"wp-block-image size-large\"><img loading=\"lazy\" decoding=\"async\" width=\"1024\" height=\"683\" data-id=\"86968\" src=\"https:\/\/infotorrent.es\/wp-content\/uploads\/2025\/10\/Exaltacion-Musa-9-1024x683.jpeg\" alt=\"\" class=\"wp-image-86968\" srcset=\"https:\/\/infotorrent.es\/wp-content\/uploads\/2025\/10\/Exaltacion-Musa-9-1024x683.jpeg 1024w, https:\/\/infotorrent.es\/wp-content\/uploads\/2025\/10\/Exaltacion-Musa-9-300x200.jpeg 300w, https:\/\/infotorrent.es\/wp-content\/uploads\/2025\/10\/Exaltacion-Musa-9-768x512.jpeg 768w, https:\/\/infotorrent.es\/wp-content\/uploads\/2025\/10\/Exaltacion-Musa-9-1536x1024.jpeg 1536w, https:\/\/infotorrent.es\/wp-content\/uploads\/2025\/10\/Exaltacion-Musa-9.jpeg 1600w\" sizes=\"(max-width: 1024px) 100vw, 1024px\" \/><\/figure>\n<\/figure>\n","protected":false},"excerpt":{"rendered":"<p>Una vesprada plena d\u2019emoci\u00f3, m\u00fasica i talent a l\u2019Auditori de Torrent per a exal\u00e7ar Carla Gallego Ib\u00e1\u00f1ez La Uni\u00f3 Musical de Torrent va viure el passat cap de setmana una de les seues cites m\u00e9s esperades amb l\u2019Exaltaci\u00f3 de la Musa de la M\u00fasica 2025-2026, protagonitzada per Carla Gallego Ib\u00e1\u00f1ez, trompetista de la pr\u00f2pia societat [&hellip;]<\/p>\n","protected":false},"author":21,"featured_media":86954,"comment_status":"open","ping_status":"open","sticky":false,"template":"","format":"standard","meta":{"_acf_changed":false,"footnotes":""},"categories":[1215,126,136,156,143],"tags":[],"class_list":["post-86975","post","type-post","status-publish","format-standard","has-post-thumbnail","hentry","category-auditori-de-torrent-ca","category-cultura-es-2","category-festes-i-turisme","category-festes-i-tradicions-2","category-fiestas-y-tradiciones"],"acf":[],"_links":{"self":[{"href":"https:\/\/infotorrent.es\/ca\/wp-json\/wp\/v2\/posts\/86975","targetHints":{"allow":["GET"]}}],"collection":[{"href":"https:\/\/infotorrent.es\/ca\/wp-json\/wp\/v2\/posts"}],"about":[{"href":"https:\/\/infotorrent.es\/ca\/wp-json\/wp\/v2\/types\/post"}],"author":[{"embeddable":true,"href":"https:\/\/infotorrent.es\/ca\/wp-json\/wp\/v2\/users\/21"}],"replies":[{"embeddable":true,"href":"https:\/\/infotorrent.es\/ca\/wp-json\/wp\/v2\/comments?post=86975"}],"version-history":[{"count":1,"href":"https:\/\/infotorrent.es\/ca\/wp-json\/wp\/v2\/posts\/86975\/revisions"}],"predecessor-version":[{"id":86977,"href":"https:\/\/infotorrent.es\/ca\/wp-json\/wp\/v2\/posts\/86975\/revisions\/86977"}],"wp:featuredmedia":[{"embeddable":true,"href":"https:\/\/infotorrent.es\/ca\/wp-json\/wp\/v2\/media\/86954"}],"wp:attachment":[{"href":"https:\/\/infotorrent.es\/ca\/wp-json\/wp\/v2\/media?parent=86975"}],"wp:term":[{"taxonomy":"category","embeddable":true,"href":"https:\/\/infotorrent.es\/ca\/wp-json\/wp\/v2\/categories?post=86975"},{"taxonomy":"post_tag","embeddable":true,"href":"https:\/\/infotorrent.es\/ca\/wp-json\/wp\/v2\/tags?post=86975"}],"curies":[{"name":"wp","href":"https:\/\/api.w.org\/{rel}","templated":true}]}}