{"id":8686,"date":"2017-06-16T14:24:27","date_gmt":"2017-06-16T14:24:27","guid":{"rendered":"https:\/\/infotorrent.es\/uncategorized\/torrent-acull-la-jornada-gestio-darees-empresarials-del-forum-empresarial-horta-sud\/"},"modified":"2017-06-16T14:24:27","modified_gmt":"2017-06-16T14:24:27","slug":"torrent-acull-la-jornada-gestio-darees-empresarials-del-forum-empresarial-horta-sud","status":"publish","type":"post","link":"https:\/\/infotorrent.es\/ca\/noticies\/torrent-acull-la-jornada-gestio-darees-empresarials-del-forum-empresarial-horta-sud\/","title":{"rendered":"Torrent acull la jornada Gesti\u00f3 d&#8217;\u00c0rees Empresarials del F\u00f2rum Empresarial Horta Sud"},"content":{"rendered":"<p style=\"text-align: center;\"><strong>El F\u00f2rum Empresarial de l&#8217;Horta Sud organitza estes jornades en l\u2019Antic Mercat de Torrent<\/strong><\/p>\n<p style=\"text-align: center;\"><strong>Per a una major dinamitzaci\u00f3 i visualitzaci\u00f3 a les xarxes socials, els assistents hi participen piulant amb el hashtag #forohortasud<\/strong><\/p>\n<p style=\"text-align: justify;\">\nEl mat\u00ed d\u2019ahir, la sala c\u00edvica de l\u2019Antic Mercat de Torrent va acollir la jornada Gesti\u00f3 d&#8217;\u00c0rees Empresarials, l\u2019objectiu de la qual ha sigut donar a con\u00e9ixer les bones pr\u00e0ctiques en la gesti\u00f3 de les \u00e0rees empresarials m\u00e9s avan\u00e7ades a Espanya, com s\u00f3n el Pa\u00eds Basc, Catalunya i Navarra. La Comunitat Valenciana destaca per la promoci\u00f3 i creaci\u00f3 d\u2019\u00e0rees empresarials, per\u00f2 el seu punt feble residix en el manteniment d\u2019estes \u00e0rees, per la qual cosa el F\u00f2rum Empresarial de l&#8217;Horta Sud ha organitzat estes pon\u00e8ncies per a aprendre de l\u2019experi\u00e8ncia d\u2019altres comunitats aut\u00f2nomes capdavanteres en este sector i poder incorporar all\u00f2 apr\u00e9s a les \u00e0rees empresarials de la nostra comunitat.<\/p>\n<p style=\"text-align: justify;\">Durant la jornada, que comen\u00e7\u00e0 a les 9.30 h, es van tractar i debatre aspectes relacionats amb la normativa, la gesti\u00f3 i les pol\u00edtiques empresarials a c\u00e0rrec de tres ponents destacats en este sector. El regidor de Modernitzaci\u00f3 i Gesti\u00f3 de Recursos, Andr\u00e9s Campos, acompanyat per Blanca Mar\u00edn Ferreiro, secret\u00e0ria auton\u00f2mica d&#8217;Economia Sostenible, Sectors Productius i Comer\u00e7 de la Generalitat Valenciana, foren els encarregats d\u2019inaugurar la jornada i de donar la benvinguda a tots els assistents.<\/p>\n<p style=\"text-align: justify;\">Seguidament, Diego Rom\u00e1 Bohorques, membre del F\u00f2rum Empresarial de l&#8217;Horta Sud, present\u00e0 els ponents participants: Idoia Madariaga, directora d&#8217;Innovaci\u00f3 de NASUVINSA, que parl\u00e0 sobre el tema \u201cLa governan\u00e7a d\u2019\u00e0rees d\u2019activitat econ\u00f2mica: una experi\u00e8ncia pr\u00e0ctica\u201d; Diego Maci\u00e1, director general de Ind\u00fastria i Energia de Generalitat, que fou l\u2019encarregat d\u2019explicar els principis de la Llei de gesti\u00f3, modernitzaci\u00f3 i promoci\u00f3 de les \u00e0rees industrials de la Comunitat Valenciana; Jos\u00e9 Miguel Artaza, director adjunt de SPRILUR, parl\u00e0 sobre \u201cGesti\u00f3 d&#8217;\u00e0rees empresarials\u201d i Carles Rivera, coordinador gerent del Pacte Industrial, centr\u00e0 la seua intervenci\u00f3 en les \u201cPol\u00edtiques per a la millora dels pol\u00edgons d\u2019activitat econ\u00f2mica: el cas de Pacte Industrial de la regi\u00f3 metropolitana de Barcelona\u201d.<\/p>\n<p style=\"text-align: justify;\">L&#8217;alcalde, Jes\u00fas Ros, juntament amb el conseller d\u2019Economia Sostenible, Sectors Productius, Comer\u00e7 i Treball de la Generalitat Valenciana, Rafael Climent, van clausurar esta jornada. L&#8217;alcalde assenyal\u00e0 que \u201cels pol\u00edgons industrials formen part de la ciutat i cal dotar-los de serveis, alguns de m\u00e9s espec\u00edfics, perqu\u00e8 puguen desenvolupar de la millor manera possible la seua activitat econ\u00f2mica. Per este motiu, hem de continuar treballant des del consistori per a potenciar este sector tan important\u201d.<\/p>\n<p style=\"text-align: justify;\">Per a una major dinamitzaci\u00f3, visualitzaci\u00f3, repercussi\u00f3 i interacci\u00f3 de la jornada a les xarxes socials, es va projectar en directe el Social Wall d\u2019Atribus, on es va mostrar en una pantalla gegant les publicacions en Twitter que pogueren fer els assistents en temps real utilitzant el hashtag #forohortasud.<\/p>\n","protected":false},"excerpt":{"rendered":"<p>El F\u00f2rum Empresarial de l&#8217;Horta Sud organitza estes jornades en l\u2019Antic Mercat de Torrent Per a una major dinamitzaci\u00f3 i visualitzaci\u00f3 a les xarxes socials, els assistents hi participen piulant amb el hashtag #forohortasud El mat\u00ed d\u2019ahir, la sala c\u00edvica de l\u2019Antic Mercat de Torrent va acollir la jornada Gesti\u00f3 d&#8217;\u00c0rees Empresarials, l\u2019objectiu de la [&hellip;]<\/p>\n","protected":false},"author":13,"featured_media":1137,"comment_status":"open","ping_status":"open","sticky":false,"template":"","format":"standard","meta":{"_acf_changed":false,"footnotes":""},"categories":[120,116],"tags":[],"class_list":["post-8686","post","type-post","status-publish","format-standard","has-post-thumbnail","hentry","category-economia","category-noticies"],"acf":[],"_links":{"self":[{"href":"https:\/\/infotorrent.es\/ca\/wp-json\/wp\/v2\/posts\/8686","targetHints":{"allow":["GET"]}}],"collection":[{"href":"https:\/\/infotorrent.es\/ca\/wp-json\/wp\/v2\/posts"}],"about":[{"href":"https:\/\/infotorrent.es\/ca\/wp-json\/wp\/v2\/types\/post"}],"author":[{"embeddable":true,"href":"https:\/\/infotorrent.es\/ca\/wp-json\/wp\/v2\/users\/13"}],"replies":[{"embeddable":true,"href":"https:\/\/infotorrent.es\/ca\/wp-json\/wp\/v2\/comments?post=8686"}],"version-history":[{"count":0,"href":"https:\/\/infotorrent.es\/ca\/wp-json\/wp\/v2\/posts\/8686\/revisions"}],"wp:featuredmedia":[{"embeddable":true,"href":"https:\/\/infotorrent.es\/ca\/wp-json\/wp\/v2\/media\/1137"}],"wp:attachment":[{"href":"https:\/\/infotorrent.es\/ca\/wp-json\/wp\/v2\/media?parent=8686"}],"wp:term":[{"taxonomy":"category","embeddable":true,"href":"https:\/\/infotorrent.es\/ca\/wp-json\/wp\/v2\/categories?post=8686"},{"taxonomy":"post_tag","embeddable":true,"href":"https:\/\/infotorrent.es\/ca\/wp-json\/wp\/v2\/tags?post=8686"}],"curies":[{"name":"wp","href":"https:\/\/api.w.org\/{rel}","templated":true}]}}