{"id":86761,"date":"2025-10-03T12:07:44","date_gmt":"2025-10-03T10:07:44","guid":{"rendered":"https:\/\/infotorrent.es\/?p=86761"},"modified":"2025-10-03T12:17:48","modified_gmt":"2025-10-03T10:17:48","slug":"les-biblioteques-municipals-de-torrent-estrenen-compte-oficial-en-instagram-bpmtorrent","status":"publish","type":"post","link":"https:\/\/infotorrent.es\/ca\/cultura-es-2\/les-biblioteques-municipals-de-torrent-estrenen-compte-oficial-en-instagram-bpmtorrent\/","title":{"rendered":"Les Biblioteques Municipals de Torrent estrenen compte oficial en Instagram @bpmtorrent"},"content":{"rendered":"\n<p><strong>Torrent impulsa la modernitzaci\u00f3 cultural de les Biblioteques, m\u00e9s accessibles i pr\u00f2ximes a la ciutadania<\/strong><\/p>\n\n\n\n<p><strong>Cultura, activitats, servicis, i novetats en un sol clic<\/strong><\/p>\n\n\n\n<p>Les Biblioteques P\u00fabliques Municipals de Torrent han fet un pas avant en la seua estrat\u00e8gia de comunicaci\u00f3 i modernitzaci\u00f3 amb el llan\u00e7ament del seu nou compte oficial en Instagram @bpmtorrent. L&#8217;objectiu d&#8217;esta iniciativa \u00e9s refor\u00e7ar la connexi\u00f3 amb la ciutadania, especialment amb els m\u00e9s j\u00f3vens, al mateix temps que es dona major visibilitat a l&#8217;\u00e0mplia programaci\u00f3 cultural, servicis i novetats que oferix la xarxa de biblioteques municipals.<\/p>\n\n\n\n<p>Amb esta nova finestra digital, els usuaris podran estar informats en temps real sobre les \u00faltimes novetats liter\u00e0ries, recomanacions de lectura, aix\u00ed com de la programaci\u00f3 trimestral d&#8217;activitats d&#8217;animaci\u00f3 lectora dirigides tant a p\u00fablic infantil com adult. Tamb\u00e9 s&#8217;inclouran din\u00e0miques participatives com a jocs i endevinalles liter\u00e0ries, clubs de lectura, horaris especials i altres informacions d&#8217;inter\u00e9s que permetran a la ciutadania sentir-se m\u00e9s pr\u00f2xima a la vida cultural de la ciutat.<\/p>\n\n\n\n<p>Un de les fites destacades que tindr\u00e0 una gran pres\u00e8ncia en el nou compte d&#8217;Instagram ser\u00e0 la 52a Fira del Llibre de Torrent, que se celebrar\u00e0 del 23 al 26 d&#8217;octubre, la programaci\u00f3 del qual s&#8217;anunciar\u00e0 pr\u00f2ximament per l&#8217;ajuntament. A trav\u00e9s d&#8217;esta plataforma s&#8217;anunciaran els autors convidats i es revelaran sorpreses entorn d&#8217;este esdeveniment cultural de refer\u00e8ncia, que cada any congrega a milers de visitants.<\/p>\n\n\n\n<p><strong>\u201cVolem que la biblioteca no sols siga un lloc f\u00edsic de consulta i estudi, sin\u00f3 tamb\u00e9 un espai viu i actiu en les xarxes socials, on els usuaris puguen participar, descobrir i connectar amb la cultura, a trav\u00e9s d&#8217;este nou canal de comunicaci\u00f3\u201d<\/strong>, ha assenyalat el regidor de l&#8217;\u00e0rea de Cultura, Aitor S\u00e1nchez.<\/p>\n\n\n\n<p>S\u00e1nchez ha subratllat que este llan\u00e7ament <strong>\u201crespon a la voluntat de l&#8217;Ajuntament de Torrent d&#8217;impulsar una gesti\u00f3 cultural m\u00e9s pr\u00f2xima, din\u00e0mica i accessible per a tots els p\u00fablics\u201d.<\/strong><\/p>\n\n\n\n<p>El nou compte en Instagram tamb\u00e9 pret\u00e9n servir de plataforma per a donar visibilitat al treball d&#8217;associacions culturals, autors locals i projectes educatius vinculats al foment de la lectura, generant un espai participatiu on la ciutadania puga interactuar i sentir-se part activa de la vida cultural de Torrent.<\/p>\n\n\n\n<p>Amb esta aposta per les xarxes socials, Torrent continua avan\u00e7ant en el seu comprom\u00eds per acostar la cultura a tots els racons de la ciutat, adaptant-se als nous temps i als h\u00e0bits de comunicaci\u00f3 de la societat actual.<\/p>\n\n\n\n<p>En paraules del regidor <strong>\u201cestem conven\u00e7uts que les biblioteques s\u00f3n molt m\u00e9s que prestatgeries i llibres: s\u00f3n espais de trobada, de creativitat i de transmissi\u00f3 de valors culturals. Instagram ens permetr\u00e0 projectar eixa visi\u00f3 cap a dins i cap a fora, refor\u00e7ant la identitat de les nostres biblioteques com a referents culturals a Torrent i a la comarca\u201d.<\/strong><\/p>\n\n\n\n<p>Aix\u00ed mateix, S\u00e1nchez ha destacat que esta iniciativa <strong>\u201cforma part d&#8217;un pla integral de modernitzaci\u00f3 i digitalitzaci\u00f3 dels servicis municipals de Biblioteca i Arxiu\u201d, <\/strong>amb el qual es busca no sols millorar l&#8217;experi\u00e8ncia dels usuaris, sin\u00f3 tamb\u00e9 atraure a noves generacions cap a la lectura, el coneixement i la cultura local.<\/p>\n\n\n\n<p>\ud83d\udcf2 Segueix-nos en Instagram: @bpmtorrent<\/p>\n\n\n\n<figure class=\"wp-block-image size-large\"><img fetchpriority=\"high\" decoding=\"async\" width=\"1024\" height=\"768\" src=\"https:\/\/infotorrent.es\/wp-content\/uploads\/2025\/10\/FOTO-BIBLIOTECA-2-1024x768.jpeg\" alt=\"\" class=\"wp-image-86756\" srcset=\"https:\/\/infotorrent.es\/wp-content\/uploads\/2025\/10\/FOTO-BIBLIOTECA-2-1024x768.jpeg 1024w, https:\/\/infotorrent.es\/wp-content\/uploads\/2025\/10\/FOTO-BIBLIOTECA-2-300x225.jpeg 300w, https:\/\/infotorrent.es\/wp-content\/uploads\/2025\/10\/FOTO-BIBLIOTECA-2-768x576.jpeg 768w, https:\/\/infotorrent.es\/wp-content\/uploads\/2025\/10\/FOTO-BIBLIOTECA-2-1536x1152.jpeg 1536w, https:\/\/infotorrent.es\/wp-content\/uploads\/2025\/10\/FOTO-BIBLIOTECA-2.jpeg 1600w\" sizes=\"(max-width: 1024px) 100vw, 1024px\" \/><\/figure>\n\n\n\n<figure class=\"wp-block-image size-large\"><img decoding=\"async\" width=\"1024\" height=\"682\" src=\"https:\/\/infotorrent.es\/wp-content\/uploads\/2025\/10\/FOTO-BIBLIOTECA-1-1024x682.jpeg\" alt=\"\" class=\"wp-image-86758\" srcset=\"https:\/\/infotorrent.es\/wp-content\/uploads\/2025\/10\/FOTO-BIBLIOTECA-1-1024x682.jpeg 1024w, https:\/\/infotorrent.es\/wp-content\/uploads\/2025\/10\/FOTO-BIBLIOTECA-1-300x200.jpeg 300w, https:\/\/infotorrent.es\/wp-content\/uploads\/2025\/10\/FOTO-BIBLIOTECA-1-768x512.jpeg 768w, https:\/\/infotorrent.es\/wp-content\/uploads\/2025\/10\/FOTO-BIBLIOTECA-1-1536x1023.jpeg 1536w, https:\/\/infotorrent.es\/wp-content\/uploads\/2025\/10\/FOTO-BIBLIOTECA-1.jpeg 1600w\" sizes=\"(max-width: 1024px) 100vw, 1024px\" \/><\/figure>\n","protected":false},"excerpt":{"rendered":"<p>Torrent impulsa la modernitzaci\u00f3 cultural de les Biblioteques, m\u00e9s accessibles i pr\u00f2ximes a la ciutadania Cultura, activitats, servicis, i novetats en un sol clic Les Biblioteques P\u00fabliques Municipals de Torrent han fet un pas avant en la seua estrat\u00e8gia de comunicaci\u00f3 i modernitzaci\u00f3 amb el llan\u00e7ament del seu nou compte oficial en Instagram @bpmtorrent. L&#8217;objectiu [&hellip;]<\/p>\n","protected":false},"author":21,"featured_media":86756,"comment_status":"open","ping_status":"open","sticky":false,"template":"","format":"standard","meta":{"_acf_changed":false,"footnotes":""},"categories":[126,756],"tags":[],"class_list":["post-86761","post","type-post","status-publish","format-standard","has-post-thumbnail","hentry","category-cultura-es-2","category-cultura-noticias-2"],"acf":[],"_links":{"self":[{"href":"https:\/\/infotorrent.es\/ca\/wp-json\/wp\/v2\/posts\/86761","targetHints":{"allow":["GET"]}}],"collection":[{"href":"https:\/\/infotorrent.es\/ca\/wp-json\/wp\/v2\/posts"}],"about":[{"href":"https:\/\/infotorrent.es\/ca\/wp-json\/wp\/v2\/types\/post"}],"author":[{"embeddable":true,"href":"https:\/\/infotorrent.es\/ca\/wp-json\/wp\/v2\/users\/21"}],"replies":[{"embeddable":true,"href":"https:\/\/infotorrent.es\/ca\/wp-json\/wp\/v2\/comments?post=86761"}],"version-history":[{"count":1,"href":"https:\/\/infotorrent.es\/ca\/wp-json\/wp\/v2\/posts\/86761\/revisions"}],"predecessor-version":[{"id":86763,"href":"https:\/\/infotorrent.es\/ca\/wp-json\/wp\/v2\/posts\/86761\/revisions\/86763"}],"wp:featuredmedia":[{"embeddable":true,"href":"https:\/\/infotorrent.es\/ca\/wp-json\/wp\/v2\/media\/86756"}],"wp:attachment":[{"href":"https:\/\/infotorrent.es\/ca\/wp-json\/wp\/v2\/media?parent=86761"}],"wp:term":[{"taxonomy":"category","embeddable":true,"href":"https:\/\/infotorrent.es\/ca\/wp-json\/wp\/v2\/categories?post=86761"},{"taxonomy":"post_tag","embeddable":true,"href":"https:\/\/infotorrent.es\/ca\/wp-json\/wp\/v2\/tags?post=86761"}],"curies":[{"name":"wp","href":"https:\/\/api.w.org\/{rel}","templated":true}]}}