{"id":86751,"date":"2025-10-03T10:17:48","date_gmt":"2025-10-03T08:17:48","guid":{"rendered":"https:\/\/infotorrent.es\/?p=86751"},"modified":"2025-10-03T10:25:55","modified_gmt":"2025-10-03T08:25:55","slug":"torrent-celebra-el-9-doctubre-infantil-amb-un-cap-de-setmana-ple-de-cultura-jocs-i-tradicio","status":"publish","type":"post","link":"https:\/\/infotorrent.es\/ca\/festes-i-turisme\/torrent-celebra-el-9-doctubre-infantil-amb-un-cap-de-setmana-ple-de-cultura-jocs-i-tradicio\/","title":{"rendered":"Torrent celebra el 9 d\u2019Octubre Infantil amb un cap de setmana ple de cultura, jocs i tradici\u00f3"},"content":{"rendered":"\n<p><strong>L\u2019Ajuntament de Torrent organitza un complet programa de jocs, teatre i contacontes perqu\u00e8 els m\u00e9s menuts celebren el Dia de la Comunitat Valenciana amb cultura i tradici\u00f3<\/strong><\/p>\n\n\n\n<p>Amb motiu del 9 d\u2019Octubre, Dia de la Comunitat Valenciana, l\u2019Ajuntament de Torrent ha organitzat un complet programa d\u2019activitats infantils baix el t\u00edtol \u201c9 d\u2019Octubre Infantil\u201d, amb l\u2019objectiu que els m\u00e9s menuts disfruten, aprenguen i s\u2019acosten a la identitat valenciana a trav\u00e9s del joc, el teatre i la tradici\u00f3 oral.<\/p>\n\n\n\n<p>Durant tres dies, les places i carrers de la ciutat s\u2019ompliran de propostes culturals i l\u00fadiques pensades per a tota la fam\u00edlia, amb especial atenci\u00f3 a la inf\u00e0ncia. Des de contacontes i representacions teatrals fins a jocs tradicionals i tallers vinculats a la hist\u00f2ria i els costums valencians, la programaci\u00f3 busca transmetre de manera divertida el valor de les arrels culturals i la import\u00e0ncia de mantindre vives les tradicions.<\/p>\n\n\n\n<p><strong>Una programaci\u00f3 pensada per als m\u00e9s menuts<\/strong><\/p>\n\n\n\n<p>L\u2019agenda donar\u00e0 comen\u00e7ament <strong>este divendres, 3 d\u2019octubre, a les 19:00 h<\/strong> a la pla\u00e7a Uni\u00f3 Musical, amb l\u2019activitat \u201cXip, xap, conte, contat\u201d, una cita que inaugurar\u00e0 el cicle amb hist\u00f2ries plenes de fantasia, humor i valors.<\/p>\n\n\n\n<p><strong>El dissabte, 4 d\u2019octubre,<\/strong> Torrent viur\u00e0 un mat\u00ed intens en diversos punts de la ciutat. <strong>A les 11:00 h,<\/strong> es desenvoluparan els Jocs Tradicionals Artesans a la pla\u00e7a Fra Antoni Panes i els Contes valencians festius a la pla\u00e7a Am\u00e8rica, dues propostes que combinen la diversi\u00f3 amb el coneixement de la cultura popular. <strong>A les 12:00 h,<\/strong> la pla\u00e7a Uni\u00f3 Musical ser\u00e0 l\u2019escenari de m\u00e9s Jocs Tradicionals, mentre que a l\u2019Avinguda Ol\u00edmpica els xiquets i xiquetes podran disfrutar del contacontes \u201cAmparito, la filla del mestre\u201d, una narraci\u00f3 entranyable que uneix tradici\u00f3 i educaci\u00f3 en valors.<\/p>\n\n\n\n<p>El programa continuar\u00e0 <strong>el diumenge, 5 d\u2019octubre,<\/strong> amb activitats que posen en valor elements patrimonials i festius de la cultura valenciana. <strong>A les 11:00 h <\/strong>a la pla\u00e7a Fra Antoni Panes, s\u2019oferir\u00e0 el taller \u201cMosaic de Nolla, una tradici\u00f3 molt valenciana\u201d, que acostar\u00e0 als m\u00e9s menuts una de les arts decoratives m\u00e9s caracter\u00edstiques de la comarca.<strong> A les 12:00 h<\/strong>, l\u2019Avinguda Ol\u00edmpica acollir\u00e0 \u201cJocs d\u2019ahir, hui i de sempre\u201d, mentre que a la pla\u00e7a Uni\u00f3 Musical es representar\u00e0 l\u2019obra de teatre infantil \u201cEn Jaume I\u201d, un espectacle que acostar\u00e0 de manera amena la figura hist\u00f2rica del rei conqueridor als m\u00e9s menuts. La programaci\u00f3 es tancar\u00e0<strong> a les 19:00 h <\/strong>a la pla\u00e7a Major amb l\u2019espectacle \u201cRondalles per a la Xicalla\u201d, que organitza el Grup de Ball de Torrent.<\/p>\n\n\n\n<p><strong>Un espai per a la cultura, l\u2019educaci\u00f3 i la conviv\u00e8ncia<\/strong><\/p>\n\n\n\n<p>Amb este programa, l\u2019Ajuntament de Torrent refor\u00e7a el seu comprom\u00eds amb la promoci\u00f3 de la cultura valenciana des de la inf\u00e0ncia, apostant per un model de celebraci\u00f3 participatiu, educatiu i familiar.<\/p>\n\n\n\n<p>L\u2019Ajuntament convida totes les fam\u00edlies torrentines a participar en esta programaci\u00f3, que s\u2019estendr\u00e0 durant tot el cap de setmana i que est\u00e0 pensada per a disfrutar en companyia. El 9 d\u2019Octubre Infantil \u00e9s, a m\u00e9s, una avantsala als actes commemoratius del Dia de la Comunitat Valenciana, posant de relleu la import\u00e0ncia de transmetre les arrels culturals des de les primeres edats.<strong><\/strong><\/p>\n\n\n\n<figure class=\"wp-block-image size-large\"><img fetchpriority=\"high\" decoding=\"async\" width=\"819\" height=\"1024\" src=\"https:\/\/infotorrent.es\/wp-content\/uploads\/2025\/10\/CARTEL-9-OCTUBRE-819x1024.jpeg\" alt=\"\" class=\"wp-image-86748\" srcset=\"https:\/\/infotorrent.es\/wp-content\/uploads\/2025\/10\/CARTEL-9-OCTUBRE-819x1024.jpeg 819w, https:\/\/infotorrent.es\/wp-content\/uploads\/2025\/10\/CARTEL-9-OCTUBRE-240x300.jpeg 240w, https:\/\/infotorrent.es\/wp-content\/uploads\/2025\/10\/CARTEL-9-OCTUBRE-768x960.jpeg 768w, https:\/\/infotorrent.es\/wp-content\/uploads\/2025\/10\/CARTEL-9-OCTUBRE.jpeg 1080w\" sizes=\"(max-width: 819px) 100vw, 819px\" \/><\/figure>\n","protected":false},"excerpt":{"rendered":"<p>L\u2019Ajuntament de Torrent organitza un complet programa de jocs, teatre i contacontes perqu\u00e8 els m\u00e9s menuts celebren el Dia de la Comunitat Valenciana amb cultura i tradici\u00f3 Amb motiu del 9 d\u2019Octubre, Dia de la Comunitat Valenciana, l\u2019Ajuntament de Torrent ha organitzat un complet programa d\u2019activitats infantils baix el t\u00edtol \u201c9 d\u2019Octubre Infantil\u201d, amb l\u2019objectiu [&hellip;]<\/p>\n","protected":false},"author":21,"featured_media":86748,"comment_status":"open","ping_status":"open","sticky":false,"template":"","format":"standard","meta":{"_acf_changed":false,"footnotes":""},"categories":[756,156,136,143],"tags":[],"class_list":["post-86751","post","type-post","status-publish","format-standard","has-post-thumbnail","hentry","category-cultura-noticias-2","category-festes-i-tradicions-2","category-festes-i-turisme","category-fiestas-y-tradiciones"],"acf":[],"_links":{"self":[{"href":"https:\/\/infotorrent.es\/ca\/wp-json\/wp\/v2\/posts\/86751","targetHints":{"allow":["GET"]}}],"collection":[{"href":"https:\/\/infotorrent.es\/ca\/wp-json\/wp\/v2\/posts"}],"about":[{"href":"https:\/\/infotorrent.es\/ca\/wp-json\/wp\/v2\/types\/post"}],"author":[{"embeddable":true,"href":"https:\/\/infotorrent.es\/ca\/wp-json\/wp\/v2\/users\/21"}],"replies":[{"embeddable":true,"href":"https:\/\/infotorrent.es\/ca\/wp-json\/wp\/v2\/comments?post=86751"}],"version-history":[{"count":1,"href":"https:\/\/infotorrent.es\/ca\/wp-json\/wp\/v2\/posts\/86751\/revisions"}],"predecessor-version":[{"id":86753,"href":"https:\/\/infotorrent.es\/ca\/wp-json\/wp\/v2\/posts\/86751\/revisions\/86753"}],"wp:featuredmedia":[{"embeddable":true,"href":"https:\/\/infotorrent.es\/ca\/wp-json\/wp\/v2\/media\/86748"}],"wp:attachment":[{"href":"https:\/\/infotorrent.es\/ca\/wp-json\/wp\/v2\/media?parent=86751"}],"wp:term":[{"taxonomy":"category","embeddable":true,"href":"https:\/\/infotorrent.es\/ca\/wp-json\/wp\/v2\/categories?post=86751"},{"taxonomy":"post_tag","embeddable":true,"href":"https:\/\/infotorrent.es\/ca\/wp-json\/wp\/v2\/tags?post=86751"}],"curies":[{"name":"wp","href":"https:\/\/api.w.org\/{rel}","templated":true}]}}