{"id":8659,"date":"2017-06-06T07:58:59","date_gmt":"2017-06-06T07:58:59","guid":{"rendered":"https:\/\/infotorrent.es\/uncategorized\/torrent-analitza-el-present-i-el-futur-en-gestio-darees-empresarials\/"},"modified":"2017-06-06T07:58:59","modified_gmt":"2017-06-06T07:58:59","slug":"torrent-analitza-el-present-i-el-futur-en-gestio-darees-empresarials","status":"publish","type":"post","link":"https:\/\/infotorrent.es\/ca\/noticies\/torrent-analitza-el-present-i-el-futur-en-gestio-darees-empresarials\/","title":{"rendered":"Torrent analitza el present i el futur en gesti\u00f3 d&#8217;\u00e0rees empresarials"},"content":{"rendered":"<p style=\"text-align: center;\"><strong>Les pon\u00e8ncies, organitzades pel F\u00f2rum Empresarial de l&#8217;Horta\u00a0Sud, analitzaran les bones pr\u00e0ctiques realitzades en la gesti\u00f3 d\u2019\u00e0rees empresarials m\u00e9s avan\u00e7ades a Espanya\u00a0\u00a0\u00a0\u00a0\u00a0\u00a0\u00a0\u00a0 <\/strong><\/p>\n<p><strong> La cita tindr\u00e0 lloc el dia 15 de juny en la sala c\u00edvica de l\u2019Antic\u00a0Mercat\u00a0\u00a0\u00a0\u00a0\u00a0\u00a0\u00a0\u00a0<\/strong><\/p>\n<p style=\"text-align: justify;\">\nEl F\u00f2rum Empresarial de la\u00a0Fundaci\u00f3\u00a0Horta\u00a0Sud organitza la jornada sobre gesti\u00f3 d\u2019\u00e0rees empresarials amb l\u2019objectiu de donar a con\u00e9ixer les bones pr\u00e0ctiques en la gesti\u00f3 d\u2019\u00e0rees empresarials m\u00e9s avan\u00e7ades de l&#8217;Estat espanyol, com ara el Pa\u00eds Basc, Navarra i Catalunya. Es tracta de la iniciativa m\u00e9s important fins al moment que organitza el F\u00f2rum Empresarial de l&#8217;Horta\u00a0Sud, a causa de la qualitat dels ponents i de la tem\u00e0tica.<\/p>\n<p>La Comunitat Valenciana \u00e9s experta en la promoci\u00f3 i creaci\u00f3 d\u2019\u00e0rees empresarials, per\u00f2 \u00e9s molt important con\u00e9ixer la millor manera de conservar-les i mantindre-les. Per este motiu, les pon\u00e8ncies oferiran una visi\u00f3 de qualitat en la gesti\u00f3 de les \u00e0rees empresarials, amb la participaci\u00f3 de ponents que tenen contrastada experi\u00e8ncia en la direcci\u00f3 i govern d&#8217;este tipus d\u2019\u00e0rees i parcs log\u00edstics.<\/p>\n<p>L\u2019alcalde, Jes\u00fas Ros, ser\u00e0 l\u2019encarregat d\u2019inaugurar les pon\u00e8ncies. La jornada comptar\u00e0 amb l\u2019assist\u00e8ncia de grans convidats, com ara\u00a0Idoia Madariaga L\u00f3pez, directora d&#8217;Innovaci\u00f3 de\u00a0NASUVINSA; Diego Maci\u00e0 Ant\u00f3n, director general d&#8217;Ind\u00fastria i Energia de la Generalitat Valenciana; \u201cGesti\u00f3 d&#8217;\u00e0rees empresarials; Jos\u00e9 Miguel\u00a0Artaza, director adjunt de\u00a0SPRILUR; Carles Rivera, coordinador gerent del Pacte Industrial de l&#8217;\u00c0rea Metropolitana de Barcelona; i Rafael Climent Gonz\u00e1lez, conseller d\u00b4Economia Sostenible,\u00a0Sectors\u00a0Productius,\u00a0Comer\u00e7 i\u00a0Treball.<\/p>\n<p>La cita tindr\u00e0 lloc el dia 15 de juny en la sala c\u00edvica de l\u2019Antic\u00a0Mercat de Torrent, en horari de 9.30 h a 13.00 h. Les inscripcions poden realitzar-se enviant un correu electr\u00f2nic a l\u2019adre\u00e7a ideatenvios@torrent.es.<\/p>\n","protected":false},"excerpt":{"rendered":"<p>Les pon\u00e8ncies, organitzades pel F\u00f2rum Empresarial de l&#8217;Horta\u00a0Sud, analitzaran les bones pr\u00e0ctiques realitzades en la gesti\u00f3 d\u2019\u00e0rees empresarials m\u00e9s avan\u00e7ades a Espanya\u00a0\u00a0\u00a0\u00a0\u00a0\u00a0\u00a0\u00a0 La cita tindr\u00e0 lloc el dia 15 de juny en la sala c\u00edvica de l\u2019Antic\u00a0Mercat\u00a0\u00a0\u00a0\u00a0\u00a0\u00a0\u00a0\u00a0 El F\u00f2rum Empresarial de la\u00a0Fundaci\u00f3\u00a0Horta\u00a0Sud organitza la jornada sobre gesti\u00f3 d\u2019\u00e0rees empresarials amb l\u2019objectiu de donar a con\u00e9ixer [&hellip;]<\/p>\n","protected":false},"author":13,"featured_media":1137,"comment_status":"open","ping_status":"open","sticky":false,"template":"","format":"standard","meta":{"_acf_changed":false,"footnotes":""},"categories":[120,116],"tags":[],"class_list":["post-8659","post","type-post","status-publish","format-standard","has-post-thumbnail","hentry","category-economia","category-noticies"],"acf":[],"_links":{"self":[{"href":"https:\/\/infotorrent.es\/ca\/wp-json\/wp\/v2\/posts\/8659","targetHints":{"allow":["GET"]}}],"collection":[{"href":"https:\/\/infotorrent.es\/ca\/wp-json\/wp\/v2\/posts"}],"about":[{"href":"https:\/\/infotorrent.es\/ca\/wp-json\/wp\/v2\/types\/post"}],"author":[{"embeddable":true,"href":"https:\/\/infotorrent.es\/ca\/wp-json\/wp\/v2\/users\/13"}],"replies":[{"embeddable":true,"href":"https:\/\/infotorrent.es\/ca\/wp-json\/wp\/v2\/comments?post=8659"}],"version-history":[{"count":0,"href":"https:\/\/infotorrent.es\/ca\/wp-json\/wp\/v2\/posts\/8659\/revisions"}],"wp:featuredmedia":[{"embeddable":true,"href":"https:\/\/infotorrent.es\/ca\/wp-json\/wp\/v2\/media\/1137"}],"wp:attachment":[{"href":"https:\/\/infotorrent.es\/ca\/wp-json\/wp\/v2\/media?parent=8659"}],"wp:term":[{"taxonomy":"category","embeddable":true,"href":"https:\/\/infotorrent.es\/ca\/wp-json\/wp\/v2\/categories?post=8659"},{"taxonomy":"post_tag","embeddable":true,"href":"https:\/\/infotorrent.es\/ca\/wp-json\/wp\/v2\/tags?post=8659"}],"curies":[{"name":"wp","href":"https:\/\/api.w.org\/{rel}","templated":true}]}}