{"id":86503,"date":"2025-10-01T12:28:24","date_gmt":"2025-10-01T10:28:24","guid":{"rendered":"https:\/\/infotorrent.es\/?p=86503"},"modified":"2025-10-01T12:37:31","modified_gmt":"2025-10-01T10:37:31","slug":"torrent-inaugura-lexposicio-dindumentaria-de-moros-i-cristians-2025-oberta-de-l1-al-22-doctubre-a-lantic-mercat","status":"publish","type":"post","link":"https:\/\/infotorrent.es\/ca\/cultura-es-2\/torrent-inaugura-lexposicio-dindumentaria-de-moros-i-cristians-2025-oberta-de-l1-al-22-doctubre-a-lantic-mercat\/","title":{"rendered":"Torrent inaugura l\u2019exposici\u00f3 d\u2019indument\u00e0ria de Moros i Cristians 2025, oberta de l\u20191 al 22 d\u2019octubre a l\u2019Antic Mercat"},"content":{"rendered":"\n<ul class=\"wp-block-list\">\n<li><strong>La mostra reunix els trages oficials dels c\u00e0rrecs festers de 2025 i reflectix l\u2019ess\u00e8ncia, la bellesa i la for\u00e7a de les festes de Moros i Cristians de Torrent<\/strong><\/li>\n<\/ul>\n\n\n\n<p><strong>La sala c\u00edvica tamb\u00e9 acollir\u00e0 la mostra \u201cAniversari de la Mili\u201d, un recorregut per 230 anys d\u2019hist\u00f2ria del servici militar a Espanya<\/strong><\/p>\n\n\n\n<ul class=\"wp-block-list\">\n<li><strong>L\u2019exposici\u00f3 recorre des de la Reial Ordenan\u00e7a de 1770 fins a la suspensi\u00f3 del servici militar obligatori en 2001, mostrant documents, uniformes i objectes d\u2019\u00e8poca<\/strong><\/li>\n<\/ul>\n\n\n\n<p>L\u2019Antic Mercat de Torrent obri hui les seues portes a dos grans exposicions que convertixen la ciutat en epicentre cultural i de mem\u00f2ria col\u00b7lectiva: la mostra d\u2019indument\u00e0ria de Moros i Cristians 2025 i l\u2019exposici\u00f3 \u201cAniversari de la Mili: 254 anys de la seua implantaci\u00f3 i 24 de suspensi\u00f3\u201d, totes dues es podran visitar de l\u20191 al 22 d\u2019octubre, a la Sala C\u00edvica. De dimarts a dissabte: de 8.00 a 14.00 h. i els divendres: de 8.00 a 14.00 h. i de 17.00 a 20.00 h.<\/p>\n\n\n\n<p>L\u2019Antic Mercat de Torrent acull l\u2019exposici\u00f3 d\u2019indument\u00e0ria de Moros i Cristians, una mostra que reunix els trages oficials dels c\u00e0rrecs festers de l\u2019any 2025, aix\u00ed com peces de gran valor art\u00edstic i simb\u00f2lic que formen part de la mem\u00f2ria viva de la festa.<\/p>\n\n\n\n<p>La mostra permetr\u00e0 al visitant observar de prop els atuells que han protagonitzat les principals cites del calendari fester: l\u2019entraeta infantil, el preg\u00f3, les trabucades, l\u2019Entrada Mora i l\u2019Entrada Cristiana. Es poden contemplar els trages dels capitans moro i cristi\u00e0, Christian Triguero i Merc\u00e9 Mora, respectivament, i els alferes moro, Pau Bermell, i cristi\u00e0, Julio Palop, acompanyats pels de les seues favorites i fins i tot dels m\u00e9s menuts de les seues fam\u00edlies, la qual cosa aporta un valor afegit de continu\u00eftat generacional i sentiment col\u00b7lectiu.<\/p>\n\n\n\n<p>A m\u00e9s dels atuells dels c\u00e0rrecs festers, l\u2019exposici\u00f3 inclou alguns complements, estendards, armament i elements artesanals que enriquixen la mostra i permeten comprendre l\u2019enorme treball que hi ha darrere de cada desfilada. Els ciutadans podran apreciar de prop la minuciositat dels brodats, la varietat de materials emprats i la fusi\u00f3 de tradici\u00f3 i innovaci\u00f3 que caracteritza els tallers especialitzats en indument\u00e0ria festera.<\/p>\n\n\n\n<p><strong>Dos exposicions en paral\u00b7lel<\/strong><\/p>\n\n\n\n<p>La mateixa Sala C\u00edvica de l\u2019Antic Mercat acull fins al 22 d\u2019octubre l\u2019exposici\u00f3 \u201cAniversari de la Mili: 254 anys de la seua implantaci\u00f3 i 24 de suspensi\u00f3\u201d, organitzada pel Ministeri de Defensa amb la col\u00b7laboraci\u00f3 de l\u2019Ajuntament de Torrent, un recorregut per 230 anys d\u2019hist\u00f2ria del servici militar a Espanya.<\/p>\n\n\n\n<p>La mostra sobre la mili oferix un recorregut que abasta des de la Reial Ordenan\u00e7a de 1770, que va instaurar el sorteig anual de reclutes, fins a la suspensi\u00f3 del servici militar obligatori en 2001. A trav\u00e9s de documents originals, fotografies, uniformes, objectes quotidians i panells explicatius, els visitants podran descobrir com este servici va marcar la vida de milions de joves i les seues fam\u00edlies durant m\u00e9s de dos segles.<\/p>\n\n\n\n<p>Entre els materials destaquen allistemients dels segles XVIII i XIX, manuals d\u2019instrucci\u00f3, material sanitari, fotografies hist\u00f2riques i recreacions de dormitoris de quarter o cuines de campanya. Tamb\u00e9 s\u2019exhibixen uniformes, cal\u00e7at militar, racions de menjar i el simb\u00f2lic \u201cxusco de pa\u201d, testimoni de la vida di\u00e0ria de diverses generacions de soldats.<\/p>\n\n\n\n<p>L\u2019exposici\u00f3 dedica, a m\u00e9s, un apartat especial al paper social de la mili. L\u2019Ex\u00e8rcit va ser durant d\u00e8cades una de les principals vies d\u2019alfabetitzaci\u00f3 i formaci\u00f3 per a milers de joves, a m\u00e9s de promoure espais culturals i d\u2019oci a trav\u00e9s de les Cases del Soldat. Es recorda tamb\u00e9 la figura de les Mil\u00edcies Universit\u00e0ries, que permetien als estudiants aconseguir la graduaci\u00f3 com a oficials o sotsoficials.<\/p>\n\n\n\n<p><strong>Torrent es consolida com a focus d\u2019atenci\u00f3 cultural amb dos exposicions que unixen tradici\u00f3 festiva i mem\u00f2ria hist\u00f2rica<\/strong><\/p>\n\n\n\n<p>La coincid\u00e8ncia d\u2019ambdues mostres convertix l\u2019Antic Mercat en un veritable focus d\u2019atenci\u00f3 cultural durant este mes d\u2019octubre. La combinaci\u00f3 de l\u2019espectacularitat art\u00edstica de la indument\u00e0ria festera amb el valor hist\u00f2ric i social de l\u2019exposici\u00f3 de la mili oferix a la ciutadania una oportunitat \u00fanica per a gaudir, en un mateix espai, de dues mirades complement\u00e0ries al nostre patrimoni: la tradici\u00f3 festiva local i la mem\u00f2ria col\u00b7lectiva nacional. D\u2019esta manera, Torrent es reafirma com una ciutat que aposta per la cultura, la hist\u00f2ria i la identitat compartida.<\/p>\n\n\n\n<figure class=\"wp-block-image size-large\"><img fetchpriority=\"high\" decoding=\"async\" width=\"819\" height=\"1024\" src=\"https:\/\/infotorrent.es\/wp-content\/uploads\/2025\/10\/CARTEL-EXPO-MYC-CORRECTO-819x1024.jpeg\" alt=\"\" class=\"wp-image-86498\" srcset=\"https:\/\/infotorrent.es\/wp-content\/uploads\/2025\/10\/CARTEL-EXPO-MYC-CORRECTO-819x1024.jpeg 819w, https:\/\/infotorrent.es\/wp-content\/uploads\/2025\/10\/CARTEL-EXPO-MYC-CORRECTO-240x300.jpeg 240w, https:\/\/infotorrent.es\/wp-content\/uploads\/2025\/10\/CARTEL-EXPO-MYC-CORRECTO-768x960.jpeg 768w, https:\/\/infotorrent.es\/wp-content\/uploads\/2025\/10\/CARTEL-EXPO-MYC-CORRECTO.jpeg 1080w\" sizes=\"(max-width: 819px) 100vw, 819px\" \/><\/figure>\n\n\n\n<figure class=\"wp-block-image size-large\"><img decoding=\"async\" width=\"819\" height=\"1024\" src=\"https:\/\/infotorrent.es\/wp-content\/uploads\/2025\/10\/CARTEL-EXPO-MILI-819x1024.jpeg\" alt=\"\" class=\"wp-image-86500\" srcset=\"https:\/\/infotorrent.es\/wp-content\/uploads\/2025\/10\/CARTEL-EXPO-MILI-819x1024.jpeg 819w, https:\/\/infotorrent.es\/wp-content\/uploads\/2025\/10\/CARTEL-EXPO-MILI-240x300.jpeg 240w, https:\/\/infotorrent.es\/wp-content\/uploads\/2025\/10\/CARTEL-EXPO-MILI-768x960.jpeg 768w, https:\/\/infotorrent.es\/wp-content\/uploads\/2025\/10\/CARTEL-EXPO-MILI.jpeg 1080w\" sizes=\"(max-width: 819px) 100vw, 819px\" \/><\/figure>\n","protected":false},"excerpt":{"rendered":"<p>La sala c\u00edvica tamb\u00e9 acollir\u00e0 la mostra \u201cAniversari de la Mili\u201d, un recorregut per 230 anys d\u2019hist\u00f2ria del servici militar a Espanya L\u2019Antic Mercat de Torrent obri hui les seues portes a dos grans exposicions que convertixen la ciutat en epicentre cultural i de mem\u00f2ria col\u00b7lectiva: la mostra d\u2019indument\u00e0ria de Moros i Cristians 2025 i [&hellip;]<\/p>\n","protected":false},"author":21,"featured_media":86498,"comment_status":"open","ping_status":"open","sticky":false,"template":"","format":"standard","meta":{"_acf_changed":false,"footnotes":""},"categories":[1205,126,156,136,143],"tags":[],"class_list":["post-86503","post","type-post","status-publish","format-standard","has-post-thumbnail","hentry","category-comercio-mercados-y-empleo-ca","category-cultura-es-2","category-festes-i-tradicions-2","category-festes-i-turisme","category-fiestas-y-tradiciones"],"acf":[],"_links":{"self":[{"href":"https:\/\/infotorrent.es\/ca\/wp-json\/wp\/v2\/posts\/86503","targetHints":{"allow":["GET"]}}],"collection":[{"href":"https:\/\/infotorrent.es\/ca\/wp-json\/wp\/v2\/posts"}],"about":[{"href":"https:\/\/infotorrent.es\/ca\/wp-json\/wp\/v2\/types\/post"}],"author":[{"embeddable":true,"href":"https:\/\/infotorrent.es\/ca\/wp-json\/wp\/v2\/users\/21"}],"replies":[{"embeddable":true,"href":"https:\/\/infotorrent.es\/ca\/wp-json\/wp\/v2\/comments?post=86503"}],"version-history":[{"count":1,"href":"https:\/\/infotorrent.es\/ca\/wp-json\/wp\/v2\/posts\/86503\/revisions"}],"predecessor-version":[{"id":86505,"href":"https:\/\/infotorrent.es\/ca\/wp-json\/wp\/v2\/posts\/86503\/revisions\/86505"}],"wp:featuredmedia":[{"embeddable":true,"href":"https:\/\/infotorrent.es\/ca\/wp-json\/wp\/v2\/media\/86498"}],"wp:attachment":[{"href":"https:\/\/infotorrent.es\/ca\/wp-json\/wp\/v2\/media?parent=86503"}],"wp:term":[{"taxonomy":"category","embeddable":true,"href":"https:\/\/infotorrent.es\/ca\/wp-json\/wp\/v2\/categories?post=86503"},{"taxonomy":"post_tag","embeddable":true,"href":"https:\/\/infotorrent.es\/ca\/wp-json\/wp\/v2\/tags?post=86503"}],"curies":[{"name":"wp","href":"https:\/\/api.w.org\/{rel}","templated":true}]}}