{"id":8648,"date":"2017-06-01T10:36:38","date_gmt":"2017-06-01T10:36:38","guid":{"rendered":"https:\/\/infotorrent.es\/uncategorized\/torrent-potencia-la-conservacio-i-preservacio-del-seu-patrimoni-natural\/"},"modified":"2017-06-01T10:36:38","modified_gmt":"2017-06-01T10:36:38","slug":"torrent-potencia-la-conservacio-i-preservacio-del-seu-patrimoni-natural","status":"publish","type":"post","link":"https:\/\/infotorrent.es\/ca\/noticies\/torrent-potencia-la-conservacio-i-preservacio-del-seu-patrimoni-natural\/","title":{"rendered":"Torrent potencia la conservaci\u00f3 i preservaci\u00f3 del seu patrimoni natural"},"content":{"rendered":"<p style=\"text-align: center;\"><strong>S&#8217;ha aprovat un plec de condicions per a dur a terme actuacions de conservaci\u00f3 del medi ambient en zones p\u00fabliques de car\u00e0cter forestal<\/strong><\/p>\n<p style=\"text-align: justify;\">El dilluns passat, la Junta de Govern va aprovar un plec a favor de la protecci\u00f3 i conservaci\u00f3 de les zones forestals de Torrent.<\/p>\n<p style=\"text-align: justify;\">Estos treballs forestals, com ara plantacions, obertura de franges auxiliars, control de canyes, labors de tallada, extracci\u00f3, eliminaci\u00f3 de peus secs o malalts, tractaments contra plagues forestals, podes de formaci\u00f3 i manteniment i actuacions en la xarxa de sendes existents, tenen l\u2019objectiu de protegir la massa forestal de la ciutat, ja que des del consistori \u201cvolem mantenir el patrimoni natural de la millor manera possible perqu\u00e8 estiga al servei del ciutad\u00e0\u201d, assenyalava l&#8217;alcalde, Jes\u00fas Ros, en la trobada amb els mitjans de comunicaci\u00f3 que ha tingut lloc este mat\u00ed a l&#8217;Ajuntament de Torrent.<\/p>\n<p style=\"text-align: justify;\">Les actuacions de manteniment derivades d\u2019este plec, que estan valorades en 60.000 euros a l&#8217;any, es duran a terme en les parcel\u00b7les p\u00fabliques de la serra de Perenxisa, el Vedat de Torrent, els llits dels barrancs, les sendes promocionades pel consistori i altres zones p\u00fabliques amb car\u00e0cter forestal.<\/p>\n<p style=\"text-align: justify;\">\u201cEs tracta de protegir la massa forestal amb l\u2019objectiu, d\u2019una banda, d\u2019evitar el comen\u00e7ament d\u2019incendis forestals i, d&#8217;altra, de prevenir qualsevol atac en forma de plaga o malaltia\u201d, explica la regidora de Medi Ambient, Inma Amat. Els recursos naturals renovables de la muntanya s\u2019utilitzaran racionalment per a tota la labor silv\u00edcola, per tal de garantir la persist\u00e8ncia i l\u2019equilibri de la massa forestal. Els t\u00e8cnics municipals de Medi Ambient s\u2019encarreguen de la inspecci\u00f3 t\u00e8cnica dels treballs descrits en el plec.<\/p>\n","protected":false},"excerpt":{"rendered":"<p>S&#8217;ha aprovat un plec de condicions per a dur a terme actuacions de conservaci\u00f3 del medi ambient en zones p\u00fabliques de car\u00e0cter forestal El dilluns passat, la Junta de Govern va aprovar un plec a favor de la protecci\u00f3 i conservaci\u00f3 de les zones forestals de Torrent. Estos treballs forestals, com ara plantacions, obertura de [&hellip;]<\/p>\n","protected":false},"author":13,"featured_media":1137,"comment_status":"open","ping_status":"open","sticky":false,"template":"","format":"standard","meta":{"_acf_changed":false,"footnotes":""},"categories":[119,116],"tags":[],"class_list":["post-8648","post","type-post","status-publish","format-standard","has-post-thumbnail","hentry","category-medi-ambient","category-noticies"],"acf":[],"_links":{"self":[{"href":"https:\/\/infotorrent.es\/ca\/wp-json\/wp\/v2\/posts\/8648","targetHints":{"allow":["GET"]}}],"collection":[{"href":"https:\/\/infotorrent.es\/ca\/wp-json\/wp\/v2\/posts"}],"about":[{"href":"https:\/\/infotorrent.es\/ca\/wp-json\/wp\/v2\/types\/post"}],"author":[{"embeddable":true,"href":"https:\/\/infotorrent.es\/ca\/wp-json\/wp\/v2\/users\/13"}],"replies":[{"embeddable":true,"href":"https:\/\/infotorrent.es\/ca\/wp-json\/wp\/v2\/comments?post=8648"}],"version-history":[{"count":0,"href":"https:\/\/infotorrent.es\/ca\/wp-json\/wp\/v2\/posts\/8648\/revisions"}],"wp:featuredmedia":[{"embeddable":true,"href":"https:\/\/infotorrent.es\/ca\/wp-json\/wp\/v2\/media\/1137"}],"wp:attachment":[{"href":"https:\/\/infotorrent.es\/ca\/wp-json\/wp\/v2\/media?parent=8648"}],"wp:term":[{"taxonomy":"category","embeddable":true,"href":"https:\/\/infotorrent.es\/ca\/wp-json\/wp\/v2\/categories?post=8648"},{"taxonomy":"post_tag","embeddable":true,"href":"https:\/\/infotorrent.es\/ca\/wp-json\/wp\/v2\/tags?post=8648"}],"curies":[{"name":"wp","href":"https:\/\/api.w.org\/{rel}","templated":true}]}}