{"id":8645,"date":"2017-05-30T08:59:19","date_gmt":"2017-05-30T08:59:19","guid":{"rendered":"https:\/\/infotorrent.es\/uncategorized\/lassociacio-bulgara-santa-sofia-de-llevant-celebra-un-concert-cultural-a-torrent\/"},"modified":"2017-05-30T08:59:19","modified_gmt":"2017-05-30T08:59:19","slug":"lassociacio-bulgara-santa-sofia-de-llevant-celebra-un-concert-cultural-a-torrent","status":"publish","type":"post","link":"https:\/\/infotorrent.es\/ca\/noticies\/lassociacio-bulgara-santa-sofia-de-llevant-celebra-un-concert-cultural-a-torrent\/","title":{"rendered":"L&#8217;associaci\u00f3 b\u00falgara Santa Sofia de Llevant celebra un concert cultural a Torrent"},"content":{"rendered":"<p style=\"text-align: justify;\">El mat\u00ed de diumenge, la sala d&#8217;actes de l&#8217;Ajuntament de Torrent va acollir el concert cultural organitzat per l\u2019associaci\u00f3 b\u00falgara Santa Sofia de Llevant en honor al Dia de l&#8217;Alfabet Cir\u00edl\u00b7lic i la Cultura B\u00falgara. Els participants en esta cita cultural foren l\u2019escola b\u00falgara Hristo\u00a0Botev de Torrent i Alzira, la formaci\u00f3\u00a0folkl\u00f2rica b\u00falgara Edelweeis de Torrent i l&#8217;associaci\u00f3 cultural russa Estel del Nord.<\/p>\n<p style=\"text-align: justify;\">A l\u2019acte hi va assistir regidor de Benestar Social, Francesc Carbonell, acompanyat per gran part de l\u2019equip de govern. La vestimenta tradicional i la m\u00fasica van ser les protagonistes de la gala, que va acostar, de forma l\u00fadica, esta cultura a tots aquells ve\u00efns i ve\u00efnes que no van voler perdre&#8217;s l\u2019espectacle musical.<\/p>\n","protected":false},"excerpt":{"rendered":"<p>El mat\u00ed de diumenge, la sala d&#8217;actes de l&#8217;Ajuntament de Torrent va acollir el concert cultural organitzat per l\u2019associaci\u00f3 b\u00falgara Santa Sofia de Llevant en honor al Dia de l&#8217;Alfabet Cir\u00edl\u00b7lic i la Cultura B\u00falgara. Els participants en esta cita cultural foren l\u2019escola b\u00falgara Hristo\u00a0Botev de Torrent i Alzira, la formaci\u00f3\u00a0folkl\u00f2rica b\u00falgara Edelweeis de Torrent [&hellip;]<\/p>\n","protected":false},"author":13,"featured_media":1137,"comment_status":"open","ping_status":"open","sticky":false,"template":"","format":"standard","meta":{"_acf_changed":false,"footnotes":""},"categories":[126,116],"tags":[],"class_list":["post-8645","post","type-post","status-publish","format-standard","has-post-thumbnail","hentry","category-cultura-es-2","category-noticies"],"acf":[],"_links":{"self":[{"href":"https:\/\/infotorrent.es\/ca\/wp-json\/wp\/v2\/posts\/8645","targetHints":{"allow":["GET"]}}],"collection":[{"href":"https:\/\/infotorrent.es\/ca\/wp-json\/wp\/v2\/posts"}],"about":[{"href":"https:\/\/infotorrent.es\/ca\/wp-json\/wp\/v2\/types\/post"}],"author":[{"embeddable":true,"href":"https:\/\/infotorrent.es\/ca\/wp-json\/wp\/v2\/users\/13"}],"replies":[{"embeddable":true,"href":"https:\/\/infotorrent.es\/ca\/wp-json\/wp\/v2\/comments?post=8645"}],"version-history":[{"count":0,"href":"https:\/\/infotorrent.es\/ca\/wp-json\/wp\/v2\/posts\/8645\/revisions"}],"wp:featuredmedia":[{"embeddable":true,"href":"https:\/\/infotorrent.es\/ca\/wp-json\/wp\/v2\/media\/1137"}],"wp:attachment":[{"href":"https:\/\/infotorrent.es\/ca\/wp-json\/wp\/v2\/media?parent=8645"}],"wp:term":[{"taxonomy":"category","embeddable":true,"href":"https:\/\/infotorrent.es\/ca\/wp-json\/wp\/v2\/categories?post=8645"},{"taxonomy":"post_tag","embeddable":true,"href":"https:\/\/infotorrent.es\/ca\/wp-json\/wp\/v2\/tags?post=8645"}],"curies":[{"name":"wp","href":"https:\/\/api.w.org\/{rel}","templated":true}]}}