{"id":86414,"date":"2025-09-29T18:54:45","date_gmt":"2025-09-29T16:54:45","guid":{"rendered":"https:\/\/infotorrent.es\/?p=86414"},"modified":"2025-09-29T18:56:59","modified_gmt":"2025-09-29T16:56:59","slug":"torrent-celebra-la-segona-sessio-del-cecopal-en-el-dia-de-hui-i-prorroga-les-mesures-preventives-davant-levolucio-meteorologica","status":"publish","type":"post","link":"https:\/\/infotorrent.es\/ca\/ayuntamiento-de-torrent-ca\/torrent-celebra-la-segona-sessio-del-cecopal-en-el-dia-de-hui-i-prorroga-les-mesures-preventives-davant-levolucio-meteorologica\/","title":{"rendered":"Torrent celebra la segona sessi\u00f3 del CECOPAL, en el dia de hui, i prorroga les mesures preventives davant l&#8217;evoluci\u00f3 meteorol\u00f2gica"},"content":{"rendered":"\n<h4 class=\"wp-block-heading\"><strong>Els cossos i forces de seguretat, conjuntament amb l&#8217;Ajuntament i altres administracions, reforcen la seua coordinaci\u00f3 i dispositius de prevenci\u00f3 per a garantir la seguretat ciutadana davant l&#8217;alerta meteorol\u00f2gica a Torrent<\/strong><\/h4>\n\n\n\n<h4 class=\"wp-block-heading\"><strong>\u00a0\u00a0\u00a0\u00a0\u00a0\u00a0Amparo Folgado: \u201cLa prevenci\u00f3 \u00e9s la millor garantia per a protegir els torrentinos\u201d<\/strong><\/h4>\n\n\n\n<p>L&#8217;Ajuntament de Torrent ha celebrat en la vesprada de hui, a les 18.00 hores, la segona sessi\u00f3 del Centre de Coordinaci\u00f3 Operativa Municipal (CECOPAL), presidida per l&#8217;alcaldessa Amparo Folgado, amb l&#8217;objectiu d&#8217;analitzar l&#8217;evoluci\u00f3 de la situaci\u00f3 meteorol\u00f2gica i adoptar noves mesures preventives de protecci\u00f3 a la ciutadania.<\/p>\n\n\n\n<p>Han assistit els membres de l&#8217;equip de govern, els dos secretaris generals de l&#8217;ajuntament, Ple i Administraci\u00f3 i l&#8217;assessora jur\u00eddica de l&#8217;ajuntament, al costat de t\u00e8cnics municipals d&#8217;urbanisme, Policia Local, Policia Nacional, Protecci\u00f3 Civil, Creu Roja, Aig\u00fces de l&#8217;Horta.<\/p>\n\n\n\n<p>Durant la reuni\u00f3, es va posar de manifest que les previsions apunten a un increment de la intensitat de les pluges al llarg de la nit, concentrant-se especialment a partir de les 21 hores en la zona del Golf de Val\u00e8ncia. Davant esta circumst\u00e0ncia, el consistori ha decidit prorrogar un dia m\u00e9s les mesures ja decretades en la jornada anterior per al dia de hui, consistents en la suspensi\u00f3 de les classes, activitats municipals i el tancament de centres p\u00fablics, aix\u00ed com l&#8217;habilitaci\u00f3 del teletreball per al personal funcionari.<\/p>\n\n\n\n<p><strong>Coordinaci\u00f3 institucional i seguiment de la situaci\u00f3<\/strong><\/p>\n\n\n\n<p>Els cossos de seguretat van informar que, de moment, la situaci\u00f3 a Torrent es mant\u00e9 dins de la normalitat: no s&#8217;han registrat incid\u00e8ncies greus, els vials presenten bon drenatge i no s&#8217;aprecien acumulacions d&#8217;aigua significatives.<\/p>\n\n\n\n<p>No obstant aix\u00f2, s&#8217;han refor\u00e7at els torns d&#8217;atenci\u00f3 a la ciutadania i es realitzen passades de control, ininterrompudament, en punts sensibles com el barranc, la zona de Maestro Fortea, control a Pont Blau i les zones inundables i passos, on sempre existix risc que algun vehicle quede atrapat.<\/p>\n\n\n\n<p><strong>Mesures de prevenci\u00f3 i teletreball<\/strong><\/p>\n\n\n\n<p>En la sessi\u00f3 es va coincidir en la conveni\u00e8ncia de*mantindre i prorrogar les mesures preventives. L&#8217;alcaldessa va recordar que Torrent disposa de la infraestructura tecnol\u00f2gica necess\u00e0ria per al teletreball, utilitzada amb \u00e8xit durant la pand\u00e8mia i en episodis anteriors com la Dana, la qual cosa permet garantir el funcionament dels servicis municipals amb seguretat i efic\u00e0cia.<\/p>\n\n\n\n<p><strong>\u201cDavant una situaci\u00f3 incerta i canviant, la l\u00f2gica i el sentit com\u00fa dicten que el propi \u00e9s mantindre les mesures preventives. El fonamental \u00e9s protegir els torrentinos i estar preparats per a qualsevol escenari que es puga donar al llarg de la nit\u201d<\/strong>, va assenyalar l&#8217;alcaldessa.<\/p>\n\n\n\n<p><strong>Informaci\u00f3 a la comunitat educativa<\/strong><\/p>\n\n\n\n<p>L&#8217;Ajuntament de Torrent ha traslladat immediatament la decisi\u00f3 de prorrogar la suspensi\u00f3 de les classes a tots els centres educatius de la ciutat.<\/p>\n\n\n\n<p><strong>Comunicaci\u00f3 amb organismes superiors<\/strong><\/p>\n\n\n\n<p>L&#8217;Ajuntament traslladar\u00e0 immediatament l&#8217;acord, a trav\u00e9s d&#8217;un decret de pr\u00f2rroga, adoptat al CECOPI (Centre de Coordinaci\u00f3 Operativa Integrada), igual que ja es va fer en la jornada anterior, mantenint aix\u00ed la m\u00e0xima coordinaci\u00f3 amb la Generalitat Valenciana i la resta d&#8217;administracions.<\/p>\n\n\n\n<p><strong>Crida a la prud\u00e8ncia<\/strong><\/p>\n\n\n\n<p>Finalment, l&#8217;alcaldessa Amparo Folgado va realitzar una crida a la prud\u00e8ncia de tota la ciutadania, instant a evitar despla\u00e7aments innecessaris durant les pr\u00f2ximes hores i a seguir en tot moment les indicacions dels canals oficials de l&#8217;Ajuntament de Torrent.<\/p>\n\n\n\n<p><strong>\u201cGr\u00e0cies a la coordinaci\u00f3 de totes les forces i cossos de seguretat, a la professionalitat dels servicis municipals i a la responsabilitat ciutadana, a Torrent continuem treballant per a afrontar qualsevol eventualitat. Demanem a tots els ve\u00efns que romanguen atents a la informaci\u00f3 oficial i extremen les precaucions\u201d<\/strong>, va concloure.<\/p>\n\n\n\n<figure class=\"wp-block-gallery has-nested-images columns-default is-cropped wp-block-gallery-1 is-layout-flex wp-block-gallery-is-layout-flex\">\n<figure class=\"wp-block-image size-large\"><img fetchpriority=\"high\" decoding=\"async\" width=\"1024\" height=\"682\" data-id=\"86411\" src=\"https:\/\/infotorrent.es\/wp-content\/uploads\/2025\/09\/2-12-1-1024x682.jpg\" alt=\"\" class=\"wp-image-86411\" srcset=\"https:\/\/infotorrent.es\/wp-content\/uploads\/2025\/09\/2-12-1-1024x682.jpg 1024w, https:\/\/infotorrent.es\/wp-content\/uploads\/2025\/09\/2-12-1-300x200.jpg 300w, https:\/\/infotorrent.es\/wp-content\/uploads\/2025\/09\/2-12-1-768x512.jpg 768w, https:\/\/infotorrent.es\/wp-content\/uploads\/2025\/09\/2-12-1-1536x1023.jpg 1536w, https:\/\/infotorrent.es\/wp-content\/uploads\/2025\/09\/2-12-1.jpg 1600w\" sizes=\"(max-width: 1024px) 100vw, 1024px\" \/><\/figure>\n\n\n\n<figure class=\"wp-block-image size-large\"><img decoding=\"async\" width=\"1024\" height=\"682\" data-id=\"86409\" src=\"https:\/\/infotorrent.es\/wp-content\/uploads\/2025\/09\/1-11-1-1024x682.jpg\" alt=\"\" class=\"wp-image-86409\" srcset=\"https:\/\/infotorrent.es\/wp-content\/uploads\/2025\/09\/1-11-1-1024x682.jpg 1024w, https:\/\/infotorrent.es\/wp-content\/uploads\/2025\/09\/1-11-1-300x200.jpg 300w, https:\/\/infotorrent.es\/wp-content\/uploads\/2025\/09\/1-11-1-768x512.jpg 768w, https:\/\/infotorrent.es\/wp-content\/uploads\/2025\/09\/1-11-1-1536x1023.jpg 1536w, https:\/\/infotorrent.es\/wp-content\/uploads\/2025\/09\/1-11-1.jpg 1600w\" sizes=\"(max-width: 1024px) 100vw, 1024px\" \/><\/figure>\n\n\n\n<figure class=\"wp-block-image size-large\"><img decoding=\"async\" width=\"1024\" height=\"682\" data-id=\"86407\" src=\"https:\/\/infotorrent.es\/wp-content\/uploads\/2025\/09\/5-3-1-1024x682.jpg\" alt=\"\" class=\"wp-image-86407\" srcset=\"https:\/\/infotorrent.es\/wp-content\/uploads\/2025\/09\/5-3-1-1024x682.jpg 1024w, https:\/\/infotorrent.es\/wp-content\/uploads\/2025\/09\/5-3-1-300x200.jpg 300w, https:\/\/infotorrent.es\/wp-content\/uploads\/2025\/09\/5-3-1-768x512.jpg 768w, https:\/\/infotorrent.es\/wp-content\/uploads\/2025\/09\/5-3-1-1536x1023.jpg 1536w, https:\/\/infotorrent.es\/wp-content\/uploads\/2025\/09\/5-3-1.jpg 1600w\" sizes=\"(max-width: 1024px) 100vw, 1024px\" \/><\/figure>\n\n\n\n<figure class=\"wp-block-image size-large\"><img loading=\"lazy\" decoding=\"async\" width=\"1024\" height=\"682\" data-id=\"86405\" src=\"https:\/\/infotorrent.es\/wp-content\/uploads\/2025\/09\/4-7-1-1024x682.jpg\" alt=\"\" class=\"wp-image-86405\" srcset=\"https:\/\/infotorrent.es\/wp-content\/uploads\/2025\/09\/4-7-1-1024x682.jpg 1024w, https:\/\/infotorrent.es\/wp-content\/uploads\/2025\/09\/4-7-1-300x200.jpg 300w, https:\/\/infotorrent.es\/wp-content\/uploads\/2025\/09\/4-7-1-768x512.jpg 768w, https:\/\/infotorrent.es\/wp-content\/uploads\/2025\/09\/4-7-1-1536x1023.jpg 1536w, https:\/\/infotorrent.es\/wp-content\/uploads\/2025\/09\/4-7-1.jpg 1600w\" sizes=\"(max-width: 1024px) 100vw, 1024px\" \/><\/figure>\n<\/figure>\n","protected":false},"excerpt":{"rendered":"<p>Els cossos i forces de seguretat, conjuntament amb l&#8217;Ajuntament i altres administracions, reforcen la seua coordinaci\u00f3 i dispositius de prevenci\u00f3 per a garantir la seguretat ciutadana davant l&#8217;alerta meteorol\u00f2gica a Torrent \u00a0\u00a0\u00a0\u00a0\u00a0\u00a0Amparo Folgado: \u201cLa prevenci\u00f3 \u00e9s la millor garantia per a protegir els torrentinos\u201d L&#8217;Ajuntament de Torrent ha celebrat en la vesprada de hui, a [&hellip;]<\/p>\n","protected":false},"author":22,"featured_media":86405,"comment_status":"open","ping_status":"open","sticky":false,"template":"","format":"standard","meta":{"_acf_changed":false,"footnotes":""},"categories":[1190,1217],"tags":[],"class_list":["post-86414","post","type-post","status-publish","format-standard","has-post-thumbnail","hentry","category-ayuntamiento-de-torrent-ca","category-dana-ca"],"acf":[],"_links":{"self":[{"href":"https:\/\/infotorrent.es\/ca\/wp-json\/wp\/v2\/posts\/86414","targetHints":{"allow":["GET"]}}],"collection":[{"href":"https:\/\/infotorrent.es\/ca\/wp-json\/wp\/v2\/posts"}],"about":[{"href":"https:\/\/infotorrent.es\/ca\/wp-json\/wp\/v2\/types\/post"}],"author":[{"embeddable":true,"href":"https:\/\/infotorrent.es\/ca\/wp-json\/wp\/v2\/users\/22"}],"replies":[{"embeddable":true,"href":"https:\/\/infotorrent.es\/ca\/wp-json\/wp\/v2\/comments?post=86414"}],"version-history":[{"count":1,"href":"https:\/\/infotorrent.es\/ca\/wp-json\/wp\/v2\/posts\/86414\/revisions"}],"predecessor-version":[{"id":86416,"href":"https:\/\/infotorrent.es\/ca\/wp-json\/wp\/v2\/posts\/86414\/revisions\/86416"}],"wp:featuredmedia":[{"embeddable":true,"href":"https:\/\/infotorrent.es\/ca\/wp-json\/wp\/v2\/media\/86405"}],"wp:attachment":[{"href":"https:\/\/infotorrent.es\/ca\/wp-json\/wp\/v2\/media?parent=86414"}],"wp:term":[{"taxonomy":"category","embeddable":true,"href":"https:\/\/infotorrent.es\/ca\/wp-json\/wp\/v2\/categories?post=86414"},{"taxonomy":"post_tag","embeddable":true,"href":"https:\/\/infotorrent.es\/ca\/wp-json\/wp\/v2\/tags?post=86414"}],"curies":[{"name":"wp","href":"https:\/\/api.w.org\/{rel}","templated":true}]}}