{"id":8624,"date":"2017-05-17T07:48:23","date_gmt":"2017-05-17T07:48:23","guid":{"rendered":"https:\/\/infotorrent.es\/uncategorized\/el-ple-de-lajuntament-de-torrent-aprova-la-mocio-pel-tancament-de-la-central-nuclear-de-cofrents\/"},"modified":"2017-05-17T07:48:23","modified_gmt":"2017-05-17T07:48:23","slug":"el-ple-de-lajuntament-de-torrent-aprova-la-mocio-pel-tancament-de-la-central-nuclear-de-cofrents","status":"publish","type":"post","link":"https:\/\/infotorrent.es\/ca\/noticies\/el-ple-de-lajuntament-de-torrent-aprova-la-mocio-pel-tancament-de-la-central-nuclear-de-cofrents\/","title":{"rendered":"El Ple de l&#8217;Ajuntament de Torrent aprova la moci\u00f3 pel tancament de la central nuclear de Cofrents"},"content":{"rendered":"<p style=\"text-align: justify;\">En la sessi\u00f3 plen\u00e0ria celebrada el 4 de maig passat, el Ple del consistori torrent\u00ed va aprovar amb 14 vots a favor i 11 vots en contra la moci\u00f3 del grup municipal Comprom\u00eds \u201cPel tancament de la central nuclear de Cofrents\u201d. A m\u00e9s, s\u2019instar\u00e0 el govern valenci\u00e0 a finalitzar l\u2019actual pr\u00f2rroga de funcionament quan esta acabe en 2021, i a iniciar un pla d\u2019efici\u00e8ncia, estalvi i energies renovables. Tamb\u00e9 es sol\u00b7licita que no s&#8217;autoritze la construcci\u00f3 de l\u2019emmagatzematge temporal individualitzat de residus radioactius i que es modifique el marc normatiu que ha paralitzat la implantaci\u00f3 d\u2019energies renovables.<\/p>\n","protected":false},"excerpt":{"rendered":"<p>En la sessi\u00f3 plen\u00e0ria celebrada el 4 de maig passat, el Ple del consistori torrent\u00ed va aprovar amb 14 vots a favor i 11 vots en contra la moci\u00f3 del grup municipal Comprom\u00eds \u201cPel tancament de la central nuclear de Cofrents\u201d. A m\u00e9s, s\u2019instar\u00e0 el govern valenci\u00e0 a finalitzar l\u2019actual pr\u00f2rroga de funcionament quan esta [&hellip;]<\/p>\n","protected":false},"author":4,"featured_media":1137,"comment_status":"open","ping_status":"open","sticky":false,"template":"","format":"standard","meta":{"_acf_changed":false,"footnotes":""},"categories":[119,116],"tags":[],"class_list":["post-8624","post","type-post","status-publish","format-standard","has-post-thumbnail","hentry","category-medi-ambient","category-noticies"],"acf":[],"_links":{"self":[{"href":"https:\/\/infotorrent.es\/ca\/wp-json\/wp\/v2\/posts\/8624","targetHints":{"allow":["GET"]}}],"collection":[{"href":"https:\/\/infotorrent.es\/ca\/wp-json\/wp\/v2\/posts"}],"about":[{"href":"https:\/\/infotorrent.es\/ca\/wp-json\/wp\/v2\/types\/post"}],"author":[{"embeddable":true,"href":"https:\/\/infotorrent.es\/ca\/wp-json\/wp\/v2\/users\/4"}],"replies":[{"embeddable":true,"href":"https:\/\/infotorrent.es\/ca\/wp-json\/wp\/v2\/comments?post=8624"}],"version-history":[{"count":0,"href":"https:\/\/infotorrent.es\/ca\/wp-json\/wp\/v2\/posts\/8624\/revisions"}],"wp:featuredmedia":[{"embeddable":true,"href":"https:\/\/infotorrent.es\/ca\/wp-json\/wp\/v2\/media\/1137"}],"wp:attachment":[{"href":"https:\/\/infotorrent.es\/ca\/wp-json\/wp\/v2\/media?parent=8624"}],"wp:term":[{"taxonomy":"category","embeddable":true,"href":"https:\/\/infotorrent.es\/ca\/wp-json\/wp\/v2\/categories?post=8624"},{"taxonomy":"post_tag","embeddable":true,"href":"https:\/\/infotorrent.es\/ca\/wp-json\/wp\/v2\/tags?post=8624"}],"curies":[{"name":"wp","href":"https:\/\/api.w.org\/{rel}","templated":true}]}}