{"id":86183,"date":"2025-09-25T11:44:12","date_gmt":"2025-09-25T09:44:12","guid":{"rendered":"https:\/\/infotorrent.es\/?p=86183"},"modified":"2025-09-25T11:50:05","modified_gmt":"2025-09-25T09:50:05","slug":"torrent-viura-el-seu-primer-tardeo-remember-el-dissabte-4-doctubre-una-cita-musical-que-unira-generacions-al-ritme-dels-90-i-2000","status":"publish","type":"post","link":"https:\/\/infotorrent.es\/ca\/cultura-es-2\/torrent-viura-el-seu-primer-tardeo-remember-el-dissabte-4-doctubre-una-cita-musical-que-unira-generacions-al-ritme-dels-90-i-2000\/","title":{"rendered":"Torrent viur\u00e0 el seu primer \u201cTardeo Remember\u201d el dissabte 4 d\u2019octubre: una cita musical que unir\u00e0 generacions al ritme dels 90 i 2000"},"content":{"rendered":"\n<p><strong>El recinte de l\u2019\u00c0gora es transformar\u00e0 en un espai de m\u00fasica, nost\u00e0lgia i diversi\u00f3 amb un cartell de DJs de primer nivell i serveis pensats per a tota la familia<\/strong><\/p>\n\n\n\n<p>Torrent es prepara per a viure per primera vegada l\u2019aut\u00e8ntic i original Tardeo Remember, un esdeveniment que ja \u00e9s tot un fenomen a la Comunitat Valenciana i que se celebrar\u00e0 el dissabte 4 d\u2019octubre de 2025, a partir de les 17.00 hores, al recinte de l\u2019\u00c0gora, al costat del Parc Central.<\/p>\n\n\n\n<p>La proposta reunir\u00e0 amants de la m\u00fasica remember i dels grans \u00e8xits dels anys 90 i 2000, convertint Torrent en l\u2019epicentre d\u2019una experi\u00e8ncia que combina nost\u00e0lgia, diversi\u00f3 i ambient familiar. Es tracta d\u2019una cita dissenyada perqu\u00e8 diferents generacions compartisquen una mateixa passi\u00f3: reviure els himnes que marcaren una \u00e8poca i crear nous records en companyia d\u2019amics i familiars.<\/p>\n\n\n\n<p>El cartell art\u00edstic confirma la magnitud d\u2019esta primera edici\u00f3: <strong>V\u00edctor P\u00e9rez<\/strong> (The Face \/ Sonido de Valencia), <strong>Vicente Ferrer <\/strong>(Bananas \/ Homenaje a la Ruta), <strong>Arturo Roger<\/strong> (A.C.T.V.), <strong>Coqui Selection<\/strong> (The Face), <strong>Inma Eyes<\/strong> (Dona Festival \/ ProDj), <strong>Jes\u00fas Brisa<\/strong> (Espiral) i <strong>Sergi Val<\/strong> (Remember de Les Arts). Les seues sessions oferiran un recorregut musical vibrant i ple d\u2019energia que far\u00e0 cantar i ballar a tots els assistents.<\/p>\n\n\n\n<p>Per a garantir el m\u00e0xim gaudi, el recinte de l\u2019\u00c0gora es transformar\u00e0 en un espai amb so professional, il\u00b7luminaci\u00f3 d\u2019\u00faltima generaci\u00f3, muntatge t\u00e8cnic de gran format i zona gastron\u00f2mica, de manera que el p\u00fablic puga sopar sense perdre\u2019s cap de les actuacions.<\/p>\n\n\n\n<p>L\u2019acc\u00e9s ser\u00e0 c\u00f2mode i sostenible gr\u00e0cies a la seua proximitat a les estacions de MetroValencia de Torrent i Torrent Avinguda (l\u00ednies 1, 2 i 7), aix\u00ed com a la l\u00ednia Verda de TorrentBus, amb parada a Parc Central. Tamb\u00e9 hi haur\u00e0 zona d\u2019aparcament i parada de taxis a les immediacions. Es recomana utilitzar transport p\u00fablic o compartir vehicle per a facilitar la mobilitat i reduir el tr\u00e0nsit.<\/p>\n\n\n\n<p>Les entrades estan disponibles en <a href=\"https:\/\/www.enterticket.es\/eventos\/tardeo-rememberr-torrent-904664\" target=\"_blank\" rel=\"noopener\">https:\/\/www.enterticket.es\/eventos\/tardeo-rememberr-torrent-904664<\/a> , amb preus redu\u00efts per a la compra anticipada.<\/p>\n\n\n\n<p>Amb esta primer edici\u00f3, Torrent se suma a la llista de ciutats on el Tardeo Remember s\u2019ha consolidat com un \u00e8xit rotund, refor\u00e7ant la seua posici\u00f3 com a dest\u00ed clau per a la cultura, l\u2019entreteniment i la m\u00fasica en directe a la Comunitat Valenciana.<\/p>\n\n\n\n<figure class=\"wp-block-image size-large\"><img fetchpriority=\"high\" decoding=\"async\" width=\"1024\" height=\"684\" src=\"https:\/\/infotorrent.es\/wp-content\/uploads\/2025\/09\/Para-NP-Imagen-1-Torrent-1024x684.jpg\" alt=\"\" class=\"wp-image-86180\" srcset=\"https:\/\/infotorrent.es\/wp-content\/uploads\/2025\/09\/Para-NP-Imagen-1-Torrent-1024x684.jpg 1024w, https:\/\/infotorrent.es\/wp-content\/uploads\/2025\/09\/Para-NP-Imagen-1-Torrent-300x200.jpg 300w, https:\/\/infotorrent.es\/wp-content\/uploads\/2025\/09\/Para-NP-Imagen-1-Torrent-768x513.jpg 768w, https:\/\/infotorrent.es\/wp-content\/uploads\/2025\/09\/Para-NP-Imagen-1-Torrent-1536x1026.jpg 1536w, https:\/\/infotorrent.es\/wp-content\/uploads\/2025\/09\/Para-NP-Imagen-1-Torrent-2048x1368.jpg 2048w\" sizes=\"(max-width: 1024px) 100vw, 1024px\" \/><\/figure>\n\n\n\n<figure class=\"wp-block-image size-large\"><img decoding=\"async\" width=\"819\" height=\"1024\" src=\"https:\/\/infotorrent.es\/wp-content\/uploads\/2025\/09\/CARTEL-TardeoRemember_4oct_Torrent-v4-1-819x1024.jpg\" alt=\"\" class=\"wp-image-86184\" srcset=\"https:\/\/infotorrent.es\/wp-content\/uploads\/2025\/09\/CARTEL-TardeoRemember_4oct_Torrent-v4-1-819x1024.jpg 819w, https:\/\/infotorrent.es\/wp-content\/uploads\/2025\/09\/CARTEL-TardeoRemember_4oct_Torrent-v4-1-240x300.jpg 240w, https:\/\/infotorrent.es\/wp-content\/uploads\/2025\/09\/CARTEL-TardeoRemember_4oct_Torrent-v4-1-768x960.jpg 768w, https:\/\/infotorrent.es\/wp-content\/uploads\/2025\/09\/CARTEL-TardeoRemember_4oct_Torrent-v4-1.jpg 1080w\" sizes=\"(max-width: 819px) 100vw, 819px\" \/><\/figure>\n","protected":false},"excerpt":{"rendered":"<p>El recinte de l\u2019\u00c0gora es transformar\u00e0 en un espai de m\u00fasica, nost\u00e0lgia i diversi\u00f3 amb un cartell de DJs de primer nivell i serveis pensats per a tota la familia Torrent es prepara per a viure per primera vegada l\u2019aut\u00e8ntic i original Tardeo Remember, un esdeveniment que ja \u00e9s tot un fenomen a la Comunitat [&hellip;]<\/p>\n","protected":false},"author":21,"featured_media":86180,"comment_status":"open","ping_status":"open","sticky":false,"template":"","format":"standard","meta":{"_acf_changed":false,"footnotes":""},"categories":[141,126,156],"tags":[],"class_list":["post-86183","post","type-post","status-publish","format-standard","has-post-thumbnail","hentry","category-alcaldia-2","category-cultura-es-2","category-festes-i-tradicions-2"],"acf":[],"_links":{"self":[{"href":"https:\/\/infotorrent.es\/ca\/wp-json\/wp\/v2\/posts\/86183","targetHints":{"allow":["GET"]}}],"collection":[{"href":"https:\/\/infotorrent.es\/ca\/wp-json\/wp\/v2\/posts"}],"about":[{"href":"https:\/\/infotorrent.es\/ca\/wp-json\/wp\/v2\/types\/post"}],"author":[{"embeddable":true,"href":"https:\/\/infotorrent.es\/ca\/wp-json\/wp\/v2\/users\/21"}],"replies":[{"embeddable":true,"href":"https:\/\/infotorrent.es\/ca\/wp-json\/wp\/v2\/comments?post=86183"}],"version-history":[{"count":1,"href":"https:\/\/infotorrent.es\/ca\/wp-json\/wp\/v2\/posts\/86183\/revisions"}],"predecessor-version":[{"id":86187,"href":"https:\/\/infotorrent.es\/ca\/wp-json\/wp\/v2\/posts\/86183\/revisions\/86187"}],"wp:featuredmedia":[{"embeddable":true,"href":"https:\/\/infotorrent.es\/ca\/wp-json\/wp\/v2\/media\/86180"}],"wp:attachment":[{"href":"https:\/\/infotorrent.es\/ca\/wp-json\/wp\/v2\/media?parent=86183"}],"wp:term":[{"taxonomy":"category","embeddable":true,"href":"https:\/\/infotorrent.es\/ca\/wp-json\/wp\/v2\/categories?post=86183"},{"taxonomy":"post_tag","embeddable":true,"href":"https:\/\/infotorrent.es\/ca\/wp-json\/wp\/v2\/tags?post=86183"}],"curies":[{"name":"wp","href":"https:\/\/api.w.org\/{rel}","templated":true}]}}