{"id":86174,"date":"2025-09-25T10:17:35","date_gmt":"2025-09-25T08:17:35","guid":{"rendered":"https:\/\/infotorrent.es\/?p=86174"},"modified":"2025-09-25T10:23:11","modified_gmt":"2025-09-25T08:23:11","slug":"torrent-acull-lexposicio-aniversari-de-la-mili-254-anys-de-la-seua-implantacio-i-24-anys-de-la-seua-suspensio","status":"publish","type":"post","link":"https:\/\/infotorrent.es\/ca\/cultura-es-2\/torrent-acull-lexposicio-aniversari-de-la-mili-254-anys-de-la-seua-implantacio-i-24-anys-de-la-seua-suspensio\/","title":{"rendered":"Torrent acull l\u2019exposici\u00f3 \u201cAniversari de la Mili: 254 anys de la seua implantaci\u00f3 i 24 anys de la seua suspensi\u00f3\u201d"},"content":{"rendered":"\n<p><strong>Del 2 al 22 d\u2019octubre, la Sala C\u00edvica acollir\u00e0 la mostra itinerant \u201cEl Servei Militar a Espanya: 230 anys d\u2019hist\u00f2ria\u201d, organitzada pel Ministeri de Defensa i la Subdelegaci\u00f3 de Defensa a Val\u00e8ncia, amb la col\u00b7laboraci\u00f3 de l\u2019Ajuntament de Torrent<\/strong><\/p>\n\n\n\n<p>El pr\u00f2xim 2 d\u2019octubre obrir\u00e0 les seues portes en la Sala C\u00edvica de l\u2019Antic Mercat de Torrent l\u2019exposici\u00f3 \u201cAniversari de la Mili: 254 anys de la seua implantaci\u00f3 i 24 anys de la seua suspensi\u00f3\u201d, una mostra itinerant del Ministeri de Defensa, organitzada per la Subdelegaci\u00f3 de Defensa de Val\u00e8ncia amb la col\u00b7laboraci\u00f3 de l\u2019Ajuntament de Torrent. La proposta ofereix un ampli recorregut hist\u00f2ric que abasta des de la Reial Ordre de 1770, que va instaurar el sorteig anual de reclutament, fins a la suspensi\u00f3 del servei militar obligatori en 2001.<\/p>\n\n\n\n<p><strong>Un recorregut per la hist\u00f2ria de la mili<\/strong><\/p>\n\n\n\n<p>L\u2019exposici\u00f3 convida a comprendre com el reclutament obligatori va marcar la vida de milions de joves espanyols i de les seues fam\u00edlies. A trav\u00e9s d\u2019una acurada selecci\u00f3 de documents, objectes i panells explicatius, el p\u00fablic descobrir\u00e0 l\u2019evoluci\u00f3 de les quintes i lleves del segle XVIII, les successives reformes que van modificar la durada del servei, les exempcions per estudis o per ser sosteniment familiar, i les profundes difer\u00e8ncies socials que va generar l\u2019anomenada \u201credempci\u00f3 en met\u00e0l\u00b7lic\u201d. Tamb\u00e9 s\u2019expliquen les distintes f\u00f3rmules de jurament a la bandera, les transformacions dels quarters i campaments \u2014des dels convents desamortitzats fins als Centres d\u2019Instrucci\u00f3 de Reclutes (CIR) de mitjan segle XX\u2014 i el paper clau del servei militar en l\u2019alfabetitzaci\u00f3 de milers de joves.<\/p>\n\n\n\n<p>Entre els materials exposats destaquen impressos d\u2019allistament dels segles XVIII i XIX, llistats de mossos, certificats d\u2019exempci\u00f3 i pr\u00f2rrogues, aix\u00ed com exemplars de la Llei General del Servei Militar de 1968. S\u2019hi exhibeixen tamb\u00e9 uniformes i cal\u00e7at, des de les tradicionals espardenyes valencianes emprades en campanyes colonials fins a les emblem\u00e0tiques botes de tres sivelles, s\u00edmbol per a diverses generacions de reclutes. La vida quotidiana en els quarters es mostra amb recreacions de dormitoris, taquilles i cuines de campanya, utensilis d\u2019higiene i parament de ranxo, racions de previsi\u00f3 dels anys noranta i el m\u00edtic \u201cchusco de pa\u201d que va alimentar els soldats durant d\u00e8cades. Completen la mostra manuals d\u2019instrucci\u00f3, cartilles sanit\u00e0ries, mocadors d\u2019instrucci\u00f3 amb esquemes d\u2019armament i cavalleria, material de sanitat militar, fotografies i maquetes de quarters hist\u00f2rics, a m\u00e9s de seccions dedicades als vaixells escola de l\u2019Armada i a les Mil\u00edcies Universit\u00e0ries, que permetien a estudiants convertir-se en oficials o suboficials.<\/p>\n\n\n\n<p><strong>\u00c8mfasi en la vessant social<\/strong><\/p>\n\n\n\n<p>L\u2019exposici\u00f3 dedica un apartat especial a la vessant social del servei militar: des dels Llogarets del Soldat, que oferien espais d\u2019oci, lectura i projecci\u00f3 cultural, fins a l\u2019evoluci\u00f3 de l\u2019alimentaci\u00f3 militar, que va passar de modests guisats de llegums i cansalada a racions modernes de m\u00e9s de 3.000 calories. Tamb\u00e9 es recorda com l\u2019Ex\u00e8rcit es va avan\u00e7ar a altres administracions en l\u2019educaci\u00f3 d\u2019adults, convertint-se en el principal instrument d\u2019alfabetitzaci\u00f3 del pa\u00eds durant quasi un segle.<\/p>\n\n\n\n<p>L\u2019alcaldessa de Torrent, Amparo Folgado, ha subratllat que <strong>\u00abesta exposici\u00f3 ens permet reviure un cap\u00edtol essencial de la nostra hist\u00f2ria recent. La mili va ser, durant generacions, un ritu de pas que va deixar una empremta inesborrable en milers de fam\u00edlies torrentines. Volem convidar ve\u00efns, ve\u00efnes i visitants a rec\u00f3rrer este itinerari que combina mem\u00f2ria, cultura i una visi\u00f3 social de l\u2019Espanya dels \u00faltims dos segles\u00bb. Per la seua banda, la Subdelegaci\u00f3 de Defensa a Val\u00e8ncia destaca que \u00abla mostra acosta a la ciutadania el paper del servei militar en la construcci\u00f3 de l\u2019Estat modern i en la vida quotidiana de diverses generacions d\u2019espanyols\u00bb.<\/strong><\/p>\n\n\n\n<p><strong>Hora i lloc de l\u2019exposici\u00f3<\/strong><\/p>\n\n\n\n<p>L\u2019exposici\u00f3 \u201cAniversari de la Mili: 254 anys de la seua implantaci\u00f3 i 24 anys de la seua suspensi\u00f3\u201d romandr\u00e0 oberta en la Sala C\u00edvica de l\u2019Antic Mercat de Torrent a partir del 2 d\u2019octubre i es podr\u00e0 visitar fins al 22 d\u2019octubre amb entrada gratu\u00efta. La mostra estar\u00e0 oberta tots els matins de dilluns a dissabte, de 10.00 a 14.00 hores, i els dimarts i divendres de 17.00 a 20.00 hores.<\/p>\n\n\n\n<p>Amb esta iniciativa, Torrent se suma a la difusi\u00f3 del patrimoni hist\u00f2ric i militar espanyol, oferint a la ciutadania una oportunitat \u00fanica per a con\u00e9ixer de primera m\u00e0 objectes, documents i testimonis que formen part de la mem\u00f2ria col\u00b7lectiva del pa\u00eds.<\/p>\n\n\n\n<figure class=\"wp-block-image size-large\"><img fetchpriority=\"high\" decoding=\"async\" width=\"819\" height=\"1024\" src=\"https:\/\/infotorrent.es\/wp-content\/uploads\/2025\/09\/Cartel-Exposicion-Militar-819x1024.jpeg\" alt=\"\" class=\"wp-image-86171\" srcset=\"https:\/\/infotorrent.es\/wp-content\/uploads\/2025\/09\/Cartel-Exposicion-Militar-819x1024.jpeg 819w, https:\/\/infotorrent.es\/wp-content\/uploads\/2025\/09\/Cartel-Exposicion-Militar-240x300.jpeg 240w, https:\/\/infotorrent.es\/wp-content\/uploads\/2025\/09\/Cartel-Exposicion-Militar-768x960.jpeg 768w, https:\/\/infotorrent.es\/wp-content\/uploads\/2025\/09\/Cartel-Exposicion-Militar.jpeg 1080w\" sizes=\"(max-width: 819px) 100vw, 819px\" \/><\/figure>\n","protected":false},"excerpt":{"rendered":"<p>Del 2 al 22 d\u2019octubre, la Sala C\u00edvica acollir\u00e0 la mostra itinerant \u201cEl Servei Militar a Espanya: 230 anys d\u2019hist\u00f2ria\u201d, organitzada pel Ministeri de Defensa i la Subdelegaci\u00f3 de Defensa a Val\u00e8ncia, amb la col\u00b7laboraci\u00f3 de l\u2019Ajuntament de Torrent El pr\u00f2xim 2 d\u2019octubre obrir\u00e0 les seues portes en la Sala C\u00edvica de l\u2019Antic Mercat de [&hellip;]<\/p>\n","protected":false},"author":21,"featured_media":86171,"comment_status":"open","ping_status":"open","sticky":false,"template":"","format":"standard","meta":{"_acf_changed":false,"footnotes":""},"categories":[141,126],"tags":[],"class_list":["post-86174","post","type-post","status-publish","format-standard","has-post-thumbnail","hentry","category-alcaldia-2","category-cultura-es-2"],"acf":[],"_links":{"self":[{"href":"https:\/\/infotorrent.es\/ca\/wp-json\/wp\/v2\/posts\/86174","targetHints":{"allow":["GET"]}}],"collection":[{"href":"https:\/\/infotorrent.es\/ca\/wp-json\/wp\/v2\/posts"}],"about":[{"href":"https:\/\/infotorrent.es\/ca\/wp-json\/wp\/v2\/types\/post"}],"author":[{"embeddable":true,"href":"https:\/\/infotorrent.es\/ca\/wp-json\/wp\/v2\/users\/21"}],"replies":[{"embeddable":true,"href":"https:\/\/infotorrent.es\/ca\/wp-json\/wp\/v2\/comments?post=86174"}],"version-history":[{"count":1,"href":"https:\/\/infotorrent.es\/ca\/wp-json\/wp\/v2\/posts\/86174\/revisions"}],"predecessor-version":[{"id":86176,"href":"https:\/\/infotorrent.es\/ca\/wp-json\/wp\/v2\/posts\/86174\/revisions\/86176"}],"wp:featuredmedia":[{"embeddable":true,"href":"https:\/\/infotorrent.es\/ca\/wp-json\/wp\/v2\/media\/86171"}],"wp:attachment":[{"href":"https:\/\/infotorrent.es\/ca\/wp-json\/wp\/v2\/media?parent=86174"}],"wp:term":[{"taxonomy":"category","embeddable":true,"href":"https:\/\/infotorrent.es\/ca\/wp-json\/wp\/v2\/categories?post=86174"},{"taxonomy":"post_tag","embeddable":true,"href":"https:\/\/infotorrent.es\/ca\/wp-json\/wp\/v2\/tags?post=86174"}],"curies":[{"name":"wp","href":"https:\/\/api.w.org\/{rel}","templated":true}]}}