{"id":8617,"date":"2017-05-15T06:40:26","date_gmt":"2017-05-15T06:40:26","guid":{"rendered":"https:\/\/infotorrent.es\/uncategorized\/els-ciclistes-es-preparen-per-a-correr-en-la-rompecadenas\/"},"modified":"2017-05-15T06:40:26","modified_gmt":"2017-05-15T06:40:26","slug":"els-ciclistes-es-preparen-per-a-correr-en-la-rompecadenas","status":"publish","type":"post","link":"https:\/\/infotorrent.es\/ca\/noticies\/els-ciclistes-es-preparen-per-a-correr-en-la-rompecadenas\/","title":{"rendered":"Els ciclistes es preparen per a c\u00f3rrer en La Rompecadenas"},"content":{"rendered":"<p style=\"text-align: center;\"><strong>Els ciclistes es preparen per a c\u00f3rrer en La Rompecadenas<\/strong><\/p>\n<p style=\"text-align: center;\"><strong>Les activitats preparades per a celebrar la festivitat de la Mare de D\u00e9u dels Desemparats omplin el cap de setmana<\/strong><\/p>\n<p style=\"text-align: justify;\">Este cap de setmana, La Rompecadenas es convertix en la protagonista indiscutible de totes les activitats. El mat\u00ed de dissabte s\u2019iniciar\u00e0 esta cita esportiva, organitzada pel club ciclista municipal, que consta de dos recorreguts de 185 quil\u00f2metres i 3.200 metres de desnivell i de 98 quil\u00f2metres i 1.600 metres de desnivell respectivament. L\u2019eixida dels dos recorreguts tindr\u00e0 lloc a les 07.30 hores des del carrer dels Moliners.<\/p>\n<p style=\"text-align: justify;\">Les activitats religioses tamb\u00e9 estaran presents amb la celebraci\u00f3 de la festivitat de la Mare de D\u00e9u dels Desemparats. Dissabte a les 21.30 h tindr\u00e0 lloc el trasllat de la Mare de D\u00e9u des de la parr\u00f2quia de la Sagrada Fam\u00edlia fins a la de l&#8217;Assumpci\u00f3. Diumenge a les 11.00 h, els clavaris de la Mare de D\u00e9u dels Desemparats organitzaran una missa, i a les 19.30 h comen\u00e7ar\u00e0 la process\u00f3 des de la parr\u00f2quia de l&#8217;Assumpci\u00f3 pel recorregut habitual.<\/p>\n<p style=\"text-align: justify;\">El Centre Ambiental del Vedat ha preparat una programaci\u00f3 molt variada i plena d\u2019activitats. Dissabte i diumenge a partir de les 11.00 h, els m\u00e9s menuts gaudiran d\u2019un taller on coneixeran animals com ara la serp, la tar\u00e0ntula i molts m\u00e9s. A m\u00e9s, tamb\u00e9 dissabte, Laia Am\u00e0rita, la il\u00b7lustradora del llibre Cosas que nadie sabe, presentar\u00e0 el seu llibre a trav\u00e9s d\u2019un contacontes. Un acte dirigit a tots els p\u00fablics i del qual es faran dos sessions: a les 12.00 h i a les 13.00 h. Tamb\u00e9 es podr\u00e0 gaudir del taller \u201cEl caf\u00e9\u201d, on s\u2019estudiar\u00e0 la producci\u00f3 del caf\u00e9 i les seues varietats.<\/p>\n<p style=\"text-align: justify;\">Una altra activitat infantil \u00e9s \u201cEl m\u00f3n dels f\u00f2ssils\u201d, que tindr\u00e0 lloc diumenge a partir de les 11.00 h a l\u2019Hort de Tr\u00e9nor. Un taller on es resoldran els dubte que puguen tindre els xiquets, com, per exemple, com \u00e9s possible que una cosa que ara sembla una roca estiguera viva fa milions d\u2019anys.<\/p>\n<p style=\"text-align: justify;\">L&#8217;Associaci\u00f3 Cultural Castella-la Manxa celebra este cap de setmana el 26\u00e9 aniversari de l\u2019associaci\u00f3 amb un dinar a les 14.30 h. Per \u00faltim, la pla\u00e7a de la Uni\u00f3 Musical acull la IV Trobada d\u2019Escoles d\u2019Emprenedors Sostenibles.<\/p>\n","protected":false},"excerpt":{"rendered":"<p>Els ciclistes es preparen per a c\u00f3rrer en La Rompecadenas Les activitats preparades per a celebrar la festivitat de la Mare de D\u00e9u dels Desemparats omplin el cap de setmana Este cap de setmana, La Rompecadenas es convertix en la protagonista indiscutible de totes les activitats. El mat\u00ed de dissabte s\u2019iniciar\u00e0 esta cita esportiva, organitzada [&hellip;]<\/p>\n","protected":false},"author":4,"featured_media":1137,"comment_status":"open","ping_status":"open","sticky":false,"template":"","format":"standard","meta":{"_acf_changed":false,"footnotes":""},"categories":[127,116],"tags":[],"class_list":["post-8617","post","type-post","status-publish","format-standard","has-post-thumbnail","hentry","category-noticias-2","category-noticies"],"acf":[],"_links":{"self":[{"href":"https:\/\/infotorrent.es\/ca\/wp-json\/wp\/v2\/posts\/8617","targetHints":{"allow":["GET"]}}],"collection":[{"href":"https:\/\/infotorrent.es\/ca\/wp-json\/wp\/v2\/posts"}],"about":[{"href":"https:\/\/infotorrent.es\/ca\/wp-json\/wp\/v2\/types\/post"}],"author":[{"embeddable":true,"href":"https:\/\/infotorrent.es\/ca\/wp-json\/wp\/v2\/users\/4"}],"replies":[{"embeddable":true,"href":"https:\/\/infotorrent.es\/ca\/wp-json\/wp\/v2\/comments?post=8617"}],"version-history":[{"count":0,"href":"https:\/\/infotorrent.es\/ca\/wp-json\/wp\/v2\/posts\/8617\/revisions"}],"wp:featuredmedia":[{"embeddable":true,"href":"https:\/\/infotorrent.es\/ca\/wp-json\/wp\/v2\/media\/1137"}],"wp:attachment":[{"href":"https:\/\/infotorrent.es\/ca\/wp-json\/wp\/v2\/media?parent=8617"}],"wp:term":[{"taxonomy":"category","embeddable":true,"href":"https:\/\/infotorrent.es\/ca\/wp-json\/wp\/v2\/categories?post=8617"},{"taxonomy":"post_tag","embeddable":true,"href":"https:\/\/infotorrent.es\/ca\/wp-json\/wp\/v2\/tags?post=8617"}],"curies":[{"name":"wp","href":"https:\/\/api.w.org\/{rel}","templated":true}]}}