{"id":86118,"date":"2025-09-23T11:29:29","date_gmt":"2025-09-23T09:29:29","guid":{"rendered":"https:\/\/infotorrent.es\/?p=86118"},"modified":"2025-09-23T11:35:10","modified_gmt":"2025-09-23T09:35:10","slug":"tres-documentals-dirigits-per-dones-protagonitzen-la-nova-edicio-del-cicle-de-cinema-independent-a-lauditori-de-torrent","status":"publish","type":"post","link":"https:\/\/infotorrent.es\/ca\/cultura-es-2\/tres-documentals-dirigits-per-dones-protagonitzen-la-nova-edicio-del-cicle-de-cinema-independent-a-lauditori-de-torrent\/","title":{"rendered":"Tres documentals dirigits per dones protagonitzen la nova edici\u00f3 del cicle de cinema independent a l\u2019Auditori de Torrent"},"content":{"rendered":"\n<p><strong>Del 26 al 28 de setembre, l\u2019Auditori reuneix tres cineastes que exploren la realitat a trav\u00e9s del g\u00e8nere documental<\/strong><\/p>\n\n\n\n<p>L\u2019Auditori de Torrent inicia temporada amb el seu Cicle de Cinema Independent, centrat enguany en el documental dirigit per dones. Aix\u00ed, sota el t\u00edtol Documental social amb mirada femenina, podrem gaudir dels treballs i la pres\u00e8ncia de Claudia Pinto (Mentres sigues tu), Laura Garc\u00eda Andreu (Diumenge, diumenge) i Amparo Climent (Les cartes perdudes). Les tres directores participaran en la presentaci\u00f3 i el col\u00b7loqui posterior de cadascun dels documentals, juntament amb Jorge Castillejo (investigador i escriptor cinematogr\u00e0fic, i membre de l\u2019Acad\u00e8mia de Cinema).<\/p>\n\n\n\n<p>Obri el cicle Claudia Pinto, directora i guionista d\u2019origen vene\u00e7ol\u00e0 establida a Val\u00e8ncia. Va debutar en el cinema en 2014 amb La dist\u00e0ncia m\u00e9s llarga, rodada a Vene\u00e7uela amb l\u2019actriu Carme El\u00edas, i estrenada al Festival Internacional de Cinema de Mont-real. Va obtindre, entre altres guardons, el Premi Platino 2015 a la Millor \u00f2pera prima de ficci\u00f3 iberoamericana. En 2019 va rodar el seu segon llargmetratge, Les conseq\u00fc\u00e8ncies, amb la seua productora Sin Rodeo Films, protagonitzat per Juana Acosta i Carme El\u00edas, i presentat en 2021 al Festival de M\u00e0laga amb doble premi: Millor pel\u00b7l\u00edcula per al jurat de la Cr\u00edtica i premi a l\u2019actriu debutant Mar\u00eda Romanillos. Des de 2006 compagina el treball en cinema amb la direcci\u00f3 de cap\u00edtols en s\u00e8ries per a Canal Nou (Negocis de fam\u00edlia, Les moreres i L\u2019Alqueria Blanca) i Atresmedia (Beguinas). Dirigeix el seu primer llargmetratge documental en 2023, Mentres sigues tu, sobre el viatge vital de cinc anys per la malaltia de l\u2019Alzheimer de la seua amiga i actriu Carme El\u00edas. Estrenada al Festival de Sant Sebasti\u00e0, va guanyar el Premi Goya 2024 a la Millor Pel\u00b7l\u00edcula Documental.<\/p>\n\n\n\n<p>Laura Garc\u00eda Andreu, directora i guionista nascuda a Albal, compta amb m\u00e9s de deu anys d\u2019experi\u00e8ncia en el sector audiovisual. Va ser codirectora i coguionista del documental [m]otherhood, coprodu\u00eft per SUICAfilms i \u00c0 Punt M\u00e8dia, guardonat amb el premi al Millor Curtmetratge Documental en els II Premis de l\u2019Audiovisual Valenci\u00e0 (2019) i amb el premi al Millor Gui\u00f3 en el Festival Internacional La Cabina (2018). Diumenge Diumenge \u00e9s el primer llargmetratge de la directora, i ens endinsa en el m\u00f3n d\u2019un xicotet llaurador valenci\u00e0 que crea una nova patent de taronja per a intentar imposar-se al negoci de les grans multinacionals, encara que el seu pla secret no eixir\u00e0 com s\u2019esperava. Va guanyar el premi al millor projecte documental en el Festival Internacional de Cinema de Sant Sebasti\u00e0 2021 i ha estat nominada al Premi Goya 2025 a Millor Pel\u00b7l\u00edcula Documental.<\/p>\n\n\n\n<p>Tanca el cicle Amparo Climent, actriu, guionista i directora valenciana procedent d\u2019una fam\u00edlia de grans artistes. Llicenciada en Belles Arts per la Universitat Complutense de Madrid, ha realitzat diverses exposicions individuals i col\u00b7lectives a Europa i Am\u00e8rica. Com a actriu desenvolupa una intensa activitat en teatre, cinema i televisi\u00f3. \u00c9s autora de nombrosos curtmetratges, guionista i directora del llargmetratge documental Les ll\u00e0grimes d\u2019\u00c0frica i codirectora de Els somnis d\u2019Idomeni. Aquests llargmetratges han estat seleccionats i premiats en festivals nacionals i internacionals. En 2021 dirigeix el treball documental Les cartes perdudes, un recorregut emocional basat en cartes reals interpretades per grans actrius, arxius in\u00e8dits i testimonis de les dones represaliades pel r\u00e8gim franquista, que va aprofitar la seua vict\u00f2ria per a castigar-les de manera cruel, aplicant els mecanismes m\u00e9s extrems de viol\u00e8ncia i humiliaci\u00f3, en un intent de cosificar-les i deshumanitzar-les, patint una doble persecuci\u00f3: la ideol\u00f2gica i la de g\u00e8nere.<\/p>\n\n\n\n<p>Les projeccions tindran lloc del 26 al 28 de setembre a les 19 h. Les invitacions estan disponibles a <a href=\"http:\/\/www.auditoritorrent.com\" target=\"_blank\" rel=\"noopener\">www.auditoritorrent.com<\/a> i en les taquilles de l\u2019Auditori (dijous de 17 a 20 h, divendres d\u201911 a 13 h i des de dues hores abans de l\u2019inici de cada espectacle).<\/p>\n\n\n\n<figure class=\"wp-block-image size-full\"><img fetchpriority=\"high\" decoding=\"async\" width=\"800\" height=\"433\" src=\"https:\/\/infotorrent.es\/wp-content\/uploads\/2025\/09\/mientras_seas_tu_1.jpg\" alt=\"\" class=\"wp-image-86113\" srcset=\"https:\/\/infotorrent.es\/wp-content\/uploads\/2025\/09\/mientras_seas_tu_1.jpg 800w, https:\/\/infotorrent.es\/wp-content\/uploads\/2025\/09\/mientras_seas_tu_1-300x162.jpg 300w, https:\/\/infotorrent.es\/wp-content\/uploads\/2025\/09\/mientras_seas_tu_1-768x416.jpg 768w\" sizes=\"(max-width: 800px) 100vw, 800px\" \/><\/figure>\n\n\n\n<figure class=\"wp-block-gallery has-nested-images columns-default is-cropped wp-block-gallery-1 is-layout-flex wp-block-gallery-is-layout-flex\">\n<figure class=\"wp-block-image size-large\"><img decoding=\"async\" width=\"1024\" height=\"576\" data-id=\"86115\" src=\"https:\/\/infotorrent.es\/wp-content\/uploads\/2025\/09\/cartas_perdidas_2-1024x576.jpg\" alt=\"\" class=\"wp-image-86115\" srcset=\"https:\/\/infotorrent.es\/wp-content\/uploads\/2025\/09\/cartas_perdidas_2-1024x576.jpg 1024w, https:\/\/infotorrent.es\/wp-content\/uploads\/2025\/09\/cartas_perdidas_2-300x169.jpg 300w, https:\/\/infotorrent.es\/wp-content\/uploads\/2025\/09\/cartas_perdidas_2-768x432.jpg 768w, https:\/\/infotorrent.es\/wp-content\/uploads\/2025\/09\/cartas_perdidas_2.jpg 1200w\" sizes=\"(max-width: 1024px) 100vw, 1024px\" \/><\/figure>\n\n\n\n<figure class=\"wp-block-image size-large\"><img decoding=\"async\" width=\"360\" height=\"203\" data-id=\"86111\" src=\"https:\/\/infotorrent.es\/wp-content\/uploads\/2025\/09\/domingo_domingo_2.jpg\" alt=\"\" class=\"wp-image-86111\" srcset=\"https:\/\/infotorrent.es\/wp-content\/uploads\/2025\/09\/domingo_domingo_2.jpg 360w, https:\/\/infotorrent.es\/wp-content\/uploads\/2025\/09\/domingo_domingo_2-300x169.jpg 300w\" sizes=\"(max-width: 360px) 100vw, 360px\" \/><\/figure>\n<\/figure>\n","protected":false},"excerpt":{"rendered":"<p>Del 26 al 28 de setembre, l\u2019Auditori reuneix tres cineastes que exploren la realitat a trav\u00e9s del g\u00e8nere documental L\u2019Auditori de Torrent inicia temporada amb el seu Cicle de Cinema Independent, centrat enguany en el documental dirigit per dones. Aix\u00ed, sota el t\u00edtol Documental social amb mirada femenina, podrem gaudir dels treballs i la pres\u00e8ncia [&hellip;]<\/p>\n","protected":false},"author":21,"featured_media":86113,"comment_status":"open","ping_status":"open","sticky":false,"template":"","format":"standard","meta":{"_acf_changed":false,"footnotes":""},"categories":[1215,126],"tags":[],"class_list":["post-86118","post","type-post","status-publish","format-standard","has-post-thumbnail","hentry","category-auditori-de-torrent-ca","category-cultura-es-2"],"acf":[],"_links":{"self":[{"href":"https:\/\/infotorrent.es\/ca\/wp-json\/wp\/v2\/posts\/86118","targetHints":{"allow":["GET"]}}],"collection":[{"href":"https:\/\/infotorrent.es\/ca\/wp-json\/wp\/v2\/posts"}],"about":[{"href":"https:\/\/infotorrent.es\/ca\/wp-json\/wp\/v2\/types\/post"}],"author":[{"embeddable":true,"href":"https:\/\/infotorrent.es\/ca\/wp-json\/wp\/v2\/users\/21"}],"replies":[{"embeddable":true,"href":"https:\/\/infotorrent.es\/ca\/wp-json\/wp\/v2\/comments?post=86118"}],"version-history":[{"count":1,"href":"https:\/\/infotorrent.es\/ca\/wp-json\/wp\/v2\/posts\/86118\/revisions"}],"predecessor-version":[{"id":86120,"href":"https:\/\/infotorrent.es\/ca\/wp-json\/wp\/v2\/posts\/86118\/revisions\/86120"}],"wp:featuredmedia":[{"embeddable":true,"href":"https:\/\/infotorrent.es\/ca\/wp-json\/wp\/v2\/media\/86113"}],"wp:attachment":[{"href":"https:\/\/infotorrent.es\/ca\/wp-json\/wp\/v2\/media?parent=86118"}],"wp:term":[{"taxonomy":"category","embeddable":true,"href":"https:\/\/infotorrent.es\/ca\/wp-json\/wp\/v2\/categories?post=86118"},{"taxonomy":"post_tag","embeddable":true,"href":"https:\/\/infotorrent.es\/ca\/wp-json\/wp\/v2\/tags?post=86118"}],"curies":[{"name":"wp","href":"https:\/\/api.w.org\/{rel}","templated":true}]}}