{"id":8606,"date":"2017-05-11T11:33:31","date_gmt":"2017-05-11T11:33:31","guid":{"rendered":"https:\/\/infotorrent.es\/uncategorized\/el-ple-aprova-nomenar-el-pare-gerardo-fill-adoptiu-de-torrent\/"},"modified":"2017-05-11T11:33:31","modified_gmt":"2017-05-11T11:33:31","slug":"el-ple-aprova-nomenar-el-pare-gerardo-fill-adoptiu-de-torrent","status":"publish","type":"post","link":"https:\/\/infotorrent.es\/ca\/noticies\/el-ple-aprova-nomenar-el-pare-gerardo-fill-adoptiu-de-torrent\/","title":{"rendered":"El Ple aprova nomenar el pare Gerardo, fill adoptiu de Torrent"},"content":{"rendered":"<p style=\"text-align: center;\"><strong>Un reconeixement als seus m\u00e9s de 50 anys de dedicaci\u00f3 a les persones potenciant la societat civil per a millorar l\u2019evoluci\u00f3 de la comunitat humana<\/strong><\/p>\n<p style=\"text-align: center;\"><strong>\u00a0<\/strong><\/p>\n<p style=\"text-align: center;\"><strong>El pare Gerardo ha sigut l&#8217;impulsor de la cohesi\u00f3 del barri de Sant Gregori i de la fundaci\u00f3 Llars de Sant Mart\u00ed de Porres i Santa Rosa de Lima\u00a0<\/strong><\/p>\n<p style=\"text-align: justify;\">La vesprada de dijous, el Ple de la corporaci\u00f3 va aprovar per unanimitat nomenar el pare Gerardo S\u00e1nchez Mielgo fill adoptiu de Torrent. Una proposta de l\u2019equip de govern a la qual es van sumar tots els grups pol\u00edtics del consistori i que suposa un reconeixement no solament a la seua traject\u00f2ria professional en la localitat durant m\u00e9s de 50 anys, sin\u00f3 tamb\u00e9 a la labor social que ha exercit.<\/p>\n<p style=\"text-align: justify;\">A punt de complir 80 anys, el pare Gerardo ha dedicat la seua vida a treballar incansablement per les persones. Sempre s\u2019ha implicat en diferents projectes per tal de motivar la societat a col\u2022laborar en iniciatives solid\u00e0ries i contribuir a la bona imatge i el bon nom de Torrent. Frare de l&#8217;orde dels Predicadors, ha sigut l&#8217;impulsor en el municipi de la iniciativa Llars de Sant Mart\u00ed de Porres i Santa Rosa de Lima, on ha ajudat centenars de persones a la seua reinserci\u00f3 en la societat a trav\u00e9s d\u2019esta fundaci\u00f3 civil que va rebre el \u00a0Premi Carta de Poblament l\u2019any 2013.<\/p>\n<p style=\"text-align: justify;\">La seua relaci\u00f3 amb la ciutat de Torrent comen\u00e7a just fa 30 anys en el Convent del Vedat i en el barri de Sant Gregori, on, des d\u2019eixe moment, col\u00b7labora cada diumenge oferint missa en la capella. A m\u00e9s, va ser l&#8217;impulsor de la falla del barri, a trav\u00e9s de la qual va aconseguir que els ve\u00efns i ve\u00efnes de la zona crearen un nou espai amb un alt sentiment d\u2019uni\u00f3 i participaci\u00f3 i, gr\u00e0cies a ell, deixara de ser un barri apartat per a ser una zona integrada activament en la vida de la ciutat.<\/p>\n<p style=\"text-align: justify;\">La societat torrentina i el conjunt de la comunitat religiosa de la localitat reconeixen el pare Gerardo com un gran predicador, un reconegut acad\u00e8mic en l\u2019\u00e0mbit teol\u00f2gic i en la formaci\u00f3 dels religiosos; un dinamitzador social que ha portat nombrosos grups de j\u00f3vens, matrimonis, voluntariat; un pilar fonamental per a l&#8217;orde dels dominics i una persona humil. Una persona compromesa amb la gent m\u00e9s necessitada i on la solidaritat ha destacat al llarg de la seua carrera professional i social.<\/p>\n<p style=\"text-align: justify;\">A m\u00e9s, la moci\u00f3 presentada pel Ple remarca, en particular, les aportacions que el pare Gerardo ha realitzat a favor de la ciutat de Torrent. Accions com ara formar, orientar i motivar moltes persones en la seua vida, promoure i mantindre viva la cooperaci\u00f3 en el barri de Sant Gregori, ocupar-se de les persones sense llar i prestigiar el nom de Torrent all\u00ed on la seua paraula ha arribat. La seua obra social es basa en el fet que la caritat \u00e9s m\u00e9s efectiva si s&#8217;exercix motivant l\u2019actuaci\u00f3 i l\u2019energia de les persones organitzades en grup i fomentant el treball en equip, la cooperaci\u00f3 ciutadana i la interacci\u00f3 per a realitzar iniciatives de participaci\u00f3 social. En suma, el pare Gerardo ha potenciant la societat civil per a millorar l\u2019evoluci\u00f3 de la comunitat humana de Torrent.<\/p>\n<p style=\"text-align: justify;\">Un reconeixement com a fill adoptiu de Torrent per part del Ple que pret\u00e9n identificar i distingir els membres que destaquen per les seues qualitats i aportacions al be com\u00fa. Una empremta en els registres i una oportunitat per a dignificar la nostra ciutat gr\u00e0cies a les accions que el pare Gerardo ha dut a terme a fi d\u2019enriquir el patrimoni hum\u00e0 i social de Torrent.<\/p>\n<p style=\"text-align: justify;\"><strong>Pare Gerardo S\u00e1nchez Mielgo<\/strong><\/p>\n<p style=\"text-align: justify;\">Gerardo S\u00e1nchez Mielgo va n\u00e0ixer el 6 de maig de 1937 a San Feliz de \u00d3rbigo, un poble de l&#8217;erm lleon\u00e9s. Pertany a una fam\u00edlia humil i creient, treballadora del camp. Als onze anys va ingressar en el seminari on va estudiar Llat\u00ed i Humanitats i, posteriorment, Filosofia, i va ser ordenat sacerdot en 1961. Va continuar els estudis de teologia a Roma, on s\u2019especialitz\u00e0 en Ci\u00e8ncies B\u00edbliques i obtingu\u00e9 el t\u00edtol de batxiller en Sagrada Escriptura. Seguidament, va estar dos anys a Jerusalem on es llicenci\u00e0 en Sagrada Escriptura. De tornada a Roma, va obtindre el t\u00edtol de doctor en Teologia i va ser destinat al convent de l&#8217;orde dels dominics en el Vedat de Torrent, moment en qu\u00e8 comen\u00e7a la seua hist\u00f2ria en la nostra ciutat.<\/p>\n","protected":false},"excerpt":{"rendered":"<p>Un reconeixement als seus m\u00e9s de 50 anys de dedicaci\u00f3 a les persones potenciant la societat civil per a millorar l\u2019evoluci\u00f3 de la comunitat humana \u00a0 El pare Gerardo ha sigut l&#8217;impulsor de la cohesi\u00f3 del barri de Sant Gregori i de la fundaci\u00f3 Llars de Sant Mart\u00ed de Porres i Santa Rosa de Lima\u00a0 [&hellip;]<\/p>\n","protected":false},"author":13,"featured_media":1137,"comment_status":"open","ping_status":"open","sticky":false,"template":"","format":"standard","meta":{"_acf_changed":false,"footnotes":""},"categories":[126,116],"tags":[],"class_list":["post-8606","post","type-post","status-publish","format-standard","has-post-thumbnail","hentry","category-cultura-es-2","category-noticies"],"acf":[],"_links":{"self":[{"href":"https:\/\/infotorrent.es\/ca\/wp-json\/wp\/v2\/posts\/8606","targetHints":{"allow":["GET"]}}],"collection":[{"href":"https:\/\/infotorrent.es\/ca\/wp-json\/wp\/v2\/posts"}],"about":[{"href":"https:\/\/infotorrent.es\/ca\/wp-json\/wp\/v2\/types\/post"}],"author":[{"embeddable":true,"href":"https:\/\/infotorrent.es\/ca\/wp-json\/wp\/v2\/users\/13"}],"replies":[{"embeddable":true,"href":"https:\/\/infotorrent.es\/ca\/wp-json\/wp\/v2\/comments?post=8606"}],"version-history":[{"count":0,"href":"https:\/\/infotorrent.es\/ca\/wp-json\/wp\/v2\/posts\/8606\/revisions"}],"wp:featuredmedia":[{"embeddable":true,"href":"https:\/\/infotorrent.es\/ca\/wp-json\/wp\/v2\/media\/1137"}],"wp:attachment":[{"href":"https:\/\/infotorrent.es\/ca\/wp-json\/wp\/v2\/media?parent=8606"}],"wp:term":[{"taxonomy":"category","embeddable":true,"href":"https:\/\/infotorrent.es\/ca\/wp-json\/wp\/v2\/categories?post=8606"},{"taxonomy":"post_tag","embeddable":true,"href":"https:\/\/infotorrent.es\/ca\/wp-json\/wp\/v2\/tags?post=8606"}],"curies":[{"name":"wp","href":"https:\/\/api.w.org\/{rel}","templated":true}]}}