{"id":8602,"date":"2017-05-11T11:12:03","date_gmt":"2017-05-11T11:12:03","guid":{"rendered":"https:\/\/infotorrent.es\/uncategorized\/este-cap-de-setmana-tots-a-correr-en-la-carrera-popular-contra-la-droga\/"},"modified":"2017-05-11T11:12:03","modified_gmt":"2017-05-11T11:12:03","slug":"este-cap-de-setmana-tots-a-correr-en-la-carrera-popular-contra-la-droga","status":"publish","type":"post","link":"https:\/\/infotorrent.es\/ca\/noticies\/este-cap-de-setmana-tots-a-correr-en-la-carrera-popular-contra-la-droga\/","title":{"rendered":"Este cap de setmana tots a c\u00f3rrer en la Carrera Popular contra la Droga"},"content":{"rendered":"<p style=\"text-align: center;\"><strong>El Centre Ambiental del Vedat acull la Fira del Vi i el concert de Pool Jazz<\/strong><\/p>\n<p style=\"text-align: justify;\">Este cap de setmana la programaci\u00f3 est\u00e0 plena d\u2019activitats divertides, amenes i per a tots els gustos. La solidaritat i l\u2019esportivitat v\u00e9nen de la m\u00e0 amb la Carrera Popular contra la Droga &#8211; Memorial Benito Pozo i la Carrera Familiar per a la Prevenci\u00f3 contra la Drogodepend\u00e8nca i la Integraci\u00f3 Social de Discapacitats, organitzada per ARTIC en col\u2022laboraci\u00f3 amb la Fundaci\u00f3 Esportiva Municipal (FDM). Els corredors estan convocats dissabte a partir de les 18.00 h, i la carrera consistir\u00e0 en un circuit urb\u00e0 en qu\u00e8 hi podran participar, fins i tot, equips formats per fam\u00edlies.<\/p>\n<p style=\"text-align: justify;\">El Centre Ambiental del Vedat acull la Fira del Vi. A les 11.00 h hi haur\u00e0 una presentaci\u00f3 dels cellers i les vinyes participants. Des de les 11.30 h fins a les 12.30 h, la banda Pool Jazz ens delectar\u00e0 amb un concert que barrejar\u00e0 estils molt diversos, com ara swing, funk, hip-hop i llat\u00ed. Els m\u00e9s menuts tamb\u00e9 podran divertir-se amb un espectacle de m\u00e0gia a c\u00e0rrec d&#8217;\u00c1lvaro de Lasa, des de les 12.30 h fins a les 13.15 h.<\/p>\n<p style=\"text-align: justify;\">La m\u00fasica tindr\u00e0 un gran protagonisme la vesprada de dissabte. D\u2019una banda, les actuacions de rondalles i orquestra, a les 16.30 h, en la sala d\u2019actes de l&#8217;Ajuntament. D\u2019altra, una vetllada musical de grups rock, a les 19.30 h en la pla\u00e7a de Sant Jaume.<\/p>\n<p style=\"text-align: justify;\">L\u2019Auditori acull un espectacle d\u2019humor amb els monologuistes Pablo de los Reyes, Pablo Carrascosa i Oscar Tramoyeres. Valencia Comedy naix amb l\u2019objectiu de reunir els millors monologuistes de la Comunitat Valenciana. La majoria d\u2019ells ja fa diversos anys que divertixen el p\u00fablic torrent\u00ed amb els seus mon\u00f2legs, acudits i ocurr\u00e8ncies. Dissabte a les 20.00 h. A m\u00e9s, diumenge a les 18.00 h tindr\u00e0 lloc la VII FIDAM gala ben\u00e8fica a favor d\u2019ADISTO.<\/p>\n<p style=\"text-align: justify;\">Diumenge, l\u2019Hort de Tr\u00e9nor ha preparat un taller molt especial per motiu del Dia de la Mare. Els xiquets confeccionaran un regal molt bonic fet de clavells de paper de seda de diferents colors.<\/p>\n<p style=\"text-align: justify;\">Les activitats religioses estaran presents este cap de setmana amb la celebraci\u00f3 de la nit d\u2019albades en honor a la Mare de D\u00e9u dels Desemparats, dissabte a les 24.00 h. I diumenge a les 11.00 h tindr\u00e0 lloc una missa de campanya en el centre Mare de D\u00e9u de l\u2019Olivar. A la mateixa hora en la parr\u00f2quia de l&#8217;Assumpci\u00f3, es celebrar\u00e0 una missa en honor a la Mare de D\u00e9u del Rosari. I a les 20.00 h, la process\u00f3 organitzada pels clavaris de la Mare de D\u00e9u del Rosari.<\/p>\n<p style=\"text-align: justify;\">I per tancar la programaci\u00f3, es celebra el VIII Trofeu Ciutat de Torrent Ball Esportiu. La m\u00fasica, l\u2019art i les notes musicals estaran presents en este espectacle que tindr\u00e0 lloc al Pavell\u00f3 El Vedat des de les 11.00 h fins les 20.00 h.<\/p>\n","protected":false},"excerpt":{"rendered":"<p>El Centre Ambiental del Vedat acull la Fira del Vi i el concert de Pool Jazz Este cap de setmana la programaci\u00f3 est\u00e0 plena d\u2019activitats divertides, amenes i per a tots els gustos. La solidaritat i l\u2019esportivitat v\u00e9nen de la m\u00e0 amb la Carrera Popular contra la Droga &#8211; Memorial Benito Pozo i la Carrera [&hellip;]<\/p>\n","protected":false},"author":13,"featured_media":1137,"comment_status":"open","ping_status":"open","sticky":false,"template":"","format":"standard","meta":{"_acf_changed":false,"footnotes":""},"categories":[126,116],"tags":[],"class_list":["post-8602","post","type-post","status-publish","format-standard","has-post-thumbnail","hentry","category-cultura-es-2","category-noticies"],"acf":[],"_links":{"self":[{"href":"https:\/\/infotorrent.es\/ca\/wp-json\/wp\/v2\/posts\/8602","targetHints":{"allow":["GET"]}}],"collection":[{"href":"https:\/\/infotorrent.es\/ca\/wp-json\/wp\/v2\/posts"}],"about":[{"href":"https:\/\/infotorrent.es\/ca\/wp-json\/wp\/v2\/types\/post"}],"author":[{"embeddable":true,"href":"https:\/\/infotorrent.es\/ca\/wp-json\/wp\/v2\/users\/13"}],"replies":[{"embeddable":true,"href":"https:\/\/infotorrent.es\/ca\/wp-json\/wp\/v2\/comments?post=8602"}],"version-history":[{"count":0,"href":"https:\/\/infotorrent.es\/ca\/wp-json\/wp\/v2\/posts\/8602\/revisions"}],"wp:featuredmedia":[{"embeddable":true,"href":"https:\/\/infotorrent.es\/ca\/wp-json\/wp\/v2\/media\/1137"}],"wp:attachment":[{"href":"https:\/\/infotorrent.es\/ca\/wp-json\/wp\/v2\/media?parent=8602"}],"wp:term":[{"taxonomy":"category","embeddable":true,"href":"https:\/\/infotorrent.es\/ca\/wp-json\/wp\/v2\/categories?post=8602"},{"taxonomy":"post_tag","embeddable":true,"href":"https:\/\/infotorrent.es\/ca\/wp-json\/wp\/v2\/tags?post=8602"}],"curies":[{"name":"wp","href":"https:\/\/api.w.org\/{rel}","templated":true}]}}