{"id":8598,"date":"2017-05-11T09:37:45","date_gmt":"2017-05-11T09:37:45","guid":{"rendered":"https:\/\/infotorrent.es\/uncategorized\/la-federacio-dassociacions-ciutadanes-de-torrent-premia-el-treball-i-la-solidaritat-en-els-premis-ciutada-2017\/"},"modified":"2017-05-11T09:37:45","modified_gmt":"2017-05-11T09:37:45","slug":"la-federacio-dassociacions-ciutadanes-de-torrent-premia-el-treball-i-la-solidaritat-en-els-premis-ciutada-2017","status":"publish","type":"post","link":"https:\/\/infotorrent.es\/ca\/noticies\/la-federacio-dassociacions-ciutadanes-de-torrent-premia-el-treball-i-la-solidaritat-en-els-premis-ciutada-2017\/","title":{"rendered":"La Federaci\u00f3 d&#8217;Associacions Ciutadanes de Torrent premia el treball i la solidaritat en els Premis Ciutad\u00e0 2017"},"content":{"rendered":"<p style=\"text-align: center;\"><strong>El torrent\u00ed Vicente Laencina Ram\u00edrez i Casa Bressol Santa Isabel s\u00f3n els premiats en esta edici\u00f3<\/strong><\/p>\n<p style=\"text-align: justify;\">La Federaci\u00f3 d&#8217;Associacions Ciutadanes celebr\u00e0 el lliurament dels Premis Ciutad\u00e0 2017 el passat 29 d\u2019abril. Estos guardons premien cada any diferents persones o associacions que treballen de manera altruista i col\u00b7laboren en la promoci\u00f3 dels valors de solidaritat, igualtat i participaci\u00f3 ciutadana. Enguany, el premiat local ha sigut Vicente Laencina Ram\u00edrez, per la seua labor desinteressada dins del m\u00f3n associatiu. Vicente Laencina, ve\u00ed de la nostra ciutat, ha col\u00b7laborat activament amb diferents associacions ciutadanes, com ara l&#8217;AVV Nicol\u00e1s Andreu i la FAC (Federaci\u00f3 d&#8217;Associacions Ciutadanes), de la qual ha sigut president, a m\u00e9s de col\u00b7laborar amb altres activitats socials i esportives. L\u2019alcalde, Jes\u00fas Ros, que va estar present en l\u2019acte, va dirigir unes paraules a Vicente, a qui va descriure com \u201cun home treballador que ha oferit hores i hores als altres, mostrant tot el seu afecte als ve\u00efns i ve\u00efnes de la ciutat i buscant solucions sempre que ha sorgit un problema\u201d.<\/p>\n<p style=\"text-align: justify;\">Casa Bressol Santa Isabel de Val\u00e8ncia sigu\u00e9 la guardonada amb el Premi Ciutad\u00e0 en la categoria nacional. Este centre de car\u00e0cter ben\u00e8fic i sense \u00e0nim de lucre opera en la ciutat de Val\u00e8ncia des de l\u2019any 1935 gr\u00e0cies al treball que fan les religioses serves de la Passi\u00f3. Este centre \u00e9s una resid\u00e8ncia per a mares i xiquets menors de dos anys amb dificultats econ\u00f2miques i que no tenen suport social. Actualment tenen una resid\u00e8ncia amb capacitat per a 22 mares i els seus fills, a m\u00e9s d\u2019un centre de dia per a adolescents embarassades i d\u2019una nidoteca que ajuda a compaginar l\u2019educaci\u00f3 dels xiquets amb la formaci\u00f3 sociolaboral de les mares.<\/p>\n<p style=\"text-align: justify;\">L\u2019acte tingu\u00e9 lloc a la sala d\u2019actes de l\u2019Ajuntament de Torrent i va estar amenitzat pel grup de percussi\u00f3 de la Uni\u00f3 Musical de Torrent. A l\u2019entrada, s\u2019arreplegaren aliments no peribles en benefici del Punt d&#8217;Aliments de Torrent.<\/p>\n","protected":false},"excerpt":{"rendered":"<p>El torrent\u00ed Vicente Laencina Ram\u00edrez i Casa Bressol Santa Isabel s\u00f3n els premiats en esta edici\u00f3 La Federaci\u00f3 d&#8217;Associacions Ciutadanes celebr\u00e0 el lliurament dels Premis Ciutad\u00e0 2017 el passat 29 d\u2019abril. Estos guardons premien cada any diferents persones o associacions que treballen de manera altruista i col\u00b7laboren en la promoci\u00f3 dels valors de solidaritat, igualtat [&hellip;]<\/p>\n","protected":false},"author":13,"featured_media":1137,"comment_status":"open","ping_status":"open","sticky":false,"template":"","format":"standard","meta":{"_acf_changed":false,"footnotes":""},"categories":[126,116],"tags":[],"class_list":["post-8598","post","type-post","status-publish","format-standard","has-post-thumbnail","hentry","category-cultura-es-2","category-noticies"],"acf":[],"_links":{"self":[{"href":"https:\/\/infotorrent.es\/ca\/wp-json\/wp\/v2\/posts\/8598","targetHints":{"allow":["GET"]}}],"collection":[{"href":"https:\/\/infotorrent.es\/ca\/wp-json\/wp\/v2\/posts"}],"about":[{"href":"https:\/\/infotorrent.es\/ca\/wp-json\/wp\/v2\/types\/post"}],"author":[{"embeddable":true,"href":"https:\/\/infotorrent.es\/ca\/wp-json\/wp\/v2\/users\/13"}],"replies":[{"embeddable":true,"href":"https:\/\/infotorrent.es\/ca\/wp-json\/wp\/v2\/comments?post=8598"}],"version-history":[{"count":0,"href":"https:\/\/infotorrent.es\/ca\/wp-json\/wp\/v2\/posts\/8598\/revisions"}],"wp:featuredmedia":[{"embeddable":true,"href":"https:\/\/infotorrent.es\/ca\/wp-json\/wp\/v2\/media\/1137"}],"wp:attachment":[{"href":"https:\/\/infotorrent.es\/ca\/wp-json\/wp\/v2\/media?parent=8598"}],"wp:term":[{"taxonomy":"category","embeddable":true,"href":"https:\/\/infotorrent.es\/ca\/wp-json\/wp\/v2\/categories?post=8598"},{"taxonomy":"post_tag","embeddable":true,"href":"https:\/\/infotorrent.es\/ca\/wp-json\/wp\/v2\/tags?post=8598"}],"curies":[{"name":"wp","href":"https:\/\/api.w.org\/{rel}","templated":true}]}}