{"id":8594,"date":"2017-05-11T09:11:55","date_gmt":"2017-05-11T09:11:55","guid":{"rendered":"https:\/\/infotorrent.es\/uncategorized\/torrent-intensifica-i-millora-els-tractaments-contra-la-processionaria\/"},"modified":"2017-05-11T09:11:55","modified_gmt":"2017-05-11T09:11:55","slug":"torrent-intensifica-i-millora-els-tractaments-contra-la-processionaria","status":"publish","type":"post","link":"https:\/\/infotorrent.es\/ca\/noticies\/torrent-intensifica-i-millora-els-tractaments-contra-la-processionaria\/","title":{"rendered":"Torrent intensifica i millora els tractaments contra la procession\u00e0ria"},"content":{"rendered":"<p style=\"text-align: center;\"><strong>\u00a0En 2016 s\u2019han tractat un total de 1.535 pins, quasi el doble que l\u2019any anterior<\/strong><\/p>\n<p style=\"text-align: center;\"><strong>S\u2019ha millorat el sistema d\u2019aplicaci\u00f3 de tractaments preventius, que oferixen millors resultats i s\u00f3n beneficiosos per a la salut de les esp\u00e8cies tractades<\/strong><\/p>\n<p style=\"text-align: center;\">\n<p style=\"text-align: justify;\">Durant la passada tardor es va iniciar, des de la Delegaci\u00f3 de Medi Ambient, la campanya d\u2019actuaci\u00f3 per a previndre l\u2019aparici\u00f3 de la procession\u00e0ria del pi en jardins, col\u00b7legis i altres instal\u00b7lacions p\u00fabliques. La procession\u00e0ria \u00e9s un insecte que associa el seu cicle natural als pins i pinades i forma, en el seu estat d\u2019eruga, nius o bosses en els pins. A la fi de l&#8217;hivern ja ha aconseguit la grand\u00e0ria adequada i cau a terra per a soterrar-se.<\/p>\n<p>La millor manera d\u2019evitar l\u2019aparici\u00f3 de les bosses i, posteriorment, de les erugues, consistix en la realitzaci\u00f3 de tractaments preventius. En esta \u00faltima campanya 2016-2017, el Servei de Jardineria Municipal en ha intensificat i millorat el sistema d\u2019aplicaci\u00f3 dels tractaments preventius respecte als anys anteriors, i aposta per tecnologia autom\u00e0tica en lloc de la manual que s\u2019ha estat fent servir durant els \u00faltims anys. La nova maquin\u00e0ria oferix millors resultats i utilitza una s\u00e8rie de productes que milloren la salut de les esp\u00e8cies tractades.<\/p>\n<p style=\"text-align: justify;\">Els resultats obtinguts s\u00f3n importants, ja que en 2016 s\u2019han tractat 1.535 pins, quasi el doble que en 2015, que es van tractar 780 pins. S\u2019ha abastat zones que fins ara mai s\u2019havien tractat i s\u2019ha intensificat el tractament en moltes altres zones, de manera que s\u2019aconseguix evitar o disminuir l\u2019aparici\u00f3 de bosses i, amb aix\u00f2, el perill que els cucs comporten per a les persones i els animals.<\/p>\n<p style=\"text-align: justify;\">Com ha assenyalat la regidora, Inma Amat: \u201ccal continuar treballant en este sentit i evitar tindre en els nostres carrers, parcs i zones p\u00fabliques en general esta plaga. En un any, hem aconseguit arribar a quasi el doble de punts que el que s\u2019ha aconseguit en anys anteriors, i s\u2019ha redu\u00eft el nombre d\u2019incid\u00e8ncies rebudes fins hui a la meitat. Encara queden determinades zones sense tractar, que de cara a la pr\u00f2xima tardor seran les priorit\u00e0ries. Amb estos resultats, el cost de la inversi\u00f3 realitzada en millor maquin\u00e0ria i tractaments es veu recompensat, ja que ha de ser una prioritat apostar per la seguretat de persones i animals en les nostres zones p\u00fabliques a pesar del cost que a\u00e7\u00f2 puga suposar\u201d.<\/p>\n<p style=\"text-align: justify;\">A causa que hi ha nombroses propietats privades que tenen pins que en molts casos recauen, en part, sobre la via p\u00fablica, des del 2015, la nova direcci\u00f3 oferix des de Nous Espais el tractament d\u2019endoter\u00e0pia contra la procession\u00e0ria per a les parcel\u00b7les privades a preus p\u00fablics. \u201cOferint este servei tamb\u00e9 s\u2019ha aconseguit que molts particulars que fins ara no havien tractat els seus pins ho feren i, amb a\u00e7\u00f2, s\u2019ha aconseguit evitar l\u2019aparici\u00f3 d\u2019erugues en m\u00e9s d\u2019un centenar de pins particulars\u201d, assenyala la regidora Inma Amat.<\/p>\n<p style=\"text-align: justify;\">En la seua aposta per la lluita contra les plagues, durant este mes d\u2019abril, el Voluntariat Ambiental Torrent Verd de l&#8217;Ajuntament de Torrent retirar\u00e0 els paranys contra el Tomicus, plaga molt comuna en els boscos de pins que van instal\u00b7lar al mes d\u2019octubre per a la campanya 2017, que els voluntaris ja havien substitu\u00eft al febrer. Tamb\u00e9 s\u2019arreplegaran els paranys instal\u00b7lats en el bosc del Vedat, i des de la Delegaci\u00f3 de Medi Ambient els paranys de la Serra Perenxisa, fins a la pr\u00f2xima campanya 2018.<\/p>\n","protected":false},"excerpt":{"rendered":"<p>\u00a0En 2016 s\u2019han tractat un total de 1.535 pins, quasi el doble que l\u2019any anterior S\u2019ha millorat el sistema d\u2019aplicaci\u00f3 de tractaments preventius, que oferixen millors resultats i s\u00f3n beneficiosos per a la salut de les esp\u00e8cies tractades Durant la passada tardor es va iniciar, des de la Delegaci\u00f3 de Medi Ambient, la campanya d\u2019actuaci\u00f3 [&hellip;]<\/p>\n","protected":false},"author":13,"featured_media":1137,"comment_status":"open","ping_status":"open","sticky":false,"template":"","format":"standard","meta":{"_acf_changed":false,"footnotes":""},"categories":[119,116],"tags":[],"class_list":["post-8594","post","type-post","status-publish","format-standard","has-post-thumbnail","hentry","category-medi-ambient","category-noticies"],"acf":[],"_links":{"self":[{"href":"https:\/\/infotorrent.es\/ca\/wp-json\/wp\/v2\/posts\/8594","targetHints":{"allow":["GET"]}}],"collection":[{"href":"https:\/\/infotorrent.es\/ca\/wp-json\/wp\/v2\/posts"}],"about":[{"href":"https:\/\/infotorrent.es\/ca\/wp-json\/wp\/v2\/types\/post"}],"author":[{"embeddable":true,"href":"https:\/\/infotorrent.es\/ca\/wp-json\/wp\/v2\/users\/13"}],"replies":[{"embeddable":true,"href":"https:\/\/infotorrent.es\/ca\/wp-json\/wp\/v2\/comments?post=8594"}],"version-history":[{"count":0,"href":"https:\/\/infotorrent.es\/ca\/wp-json\/wp\/v2\/posts\/8594\/revisions"}],"wp:featuredmedia":[{"embeddable":true,"href":"https:\/\/infotorrent.es\/ca\/wp-json\/wp\/v2\/media\/1137"}],"wp:attachment":[{"href":"https:\/\/infotorrent.es\/ca\/wp-json\/wp\/v2\/media?parent=8594"}],"wp:term":[{"taxonomy":"category","embeddable":true,"href":"https:\/\/infotorrent.es\/ca\/wp-json\/wp\/v2\/categories?post=8594"},{"taxonomy":"post_tag","embeddable":true,"href":"https:\/\/infotorrent.es\/ca\/wp-json\/wp\/v2\/tags?post=8594"}],"curies":[{"name":"wp","href":"https:\/\/api.w.org\/{rel}","templated":true}]}}