{"id":8582,"date":"2017-05-11T06:54:53","date_gmt":"2017-05-11T06:54:53","guid":{"rendered":"https:\/\/infotorrent.es\/uncategorized\/torrent-capital-mundial-del-modelisme-amt\/"},"modified":"2017-05-11T06:54:53","modified_gmt":"2017-05-11T06:54:53","slug":"torrent-capital-mundial-del-modelisme-amt","status":"publish","type":"post","link":"https:\/\/infotorrent.es\/ca\/noticies\/torrent-capital-mundial-del-modelisme-amt\/","title":{"rendered":"Torrent capital mundial del Modelisme AMT"},"content":{"rendered":"<p style=\"text-align: center;\"><strong>Els dies 21, 22 i 23 d\u2019abril, l\u2019Auditori de Torrent ser\u00e0 l\u2019escenari d\u2019una exposici\u00f3 representativa del modelisme est\u00e0tic nacional i internacional <\/strong><\/p>\n<p style=\"text-align: justify;\">Este cap de setmana, l\u2019Auditori de Torrent acull el XXIII Concurs i la Fira de Modelisme AMT. Una cita anual que t\u00e9 lloc durant els dies 21, 22 i 23 d\u2019abril i on el p\u00fablic, entre els quals hi ha professionals i experts en la mat\u00e8ria, podr\u00e0 gaudir de diversos estands representatius del modelisme est\u00e0tic nacional i internacional. Es tracta d\u2019uns treballs \u00fanics realitzats a m\u00e0 per l&#8217;Associaci\u00f3 \u00a0Modelista de Torrent (AMT), que exposar\u00e0 un gran repertori de maquetes d\u2019avions, vaixells i una infinitat de reproduccions hist\u00f2riques.<\/p>\n<p style=\"text-align: justify;\">En esta edici\u00f3 de la fira s\u2019ha creat un concurs especial: Legends of \u00a0Rallies \u2013European vs Japenese Cars, que tindr\u00e0 un premi per a vehicles civils, dirigit a cotxes que durant diverses d\u00e8cades han sigut llegendes en el m\u00f3n de les competicions de ral\u00b7lis.<\/p>\n<p style=\"text-align: justify;\">Una altra de les novetats d\u2019enguany \u00e9s que hi participar\u00e0 l\u2019empresa Pegaso Models com a convidada d\u2019honor, la qual exposar\u00e0 un gran nombre de peces, i una altra novetat \u00e9s una demostraci\u00f3 de pintura a c\u00e0rrec de Pietro Balloni. A m\u00e9s, es far\u00e0 la presentaci\u00f3 del llibre F.A.Q Dioramas de Rub\u00e9n Gonz\u00e1lez.<\/p>\n<p style=\"text-align: justify;\">L\u2019horari per a visitar l\u2019exposici\u00f3 \u00e9s dissabte de 17.00 a 20.30 hores i diumenge de 10.00 a 14.30 hores. La fira s\u2019iniciar hui a les 17.00 hores fins a les 21.00 hores. Dissabte de 10.00 a 20.30 hores i diumenge de 10.00 a 14.30 hores.<\/p>\n","protected":false},"excerpt":{"rendered":"<p>Els dies 21, 22 i 23 d\u2019abril, l\u2019Auditori de Torrent ser\u00e0 l\u2019escenari d\u2019una exposici\u00f3 representativa del modelisme est\u00e0tic nacional i internacional Este cap de setmana, l\u2019Auditori de Torrent acull el XXIII Concurs i la Fira de Modelisme AMT. Una cita anual que t\u00e9 lloc durant els dies 21, 22 i 23 d\u2019abril i on el [&hellip;]<\/p>\n","protected":false},"author":13,"featured_media":1137,"comment_status":"open","ping_status":"open","sticky":false,"template":"","format":"standard","meta":{"_acf_changed":false,"footnotes":""},"categories":[126,116],"tags":[],"class_list":["post-8582","post","type-post","status-publish","format-standard","has-post-thumbnail","hentry","category-cultura-es-2","category-noticies"],"acf":[],"_links":{"self":[{"href":"https:\/\/infotorrent.es\/ca\/wp-json\/wp\/v2\/posts\/8582","targetHints":{"allow":["GET"]}}],"collection":[{"href":"https:\/\/infotorrent.es\/ca\/wp-json\/wp\/v2\/posts"}],"about":[{"href":"https:\/\/infotorrent.es\/ca\/wp-json\/wp\/v2\/types\/post"}],"author":[{"embeddable":true,"href":"https:\/\/infotorrent.es\/ca\/wp-json\/wp\/v2\/users\/13"}],"replies":[{"embeddable":true,"href":"https:\/\/infotorrent.es\/ca\/wp-json\/wp\/v2\/comments?post=8582"}],"version-history":[{"count":0,"href":"https:\/\/infotorrent.es\/ca\/wp-json\/wp\/v2\/posts\/8582\/revisions"}],"wp:featuredmedia":[{"embeddable":true,"href":"https:\/\/infotorrent.es\/ca\/wp-json\/wp\/v2\/media\/1137"}],"wp:attachment":[{"href":"https:\/\/infotorrent.es\/ca\/wp-json\/wp\/v2\/media?parent=8582"}],"wp:term":[{"taxonomy":"category","embeddable":true,"href":"https:\/\/infotorrent.es\/ca\/wp-json\/wp\/v2\/categories?post=8582"},{"taxonomy":"post_tag","embeddable":true,"href":"https:\/\/infotorrent.es\/ca\/wp-json\/wp\/v2\/tags?post=8582"}],"curies":[{"name":"wp","href":"https:\/\/api.w.org\/{rel}","templated":true}]}}