{"id":8577,"date":"2017-04-12T07:03:31","date_gmt":"2017-04-12T07:03:31","guid":{"rendered":"https:\/\/infotorrent.es\/uncategorized\/torrent-ha-solicitado-al-consell-la-reparacion-de-las-infraestructuras-publicas-danadas-por-las-pasadas-lluvias\/"},"modified":"2017-04-12T07:03:31","modified_gmt":"2017-04-12T07:03:31","slug":"torrent-ha-solicitado-al-consell-la-reparacion-de-las-infraestructuras-publicas-danadas-por-las-pasadas-lluvias","status":"publish","type":"post","link":"https:\/\/infotorrent.es\/ca\/noticies\/torrent-ha-solicitado-al-consell-la-reparacion-de-las-infraestructuras-publicas-danadas-por-las-pasadas-lluvias\/","title":{"rendered":"Torrent ha sol\u00b7licitat al Consell la reparaci\u00f3 de les infraestructures p\u00fabliques danyades per les passades pluges"},"content":{"rendered":"<p style=\"text-align: center;\"><strong>El Consell acord\u00e0 iniciar actuacions per a rehabilitar els danys produ\u00efts en la Comunitat Valenciana<\/strong><\/p>\n<div style=\"text-align: center;\"><strong>Les mesures sol\u00b7licitades s\u00f3n la reparaci\u00f3 de camins rurals i dels danys patits en la urbanitzaci\u00f3 del vial i del vessant del barranc en el carrer de<\/strong><\/div>\n<div style=\"text-align: center;\"><strong>l\u2019Hort de Soriano, entre d\u2019altres reformes\u00a0<\/strong><\/div>\n<div><\/div>\n<div style=\"text-align: justify;\">Els passats mesos de novembre i desembre de 2016, la Comunitat Valenciana va patir una s\u00e8rie de fen\u00f2mens tempestuosos d\u2019intensitat inusitada, amb registres acumulats que fins i tot van superar de sobra els 100 litres per metre quadrat en 24 hores en moltes localitats. Estes pluges van produir nombrosos danys a b\u00e9ns de titularitat p\u00fablica i a les xarxes de camins locals, agr\u00edcoles i forestals. Davant esta situaci\u00f3, el Consell acord\u00e0 iniciar les actuacions per a pal\u00b7liar els danys produ\u00efts i deman\u00e0 que els municipis afectats presentaren les seues estimacions de danys, de les infraestructures i b\u00e9ns p\u00fablics, com a conseq\u00fc\u00e8ncia de les pluges.<\/p>\n<p>L\u2019Ajuntament de Torrent, segons el que es disposa en l\u2019acord i en les bases publicades, sol\u00b7licita diverses ajudes per a la reparaci\u00f3 de diferents infraestructures p\u00fabliques, com ara la reparaci\u00f3 de camins rurals, la reparaci\u00f3 dels danys patits en la urbanitzaci\u00f3 del vial i del vessant del barranc en el carrer de l\u2019 Hort de Soriano, aix\u00ed com arrossegaments i clots importants produ\u00efts en la Senda del Reg Mil\u00b7lenari i altres danys en passarel\u00b7les i en tanques al llarg de la sendera.<\/p><\/div>\n<div style=\"text-align: justify;\">L\u2019escorriment de les pluges torrencials tamb\u00e9 van produir el deteriorament de la pavimentaci\u00f3 blana de determinades \u00e0rees enjardinades, la qual cosa ha donat lloc a la desestabilitzaci\u00f3 del paviment, la formaci\u00f3 de regalls i l\u2019alteraci\u00f3 de la rasant; per la qual cosa una part de les ajudes sol\u00b7licitades aniran destinades a reparar estos danys.<\/div>\n<div style=\"text-align: justify;\"><\/div>\n<div style=\"text-align: justify;\">La regidora de Medi Ambient, Inma Amat, ha destacat la import\u00e0ncia d\u2019estes reformes, i ha afegit que \u201cuna altra de les infraestructures que va patir forts danys \u00e9s el sobreeixidor del col\u00b7lector sud, en l\u2019acc\u00e9s de l\u2019EDAR de Torrent. Les pluges torrencials van produir el trencament del mur de sobreeiximent, per la qual cosa es produeixen episodis de vessament amb pluges molt menors a les de disseny i es precisen necess\u00e0ries obres de reparaci\u00f3 del sobreeixidor i l\u2019adequaci\u00f3 de l\u2019entorn per a evitar majors danys\u201d.<\/div>\n<div style=\"text-align: justify;\"><\/div>\n<div style=\"text-align: justify;\">Les sol\u00b7licituds realitzades pels municipis seran avaluades per part d\u2019una comissi\u00f3 t\u00e8cnica, presidida pel director general de l&#8217;Ag\u00e8ncia de Seguretat i Resposta a les Emerg\u00e8ncies, a qui li correspondr\u00e0 efectuar una estimaci\u00f3 pressupost\u00e0ria amb c\u00e0rrec al Fons de Conting\u00e8ncia per a l\u2019exercici 2017, la qual se sotmetr\u00e0 a l\u2019aprovaci\u00f3 per part del Consell.<\/div>\n","protected":false},"excerpt":{"rendered":"<p>El Consell acord\u00e0 iniciar actuacions per a rehabilitar els danys produ\u00efts en la Comunitat Valenciana Les mesures sol\u00b7licitades s\u00f3n la reparaci\u00f3 de camins rurals i dels danys patits en la urbanitzaci\u00f3 del vial i del vessant del barranc en el carrer de l\u2019Hort de Soriano, entre d\u2019altres reformes\u00a0 Els passats mesos de novembre i desembre [&hellip;]<\/p>\n","protected":false},"author":4,"featured_media":1137,"comment_status":"open","ping_status":"open","sticky":false,"template":"","format":"standard","meta":{"_acf_changed":false,"footnotes":""},"categories":[119,116],"tags":[],"class_list":["post-8577","post","type-post","status-publish","format-standard","has-post-thumbnail","hentry","category-medi-ambient","category-noticies"],"acf":[],"_links":{"self":[{"href":"https:\/\/infotorrent.es\/ca\/wp-json\/wp\/v2\/posts\/8577","targetHints":{"allow":["GET"]}}],"collection":[{"href":"https:\/\/infotorrent.es\/ca\/wp-json\/wp\/v2\/posts"}],"about":[{"href":"https:\/\/infotorrent.es\/ca\/wp-json\/wp\/v2\/types\/post"}],"author":[{"embeddable":true,"href":"https:\/\/infotorrent.es\/ca\/wp-json\/wp\/v2\/users\/4"}],"replies":[{"embeddable":true,"href":"https:\/\/infotorrent.es\/ca\/wp-json\/wp\/v2\/comments?post=8577"}],"version-history":[{"count":0,"href":"https:\/\/infotorrent.es\/ca\/wp-json\/wp\/v2\/posts\/8577\/revisions"}],"wp:featuredmedia":[{"embeddable":true,"href":"https:\/\/infotorrent.es\/ca\/wp-json\/wp\/v2\/media\/1137"}],"wp:attachment":[{"href":"https:\/\/infotorrent.es\/ca\/wp-json\/wp\/v2\/media?parent=8577"}],"wp:term":[{"taxonomy":"category","embeddable":true,"href":"https:\/\/infotorrent.es\/ca\/wp-json\/wp\/v2\/categories?post=8577"},{"taxonomy":"post_tag","embeddable":true,"href":"https:\/\/infotorrent.es\/ca\/wp-json\/wp\/v2\/tags?post=8577"}],"curies":[{"name":"wp","href":"https:\/\/api.w.org\/{rel}","templated":true}]}}