{"id":85765,"date":"2025-09-12T13:41:53","date_gmt":"2025-09-12T11:41:53","guid":{"rendered":"https:\/\/infotorrent.es\/?p=85765"},"modified":"2025-09-12T13:48:49","modified_gmt":"2025-09-12T11:48:49","slug":"torrent-reobrira-el-mercat-sant-gregori-el-dimarts-16-de-setembre","status":"publish","type":"post","link":"https:\/\/infotorrent.es\/ca\/comercio-mercados-y-empleo-ca\/torrent-reobrira-el-mercat-sant-gregori-el-dimarts-16-de-setembre\/","title":{"rendered":"Torrent reobrir\u00e0 el Mercat Sant Gregori el dimarts 16 de setembre"},"content":{"rendered":"\n<p><strong>Les obres, iniciades este estiu, culminen la modernitzaci\u00f3 del recinte en el seu 70 aniversari que ho projecta cap al futur sense perdre la seua ess\u00e8ncia de comer\u00e7 de proximitat<\/strong><\/p>\n\n\n\n<p><strong>Torrent, 12 de setembre de 2025.-<\/strong>&nbsp;Torrent reobrir\u00e0 les portes del Mercat Sant Gregori dimarts que ve 16 de setembre despr\u00e9s de l&#8217;intens proc\u00e9s de remodelaci\u00f3 escom\u00e9s durant els mesos d&#8217;estiu. Amb esta actuaci\u00f3, que es preveu finalitze definitivament a la fi de setembre, l&#8217;hist\u00f2ric mercat afronta una nova etapa en el seu 70 aniversari, oferint a comerciants i clients unes instal\u00b7lacions modernes, accessibles i adaptades a les necessitats actuals, sense perdre l&#8217;ess\u00e8ncia de proximitat i tradici\u00f3 que ho ha caracteritzat des de 1955.<\/p>\n\n\n\n<p>En la recta final de les obres, la regidora de Comer\u00e7, Mercats i Ocupaci\u00f3, Sandra Fas, al costat de la gerent de l&#8217;empresa municipal IDEA\u2019T, Isabel S\u00e1nchez, han visitat l&#8217;estat avan\u00e7at dels treballs, comprovant de primera m\u00e0 el resultat de les intervencions que s&#8217;han dut a terme en els \u00faltims mesos. Fas ha destacat que el nou Mercat Sant Gregori&nbsp;<strong>\u201crespon a una demanda hist\u00f2rica dels comerciants i clients, oferint un espai m\u00e9s atractiu i funcional, per\u00f2 sense renunciar al tracte pr\u00f2xim i a la qualitat de sempre\u201d.<\/strong><\/p>\n\n\n\n<p><strong>Una reforma amb segell de modernitat<\/strong><\/p>\n\n\n\n<p>El Mercat Sant Gregori va romandre obert durant tot el mes de juliol, garantint el servici als clients mentres s&#8217;executaven les primeres fases de l&#8217;obra. Posteriorment, a l&#8217;agost, el recinte va tancar les seues portes per a escometre les actuacions m\u00e9s importants.<\/p>\n\n\n\n<p>La remodelaci\u00f3 abasta m\u00e9s de 330 m\u00b2 de superf\u00edcie comercial, amb actuacions que estan suposant una renovaci\u00f3 completa dels elements m\u00e9s deteriorats i una millora substancial de les condicions de confort, accessibilitat i seguretat. Entre les principals intervencions destaquen:<\/p>\n\n\n\n<p>\u2022&nbsp;&nbsp;&nbsp;&nbsp;&nbsp;&nbsp;&nbsp;&nbsp;Paviment totalment renovat, amb s\u00f2l resistent i antilliscant, pensat per a garantir la seguretat de clients i venedors.<\/p>\n\n\n\n<p>\u2022&nbsp;&nbsp;&nbsp;&nbsp;&nbsp;&nbsp;&nbsp;&nbsp;Instal\u00b7laci\u00f3 de falsos sostres, que milloren el confort t\u00e8rmic i ac\u00fastic i redu\u00efxen el consum energ\u00e8tic.<\/p>\n\n\n\n<p>\u2022&nbsp;&nbsp;&nbsp;&nbsp;&nbsp;&nbsp;&nbsp;&nbsp;Substituci\u00f3 de fusteries met\u00e0l\u00b7liques deteriorades per a millorar l&#8217;a\u00efllament i la durabilitat de l&#8217;edifici.<\/p>\n\n\n\n<p>\u2022&nbsp;&nbsp;&nbsp;&nbsp;&nbsp;&nbsp;&nbsp;&nbsp;Reparaci\u00f3 de canalons i baixants, fonamentals per a l&#8217;evacuaci\u00f3 d&#8217;aig\u00fces pluvials.<\/p>\n\n\n\n<p>\u2022&nbsp;&nbsp;&nbsp;&nbsp;&nbsp;&nbsp;&nbsp;&nbsp;Pintura i sanejament de parets, columnes i elements estructurals, retornant al mercat un aspecte actual i llumin\u00f3s.<\/p>\n\n\n\n<p>\u2022&nbsp;&nbsp;&nbsp;&nbsp;&nbsp;&nbsp;&nbsp;&nbsp;Millora d&#8217;accessos pel carrer Pintor Renau, incloent-hi rampes adaptades per a persones amb mobilitat redu\u00efda.<\/p>\n\n\n\n<p>\u2022&nbsp;&nbsp;&nbsp;&nbsp;&nbsp;&nbsp;&nbsp;&nbsp;Renovaci\u00f3 de les instal\u00b7lacions el\u00e8ctriques i il\u00b7luminaci\u00f3 LED, que aporten major lluminositat, estalvi energ\u00e8tic i sostenibilitat.<\/p>\n\n\n\n<p>\u2022&nbsp;&nbsp;&nbsp;&nbsp;&nbsp;&nbsp;&nbsp;&nbsp;Creaci\u00f3 d&#8217;un Coffee Corner, una zona de degustaci\u00f3 de productes t\u00edpics al costat de l&#8217;espai cultural, que oferir\u00e0 als visitants un lloc per a socialitzar i gaudir del mercat m\u00e9s enll\u00e0 de les compres.<\/p>\n\n\n\n<p><strong>Un motor social, cultural i econ\u00f2mic per a Torrent<\/strong><\/p>\n\n\n\n<p>La regidora Sandra Fas va subratllar que&nbsp;<strong>\u201cesta reobertura suposa un abans i un despr\u00e9s per al Mercat Sant Gregori, que ha sigut sempre un referent en la vida di\u00e0ria de Torrent. Amb estes obres hem aconseguit que el mercat estiga a l&#8217;altura del que ve\u00efns i comerciants mereixen: un espai modern, segur i ple de vida\u201d.<\/strong><\/p>\n\n\n\n<p>La reobertura coincidix amb el 70 aniversari del Mercat Sant Gregori, un espai que des de 1955 ha sigut sin\u00f2nim de qualitat, tracte pr\u00f2xim i tradici\u00f3. Ara, amb esta transformaci\u00f3, l&#8217;Ajuntament reafirma el seu comprom\u00eds amb el comer\u00e7 de proximitat, clau en l&#8217;economia local i en la vertebraci\u00f3 social del municipi.<\/p>\n\n\n\n<p><strong>Un barri m\u00e9s viu que mai<\/strong><\/p>\n\n\n\n<p>L&#8217;Eixample, barri on se situa el mercat, refor\u00e7a aix\u00ed el seu paper com a enclavament de refer\u00e8ncia per a ve\u00efns i visitants. L\u2019Espai Sant Gregori, inaugurat al desembre de 2023, ja s&#8217;ha consolidat com a centre cultural del barri amb exposicions, tallers i activitats per a majors. Ara, la modernitzaci\u00f3 completa del Mercat Sant Gregori integrar\u00e0 cultura, comer\u00e7 i conviv\u00e8ncia en un mateix espai, ampliant l&#8217;oferta de servicis i generant noves oportunitats per a comerciants i ciutadans.<\/p>\n\n\n\n<p><strong>\u201cEl mercat no sols \u00e9s un espai de compra, tamb\u00e9 \u00e9s un punt de trobada ve\u00efnal i un s\u00edmbol de la identitat del barri de l&#8217;Eixample. Amb esta remodelaci\u00f3 ho projectem cap al futur, assegurant el seu dinamisme i atractiu per a les pr\u00f2ximes generacions\u201d<\/strong>, ha afirmat Fas.<\/p>\n\n\n\n<p>Amb la reobertura del pr\u00f2xim dimarts 16 de setembre i finalitzaci\u00f3 de les obres, Torrent recuperar\u00e0 no sols un mercat renovat, sin\u00f3 tamb\u00e9 un s\u00edmbol de la seua identitat col\u00b7lectiva, que continuar\u00e0 escrivint noves p\u00e0gines d&#8217;hist\u00f2ria en el cor de l&#8217;Eixample.<\/p>\n\n\n\n<figure class=\"wp-block-image size-large\"><img fetchpriority=\"high\" decoding=\"async\" width=\"1024\" height=\"682\" src=\"https:\/\/infotorrent.es\/wp-content\/uploads\/2025\/09\/3-7-1024x682.jpg\" alt=\"\" class=\"wp-image-85756\" srcset=\"https:\/\/infotorrent.es\/wp-content\/uploads\/2025\/09\/3-7-1024x682.jpg 1024w, https:\/\/infotorrent.es\/wp-content\/uploads\/2025\/09\/3-7-300x200.jpg 300w, https:\/\/infotorrent.es\/wp-content\/uploads\/2025\/09\/3-7-768x512.jpg 768w, https:\/\/infotorrent.es\/wp-content\/uploads\/2025\/09\/3-7-1536x1023.jpg 1536w, https:\/\/infotorrent.es\/wp-content\/uploads\/2025\/09\/3-7.jpg 1600w\" sizes=\"(max-width: 1024px) 100vw, 1024px\" \/><\/figure>\n\n\n\n<figure class=\"wp-block-gallery has-nested-images columns-default is-cropped wp-block-gallery-1 is-layout-flex wp-block-gallery-is-layout-flex\">\n<figure class=\"wp-block-image size-large\"><img decoding=\"async\" width=\"1024\" height=\"682\" data-id=\"85760\" src=\"https:\/\/infotorrent.es\/wp-content\/uploads\/2025\/09\/4-1-1-1024x682.jpg\" alt=\"\" class=\"wp-image-85760\" srcset=\"https:\/\/infotorrent.es\/wp-content\/uploads\/2025\/09\/4-1-1-1024x682.jpg 1024w, https:\/\/infotorrent.es\/wp-content\/uploads\/2025\/09\/4-1-1-300x200.jpg 300w, https:\/\/infotorrent.es\/wp-content\/uploads\/2025\/09\/4-1-1-768x512.jpg 768w, https:\/\/infotorrent.es\/wp-content\/uploads\/2025\/09\/4-1-1-1536x1023.jpg 1536w, https:\/\/infotorrent.es\/wp-content\/uploads\/2025\/09\/4-1-1.jpg 1600w\" sizes=\"(max-width: 1024px) 100vw, 1024px\" \/><\/figure>\n\n\n\n<figure class=\"wp-block-image size-large\"><img decoding=\"async\" width=\"1024\" height=\"682\" data-id=\"85762\" src=\"https:\/\/infotorrent.es\/wp-content\/uploads\/2025\/09\/2-6-1024x682.jpg\" alt=\"\" class=\"wp-image-85762\" srcset=\"https:\/\/infotorrent.es\/wp-content\/uploads\/2025\/09\/2-6-1024x682.jpg 1024w, https:\/\/infotorrent.es\/wp-content\/uploads\/2025\/09\/2-6-300x200.jpg 300w, https:\/\/infotorrent.es\/wp-content\/uploads\/2025\/09\/2-6-768x512.jpg 768w, https:\/\/infotorrent.es\/wp-content\/uploads\/2025\/09\/2-6-1536x1023.jpg 1536w, https:\/\/infotorrent.es\/wp-content\/uploads\/2025\/09\/2-6.jpg 1600w\" sizes=\"(max-width: 1024px) 100vw, 1024px\" \/><\/figure>\n<\/figure>\n\n\n\n<figure class=\"wp-block-image size-large\"><img loading=\"lazy\" decoding=\"async\" width=\"1024\" height=\"682\" src=\"https:\/\/infotorrent.es\/wp-content\/uploads\/2025\/09\/1-4-1024x682.jpg\" alt=\"\" class=\"wp-image-85758\" srcset=\"https:\/\/infotorrent.es\/wp-content\/uploads\/2025\/09\/1-4-1024x682.jpg 1024w, https:\/\/infotorrent.es\/wp-content\/uploads\/2025\/09\/1-4-300x200.jpg 300w, https:\/\/infotorrent.es\/wp-content\/uploads\/2025\/09\/1-4-768x512.jpg 768w, https:\/\/infotorrent.es\/wp-content\/uploads\/2025\/09\/1-4-1536x1023.jpg 1536w, https:\/\/infotorrent.es\/wp-content\/uploads\/2025\/09\/1-4.jpg 1600w\" sizes=\"(max-width: 1024px) 100vw, 1024px\" \/><\/figure>\n","protected":false},"excerpt":{"rendered":"<p>Les obres, iniciades este estiu, culminen la modernitzaci\u00f3 del recinte en el seu 70 aniversari que ho projecta cap al futur sense perdre la seua ess\u00e8ncia de comer\u00e7 de proximitat Torrent, 12 de setembre de 2025.-&nbsp;Torrent reobrir\u00e0 les portes del Mercat Sant Gregori dimarts que ve 16 de setembre despr\u00e9s de l&#8217;intens proc\u00e9s de remodelaci\u00f3 [&hellip;]<\/p>\n","protected":false},"author":21,"featured_media":85756,"comment_status":"open","ping_status":"open","sticky":false,"template":"","format":"standard","meta":{"_acf_changed":false,"footnotes":""},"categories":[1205],"tags":[],"class_list":["post-85765","post","type-post","status-publish","format-standard","has-post-thumbnail","hentry","category-comercio-mercados-y-empleo-ca"],"acf":[],"_links":{"self":[{"href":"https:\/\/infotorrent.es\/ca\/wp-json\/wp\/v2\/posts\/85765","targetHints":{"allow":["GET"]}}],"collection":[{"href":"https:\/\/infotorrent.es\/ca\/wp-json\/wp\/v2\/posts"}],"about":[{"href":"https:\/\/infotorrent.es\/ca\/wp-json\/wp\/v2\/types\/post"}],"author":[{"embeddable":true,"href":"https:\/\/infotorrent.es\/ca\/wp-json\/wp\/v2\/users\/21"}],"replies":[{"embeddable":true,"href":"https:\/\/infotorrent.es\/ca\/wp-json\/wp\/v2\/comments?post=85765"}],"version-history":[{"count":1,"href":"https:\/\/infotorrent.es\/ca\/wp-json\/wp\/v2\/posts\/85765\/revisions"}],"predecessor-version":[{"id":85767,"href":"https:\/\/infotorrent.es\/ca\/wp-json\/wp\/v2\/posts\/85765\/revisions\/85767"}],"wp:featuredmedia":[{"embeddable":true,"href":"https:\/\/infotorrent.es\/ca\/wp-json\/wp\/v2\/media\/85756"}],"wp:attachment":[{"href":"https:\/\/infotorrent.es\/ca\/wp-json\/wp\/v2\/media?parent=85765"}],"wp:term":[{"taxonomy":"category","embeddable":true,"href":"https:\/\/infotorrent.es\/ca\/wp-json\/wp\/v2\/categories?post=85765"},{"taxonomy":"post_tag","embeddable":true,"href":"https:\/\/infotorrent.es\/ca\/wp-json\/wp\/v2\/tags?post=85765"}],"curies":[{"name":"wp","href":"https:\/\/api.w.org\/{rel}","templated":true}]}}