{"id":8568,"date":"2017-04-11T09:07:37","date_gmt":"2017-04-11T09:07:37","guid":{"rendered":"https:\/\/infotorrent.es\/uncategorized\/torrent-comercial-celebra-la-vi-fira-del-comerc\/"},"modified":"2017-04-11T09:07:37","modified_gmt":"2017-04-11T09:07:37","slug":"torrent-comercial-celebra-la-vi-fira-del-comerc","status":"publish","type":"post","link":"https:\/\/infotorrent.es\/ca\/noticies\/torrent-comercial-celebra-la-vi-fira-del-comerc\/","title":{"rendered":"Torrent Comercial celebra la VI Fira del Comer\u00e7"},"content":{"rendered":"<p style=\"text-align: center;\"><strong>Un total de 22 comer\u00e7os de la ciutat han participat en esta trobada comercial en el Centre Comercial Las Am\u00e9ricas <\/strong><\/p>\n<div style=\"text-align: center;\"><strong>M\u00e9s de mig miler de ve\u00efns del municipi han acudit este cap de setmana a esta cita per a promocionar i difondre el comer\u00e7 local <\/strong><\/div>\n<div style=\"text-align: center;\"><\/div>\n<div style=\"text-align: center;\"><strong>Tallers de globofl\u00e8xia, concurs d\u2019ous de Pasqua, exhibicions de ball urbans i pintacares s\u00f3n algunes de les activitats que s\u2019han oferit durant la fira<\/strong><\/div>\n<div><\/div>\n<div style=\"text-align: justify;\">L\u2019associaci\u00f3 Torrent Comercial, en col\u00b7laboraci\u00f3 amb l\u2019Ajuntament de Torrent i l\u2019empresa municipal IDEA\u2019T, ha celebrat este cap de setmana la VI Fira de Torrent Comercial; una trobada on han participat 22 comer\u00e7os del municipi, els quals han exposat els seus productes i serveis durant dissabte i diumenge. El Centre Comercial Las Am\u00e9ricas ha sigut el punt de trobada d\u2019esta cita a la qual no van faltar l\u2019alcalde, Jes\u00fas Ros; el regidor de Gesti\u00f3 de Recursos i Modernitzaci\u00f3, Andr\u00e9s Campos, i la gerent d&#8217;IDEA\u2019T, Mar\u00eda Mu\u00f1oz, acompanyant la presidenta de l\u2019associaci\u00f3, Gracia Acosta, i tots els comerciants.<\/div>\n<div style=\"text-align: justify;\"><\/div>\n<div style=\"text-align: justify;\">Una fira que fomenta, promociona i difon el comer\u00e7 de Torrent en dos jornades plenes d\u2019activitats per a tots els p\u00fablics, com ara tallers de globofl\u00e8xia, pintacares, concurs d\u2019ous de Pasqua i exhibici\u00f3 de ball urb\u00e0 de l\u2019acad\u00e8mia Luis i Ventura, entre altres. La fira tamb\u00e9 va comptar amb la participaci\u00f3 de Peque Radio i amb una ludoteca que ha estat completa durant les jornades de comer\u00e7.<\/div>\n<div style=\"text-align: justify;\"><\/div>\n<div style=\"text-align: justify;\">Una trobada a la qual han acudit m\u00e9s de mig miler de ve\u00efns durant este cap de setmana i que ha sigut un \u00e8xit per als comer\u00e7os que hi han participat. L\u2019associaci\u00f3 Torrent Comercial, creada fa huit anys, organitza al llarg de l\u2019any diferents fires i activitats per a potenciar el comer\u00e7, com ara la passarel\u00b7la de moda o la fira de Nadal entre altres activitats que ajuden a millorar i promoure els 54 comer\u00e7os membres de l\u2019associaci\u00f3.<\/div>\n","protected":false},"excerpt":{"rendered":"<p>Un total de 22 comer\u00e7os de la ciutat han participat en esta trobada comercial en el Centre Comercial Las Am\u00e9ricas M\u00e9s de mig miler de ve\u00efns del municipi han acudit este cap de setmana a esta cita per a promocionar i difondre el comer\u00e7 local Tallers de globofl\u00e8xia, concurs d\u2019ous de Pasqua, exhibicions de ball [&hellip;]<\/p>\n","protected":false},"author":4,"featured_media":1137,"comment_status":"open","ping_status":"open","sticky":false,"template":"","format":"standard","meta":{"_acf_changed":false,"footnotes":""},"categories":[120,116],"tags":[],"class_list":["post-8568","post","type-post","status-publish","format-standard","has-post-thumbnail","hentry","category-economia","category-noticies"],"acf":[],"_links":{"self":[{"href":"https:\/\/infotorrent.es\/ca\/wp-json\/wp\/v2\/posts\/8568","targetHints":{"allow":["GET"]}}],"collection":[{"href":"https:\/\/infotorrent.es\/ca\/wp-json\/wp\/v2\/posts"}],"about":[{"href":"https:\/\/infotorrent.es\/ca\/wp-json\/wp\/v2\/types\/post"}],"author":[{"embeddable":true,"href":"https:\/\/infotorrent.es\/ca\/wp-json\/wp\/v2\/users\/4"}],"replies":[{"embeddable":true,"href":"https:\/\/infotorrent.es\/ca\/wp-json\/wp\/v2\/comments?post=8568"}],"version-history":[{"count":0,"href":"https:\/\/infotorrent.es\/ca\/wp-json\/wp\/v2\/posts\/8568\/revisions"}],"wp:featuredmedia":[{"embeddable":true,"href":"https:\/\/infotorrent.es\/ca\/wp-json\/wp\/v2\/media\/1137"}],"wp:attachment":[{"href":"https:\/\/infotorrent.es\/ca\/wp-json\/wp\/v2\/media?parent=8568"}],"wp:term":[{"taxonomy":"category","embeddable":true,"href":"https:\/\/infotorrent.es\/ca\/wp-json\/wp\/v2\/categories?post=8568"},{"taxonomy":"post_tag","embeddable":true,"href":"https:\/\/infotorrent.es\/ca\/wp-json\/wp\/v2\/tags?post=8568"}],"curies":[{"name":"wp","href":"https:\/\/api.w.org\/{rel}","templated":true}]}}